{"id":3884,"date":"2011-01-20T06:46:43","date_gmt":"2011-01-20T05:46:43","guid":{"rendered":"http:\/\/blog.zeit.de\/zeit-der-leser\/?p=3884"},"modified":"2011-01-19T13:54:51","modified_gmt":"2011-01-19T12:54:51","slug":"eine-kleine-weltreise-2","status":"publish","type":"post","link":"https:\/\/blog.zeit.de\/zeit-der-leser\/2011\/01\/20\/eine-kleine-weltreise-2\/","title":{"rendered":"Eine kleine Weltreise (2)"},"content":{"rendered":"<p><em>Ein Weltreise aus traurigem Anlass unternimmt Sabine Kr\u00f6ner, 55: Im vergangenen Jahr ist ihr Mann in den Freitod gegangen, jetzt will sie durch neue Eindr\u00fccke Abstand gewinnen. Sie wird nach Buenos Aires fliegen und dann per Schiff durch die Su\u0308dsee nach Australien, Indonesien, Malaysia, Birma, Indien, Arabien und durch den Sueskanal bis nach Venedig fahren. Auf dieser Seite wird sie jede Woche berichten. Heute: Wie plant man eine Weltreise?<\/em><\/p>\n<p>Gesagt, getan. Die &#8222;kleine Weltreise&#8220; muss gebucht und organisiert werden. Mit Google komme ich in diesem Fall nicht weiter. Teilstrecken, mal all-inclusive, mal nicht, Landausfl\u00fcge dito. Wende mich also an meine Nachbarin Sandra. Sie arbeitet in einem Reiseb\u00fcro und hat mit ihrem Mann zusammen den Sturz meines Mannes live miterlebt. Sie haben den Aufprall geh\u00f6rt, sind runtergegangen und haben Schlimmes gesehen. Sie verschweigen es mir bis heute. Sandra sagt: &#8222;Fahre, hol dir neue, sch\u00f6ne Eindr\u00fccke!&#8220; Sie hat es mir dann durchgerechnet. Ist der Preis eines Mittelklassewagens, mit dem ich schon gelieb\u00e4ugelt hatte. Weltreise anstatt Giulietta, sage ich mir. Mein Elefantino muss halt noch ein bisschen fahren.<\/p>\n<p>Nun werde ich von Tag zu Tag nerv\u00f6ser \u2013 Reisefieber und die Erkenntnis: Du bist keinem Rechenschaft schuldig. Hart, aber birgt auch die gro\u00dfe Freiheit in sich: Darf endlich machen, was ich will. Keine R\u00fcckversicherung von Mama und Papa, keine Diskrepanzen mit dem Ehemann. Sollte das die &#8222;unendliche Leichtigkeit des Seins&#8220; sein? Mir ist mulmig: Wie kriege ich 30 Kilo in den Flieger? Habe ich hier zu Hause alles korrekt hinterlassen? Was, wenn irgendetwas Unvorhergesehenes passiert? Dann bin ich einfach nicht da. Ist das leichtfertig, ein Risiko? Ich tu\u2019s, ich muss es tun, f\u00fcr mich, denn fu\u0308r Tote kann ich nichts mehr tun, au\u00dfer an sie zu denken. Ich m\u00f6chte diese Reise meinem geliebten Mann widmen, nur f\u00fcr ihn schreibe ich hier.<\/p>\n<p><em>Sabine Kr\u00f6ner, Heidelberg<\/em><\/p>\n","protected":false},"excerpt":{"rendered":"<p>Ein Weltreise aus traurigem Anlass unternimmt Sabine Kr\u00f6ner, 55: Im vergangenen Jahr ist ihr Mann in den Freitod gegangen, jetzt will sie durch neue Eindr\u00fccke Abstand gewinnen. Sie wird nach Buenos Aires fliegen und dann per Schiff durch die Su\u0308dsee nach Australien, Indonesien, Malaysia, Birma, Indien, Arabien und durch den Sueskanal bis nach Venedig fahren. [&hellip;]<\/p>\n","protected":false},"author":264,"featured_media":0,"comment_status":"open","ping_status":"open","sticky":false,"template":"","format":"standard","meta":{"_jetpack_memberships_contains_paid_content":false,"footnotes":""},"categories":[5685],"tags":[],"class_list":["post-3884","post","type-post","status-publish","format-standard","hentry","category-eine-kleine-weltreise"],"yoast_head":"<!-- This site is optimized with the Yoast SEO plugin v21.0 - https:\/\/yoast.com\/wordpress\/plugins\/seo\/ -->\n<title>Eine kleine Weltreise (2) - ZEIT der Leser<\/title>\n<meta name=\"robots\" content=\"index, follow, max-snippet:-1, max-image-preview:large, max-video-preview:-1\" \/>\n<link rel=\"canonical\" href=\"https:\/\/blog.zeit.de\/zeit-der-leser\/2011\/01\/20\/eine-kleine-weltreise-2\/\" \/>\n<meta property=\"og:locale\" content=\"de_DE\" \/>\n<meta property=\"og:type\" content=\"article\" \/>\n<meta property=\"og:title\" content=\"Eine kleine Weltreise (2) - ZEIT der Leser\" \/>\n<meta property=\"og:description\" content=\"Ein Weltreise aus traurigem Anlass unternimmt Sabine Kr\u00f6ner, 55: Im vergangenen Jahr ist ihr Mann in den Freitod gegangen, jetzt will sie durch neue Eindr\u00fccke Abstand gewinnen. Sie wird nach Buenos Aires fliegen und dann per Schiff durch die Su\u0308dsee nach Australien, Indonesien, Malaysia, Birma, Indien, Arabien und durch den Sueskanal bis nach Venedig fahren. [&hellip;]\" \/>\n<meta property=\"og:url\" content=\"https:\/\/blog.zeit.de\/zeit-der-leser\/2011\/01\/20\/eine-kleine-weltreise-2\/\" \/>\n<meta property=\"og:site_name\" content=\"ZEIT der Leser\" \/>\n<meta property=\"article:published_time\" content=\"2011-01-20T05:46:43+00:00\" \/>\n<meta property=\"article:modified_time\" content=\"2011-01-19T12:54:51+00:00\" \/>\n<meta name=\"author\" content=\"Zeit der Leser\" \/>\n<meta name=\"twitter:card\" content=\"summary_large_image\" \/>\n<meta name=\"twitter:label1\" content=\"Geschrieben von\" \/>\n\t<meta name=\"twitter:data1\" content=\"Zeit der Leser\" \/>\n\t<meta name=\"twitter:label2\" content=\"Gesch\u00e4tzte Lesezeit\" \/>\n\t<meta name=\"twitter:data2\" content=\"2\u00a0Minuten\" \/>\n<script type=\"application\/ld+json\" class=\"yoast-schema-graph\">{\"@context\":\"https:\/\/schema.org\",\"@graph\":[{\"@type\":\"WebPage\",\"@id\":\"https:\/\/blog.zeit.de\/zeit-der-leser\/2011\/01\/20\/eine-kleine-weltreise-2\/\",\"url\":\"https:\/\/blog.zeit.de\/zeit-der-leser\/2011\/01\/20\/eine-kleine-weltreise-2\/\",\"name\":\"Eine kleine Weltreise (2) - ZEIT der Leser\",\"isPartOf\":{\"@id\":\"https:\/\/blog.zeit.de\/zeit-der-leser\/#website\"},\"datePublished\":\"2011-01-20T05:46:43+00:00\",\"dateModified\":\"2011-01-19T12:54:51+00:00\",\"author\":{\"@id\":\"https:\/\/blog.zeit.de\/zeit-der-leser\/#\/schema\/person\/e248c7ff5a10552f6a3bd5e9385b3667\"},\"breadcrumb\":{\"@id\":\"https:\/\/blog.zeit.de\/zeit-der-leser\/2011\/01\/20\/eine-kleine-weltreise-2\/#breadcrumb\"},\"inLanguage\":\"de\",\"potentialAction\":[{\"@type\":\"ReadAction\",\"target\":[\"https:\/\/blog.zeit.de\/zeit-der-leser\/2011\/01\/20\/eine-kleine-weltreise-2\/\"]}]},{\"@type\":\"BreadcrumbList\",\"@id\":\"https:\/\/blog.zeit.de\/zeit-der-leser\/2011\/01\/20\/eine-kleine-weltreise-2\/#breadcrumb\",\"itemListElement\":[{\"@type\":\"ListItem\",\"position\":1,\"name\":\"Startseite\",\"item\":\"https:\/\/blog.zeit.de\/zeit-der-leser\/\"},{\"@type\":\"ListItem\",\"position\":2,\"name\":\"Eine kleine Weltreise (2)\"}]},{\"@type\":\"WebSite\",\"@id\":\"https:\/\/blog.zeit.de\/zeit-der-leser\/#website\",\"url\":\"https:\/\/blog.zeit.de\/zeit-der-leser\/\",\"name\":\"ZEIT der Leser\",\"description\":\"Ein Blog mit Ihren Notizen, Gedichten und Bildern f\u00fcr die gedruckte ZEIT\",\"potentialAction\":[{\"@type\":\"SearchAction\",\"target\":{\"@type\":\"EntryPoint\",\"urlTemplate\":\"https:\/\/blog.zeit.de\/zeit-der-leser\/?s={search_term_string}\"},\"query-input\":\"required name=search_term_string\"}],\"inLanguage\":\"de\"},{\"@type\":\"Person\",\"@id\":\"https:\/\/blog.zeit.de\/zeit-der-leser\/#\/schema\/person\/e248c7ff5a10552f6a3bd5e9385b3667\",\"name\":\"Zeit der Leser\",\"image\":{\"@type\":\"ImageObject\",\"inLanguage\":\"de\",\"@id\":\"https:\/\/blog.zeit.de\/zeit-der-leser\/#\/schema\/person\/image\/\",\"url\":\"https:\/\/secure.gravatar.com\/avatar\/529bb2731085995bda6c8ba0e4da7e528ea8be4e6c7abdd217f176e2309035f6?s=96&d=mm&r=g\",\"contentUrl\":\"https:\/\/secure.gravatar.com\/avatar\/529bb2731085995bda6c8ba0e4da7e528ea8be4e6c7abdd217f176e2309035f6?s=96&d=mm&r=g\",\"caption\":\"Zeit der Leser\"},\"url\":\"https:\/\/blog.zeit.de\/zeit-der-leser\/author\/zeit-der-leser\/\"}]}<\/script>\n<!-- \/ Yoast SEO plugin. -->","yoast_head_json":{"title":"Eine kleine Weltreise (2) - ZEIT der Leser","robots":{"index":"index","follow":"follow","max-snippet":"max-snippet:-1","max-image-preview":"max-image-preview:large","max-video-preview":"max-video-preview:-1"},"canonical":"https:\/\/blog.zeit.de\/zeit-der-leser\/2011\/01\/20\/eine-kleine-weltreise-2\/","og_locale":"de_DE","og_type":"article","og_title":"Eine kleine Weltreise (2) - ZEIT der Leser","og_description":"Ein Weltreise aus traurigem Anlass unternimmt Sabine Kr\u00f6ner, 55: Im vergangenen Jahr ist ihr Mann in den Freitod gegangen, jetzt will sie durch neue Eindr\u00fccke Abstand gewinnen. Sie wird nach Buenos Aires fliegen und dann per Schiff durch die Su\u0308dsee nach Australien, Indonesien, Malaysia, Birma, Indien, Arabien und durch den Sueskanal bis nach Venedig fahren. [&hellip;]","og_url":"https:\/\/blog.zeit.de\/zeit-der-leser\/2011\/01\/20\/eine-kleine-weltreise-2\/","og_site_name":"ZEIT der Leser","article_published_time":"2011-01-20T05:46:43+00:00","article_modified_time":"2011-01-19T12:54:51+00:00","author":"Zeit der Leser","twitter_card":"summary_large_image","twitter_misc":{"Geschrieben von":"Zeit der Leser","Gesch\u00e4tzte Lesezeit":"2\u00a0Minuten"},"schema":{"@context":"https:\/\/schema.org","@graph":[{"@type":"WebPage","@id":"https:\/\/blog.zeit.de\/zeit-der-leser\/2011\/01\/20\/eine-kleine-weltreise-2\/","url":"https:\/\/blog.zeit.de\/zeit-der-leser\/2011\/01\/20\/eine-kleine-weltreise-2\/","name":"Eine kleine Weltreise (2) - ZEIT der Leser","isPartOf":{"@id":"https:\/\/blog.zeit.de\/zeit-der-leser\/#website"},"datePublished":"2011-01-20T05:46:43+00:00","dateModified":"2011-01-19T12:54:51+00:00","author":{"@id":"https:\/\/blog.zeit.de\/zeit-der-leser\/#\/schema\/person\/e248c7ff5a10552f6a3bd5e9385b3667"},"breadcrumb":{"@id":"https:\/\/blog.zeit.de\/zeit-der-leser\/2011\/01\/20\/eine-kleine-weltreise-2\/#breadcrumb"},"inLanguage":"de","potentialAction":[{"@type":"ReadAction","target":["https:\/\/blog.zeit.de\/zeit-der-leser\/2011\/01\/20\/eine-kleine-weltreise-2\/"]}]},{"@type":"BreadcrumbList","@id":"https:\/\/blog.zeit.de\/zeit-der-leser\/2011\/01\/20\/eine-kleine-weltreise-2\/#breadcrumb","itemListElement":[{"@type":"ListItem","position":1,"name":"Startseite","item":"https:\/\/blog.zeit.de\/zeit-der-leser\/"},{"@type":"ListItem","position":2,"name":"Eine kleine Weltreise (2)"}]},{"@type":"WebSite","@id":"https:\/\/blog.zeit.de\/zeit-der-leser\/#website","url":"https:\/\/blog.zeit.de\/zeit-der-leser\/","name":"ZEIT der Leser","description":"Ein Blog mit Ihren Notizen, Gedichten und Bildern f\u00fcr die gedruckte ZEIT","potentialAction":[{"@type":"SearchAction","target":{"@type":"EntryPoint","urlTemplate":"https:\/\/blog.zeit.de\/zeit-der-leser\/?s={search_term_string}"},"query-input":"required name=search_term_string"}],"inLanguage":"de"},{"@type":"Person","@id":"https:\/\/blog.zeit.de\/zeit-der-leser\/#\/schema\/person\/e248c7ff5a10552f6a3bd5e9385b3667","name":"Zeit der Leser","image":{"@type":"ImageObject","inLanguage":"de","@id":"https:\/\/blog.zeit.de\/zeit-der-leser\/#\/schema\/person\/image\/","url":"https:\/\/secure.gravatar.com\/avatar\/529bb2731085995bda6c8ba0e4da7e528ea8be4e6c7abdd217f176e2309035f6?s=96&d=mm&r=g","contentUrl":"https:\/\/secure.gravatar.com\/avatar\/529bb2731085995bda6c8ba0e4da7e528ea8be4e6c7abdd217f176e2309035f6?s=96&d=mm&r=g","caption":"Zeit der Leser"},"url":"https:\/\/blog.zeit.de\/zeit-der-leser\/author\/zeit-der-leser\/"}]}},"jetpack_featured_media_url":"","jetpack_sharing_enabled":true,"_links":{"self":[{"href":"https:\/\/blog.zeit.de\/zeit-der-leser\/wp-json\/wp\/v2\/posts\/3884","targetHints":{"allow":["GET"]}}],"collection":[{"href":"https:\/\/blog.zeit.de\/zeit-der-leser\/wp-json\/wp\/v2\/posts"}],"about":[{"href":"https:\/\/blog.zeit.de\/zeit-der-leser\/wp-json\/wp\/v2\/types\/post"}],"author":[{"embeddable":true,"href":"https:\/\/blog.zeit.de\/zeit-der-leser\/wp-json\/wp\/v2\/users\/264"}],"replies":[{"embeddable":true,"href":"https:\/\/blog.zeit.de\/zeit-der-leser\/wp-json\/wp\/v2\/comments?post=3884"}],"version-history":[{"count":1,"href":"https:\/\/blog.zeit.de\/zeit-der-leser\/wp-json\/wp\/v2\/posts\/3884\/revisions"}],"predecessor-version":[{"id":3885,"href":"https:\/\/blog.zeit.de\/zeit-der-leser\/wp-json\/wp\/v2\/posts\/3884\/revisions\/3885"}],"wp:attachment":[{"href":"https:\/\/blog.zeit.de\/zeit-der-leser\/wp-json\/wp\/v2\/media?parent=3884"}],"wp:term":[{"taxonomy":"category","embeddable":true,"href":"https:\/\/blog.zeit.de\/zeit-der-leser\/wp-json\/wp\/v2\/categories?post=3884"},{"taxonomy":"post_tag","embeddable":true,"href":"https:\/\/blog.zeit.de\/zeit-der-leser\/wp-json\/wp\/v2\/tags?post=3884"}],"curies":[{"name":"wp","href":"https:\/\/api.w.org\/{rel}","templated":true}]}}