{"id":3951,"date":"2011-01-27T08:30:13","date_gmt":"2011-01-27T07:30:13","guid":{"rendered":"http:\/\/blog.zeit.de\/zeit-der-leser\/?p=3951"},"modified":"2011-01-26T09:59:34","modified_gmt":"2011-01-26T08:59:34","slug":"eine-kleine-weltreise-3","status":"publish","type":"post","link":"https:\/\/blog.zeit.de\/zeit-der-leser\/2011\/01\/27\/eine-kleine-weltreise-3\/","title":{"rendered":"Eine kleine Weltreise (3)"},"content":{"rendered":"<p><em>&#8230; aus traurigem Anlass\u00ab unternimmt Sabine Kr\u00f6ner, 55: Im vergangenen Jahr ist ihr Mann in den Freitod gegangen, jetzt will sie durch neue Eindr\u00fccke Abstand gewinnen. Sie ist nach Buenos Aires geflogen und wird per Schiff durch die S\u00fcdsee nach Australien, Indonesien, Malaysia, Myanmar, Indien und durch den Sueskanal bis nach Venedig fahren.<\/em><\/p>\n<p>Die &#8222;Stadt der guten L\u00fcfte&#8220; hat mich nach vierzehn Flugstunden so gar nicht namensgerecht empfangen. Die Abgase der stets laufenden Automotoren und die schw\u00fclhei\u00dfe Luft bilden ein ungesundes Gemisch. Der Verkehr vor dem Flughafen wird mit Hupen und Trillerpfeifen geregelt \u2013 alles zusammen etwas strapazi\u00f6s fu\u0308r m\u00fcde Ank\u00f6mmlinge. Etwas befremdlich auch der Weg zur Gep\u00e4ckausgabe mitten durch den Duty Free Shop. Dachte, ich h\u00e4tte mich verlaufen, aber nein, das soll so sein. Schlie\u00dflich konnte auch die Dame mit dem MS Columbus-Schild ihre Sch\u00e4fchen zusammentreiben und in einen eisgek\u00fchlten Bus verfrachten. Zuvor jedoch musste die Schwei\u00dfarbeit des argentinischen Koffereinladers mit einer als <em>propina<\/em> bezeichneten Geb\u00fchr von f\u00fcnf Euro belohnt werden. Im fahrenden Bus die n\u00e4chste \u00dcberraschung: Das Schiff hat Versp\u00e4tung. Deshalb machen wir jetzt gleich die eigentlich fu\u0308r den Nachmittag geplante Stadtfu\u0308hrung \u2013 bei 34 Grad in Winterkleidung! Mein Bericht u\u0308ber das angeblich so beeindruckende Buenos Aires f\u00e4llt diesen Umst\u00e4nden gem\u00e4\u00df aus: Ich sah in die Jahre gekommene Prachtbauten, bunt bemalte Blechh\u00fctten, Edelrestaurants. Dazwischen u\u0308berall Parkanlagen mit gigantischen Jacaranda- und Gummib\u00e4umen, unter denen Obdachlose mit Tauben und M\u00fcll konkurrieren. Allgegenw\u00e4rtig Abbildungen von Evita Per\u00f3n und Diego Maradona. Schade! Und das Schiff war dann doch mal da. Das Chaos bis zum Einchecken wurde nur noch von der Hoffnung auf eine kalte Dusche \u00fcbertroffen. Das erste Abendessen habe ich verschlafen, aber davon sollen mir ja noch 115 Wiederholungen verg\u00f6nnt sein!<\/p>\n<p><em>Sabine Kr\u00f6ner, zzt. Buenos Aires<\/em><\/p>\n","protected":false},"excerpt":{"rendered":"<p>&#8230; aus traurigem Anlass\u00ab unternimmt Sabine Kr\u00f6ner, 55: Im vergangenen Jahr ist ihr Mann in den Freitod gegangen, jetzt will sie durch neue Eindr\u00fccke Abstand gewinnen. Sie ist nach Buenos Aires geflogen und wird per Schiff durch die S\u00fcdsee nach Australien, Indonesien, Malaysia, Myanmar, Indien und durch den Sueskanal bis nach Venedig fahren. Die &#8222;Stadt [&hellip;]<\/p>\n","protected":false},"author":264,"featured_media":0,"comment_status":"open","ping_status":"open","sticky":false,"template":"","format":"standard","meta":{"_jetpack_memberships_contains_paid_content":false,"footnotes":""},"categories":[5685],"tags":[],"class_list":["post-3951","post","type-post","status-publish","format-standard","hentry","category-eine-kleine-weltreise"],"yoast_head":"<!-- This site is optimized with the Yoast SEO plugin v21.0 - https:\/\/yoast.com\/wordpress\/plugins\/seo\/ -->\n<title>Eine kleine Weltreise (3) - ZEIT der Leser<\/title>\n<meta name=\"robots\" content=\"index, follow, max-snippet:-1, max-image-preview:large, max-video-preview:-1\" \/>\n<link rel=\"canonical\" href=\"https:\/\/blog.zeit.de\/zeit-der-leser\/2011\/01\/27\/eine-kleine-weltreise-3\/\" \/>\n<meta property=\"og:locale\" content=\"de_DE\" \/>\n<meta property=\"og:type\" content=\"article\" \/>\n<meta property=\"og:title\" content=\"Eine kleine Weltreise (3) - ZEIT der Leser\" \/>\n<meta property=\"og:description\" content=\"&#8230; aus traurigem Anlass\u00ab unternimmt Sabine Kr\u00f6ner, 55: Im vergangenen Jahr ist ihr Mann in den Freitod gegangen, jetzt will sie durch neue Eindr\u00fccke Abstand gewinnen. Sie ist nach Buenos Aires geflogen und wird per Schiff durch die S\u00fcdsee nach Australien, Indonesien, Malaysia, Myanmar, Indien und durch den Sueskanal bis nach Venedig fahren. Die &#8222;Stadt [&hellip;]\" \/>\n<meta property=\"og:url\" content=\"https:\/\/blog.zeit.de\/zeit-der-leser\/2011\/01\/27\/eine-kleine-weltreise-3\/\" \/>\n<meta property=\"og:site_name\" content=\"ZEIT der Leser\" \/>\n<meta property=\"article:published_time\" content=\"2011-01-27T07:30:13+00:00\" \/>\n<meta property=\"article:modified_time\" content=\"2011-01-26T08:59:34+00:00\" \/>\n<meta name=\"author\" content=\"Zeit der Leser\" \/>\n<meta name=\"twitter:card\" content=\"summary_large_image\" \/>\n<meta name=\"twitter:label1\" content=\"Geschrieben von\" \/>\n\t<meta name=\"twitter:data1\" content=\"Zeit der Leser\" \/>\n\t<meta name=\"twitter:label2\" content=\"Gesch\u00e4tzte Lesezeit\" \/>\n\t<meta name=\"twitter:data2\" content=\"2\u00a0Minuten\" \/>\n<script type=\"application\/ld+json\" class=\"yoast-schema-graph\">{\"@context\":\"https:\/\/schema.org\",\"@graph\":[{\"@type\":\"WebPage\",\"@id\":\"https:\/\/blog.zeit.de\/zeit-der-leser\/2011\/01\/27\/eine-kleine-weltreise-3\/\",\"url\":\"https:\/\/blog.zeit.de\/zeit-der-leser\/2011\/01\/27\/eine-kleine-weltreise-3\/\",\"name\":\"Eine kleine Weltreise (3) - ZEIT der Leser\",\"isPartOf\":{\"@id\":\"https:\/\/blog.zeit.de\/zeit-der-leser\/#website\"},\"datePublished\":\"2011-01-27T07:30:13+00:00\",\"dateModified\":\"2011-01-26T08:59:34+00:00\",\"author\":{\"@id\":\"https:\/\/blog.zeit.de\/zeit-der-leser\/#\/schema\/person\/e248c7ff5a10552f6a3bd5e9385b3667\"},\"breadcrumb\":{\"@id\":\"https:\/\/blog.zeit.de\/zeit-der-leser\/2011\/01\/27\/eine-kleine-weltreise-3\/#breadcrumb\"},\"inLanguage\":\"de\",\"potentialAction\":[{\"@type\":\"ReadAction\",\"target\":[\"https:\/\/blog.zeit.de\/zeit-der-leser\/2011\/01\/27\/eine-kleine-weltreise-3\/\"]}]},{\"@type\":\"BreadcrumbList\",\"@id\":\"https:\/\/blog.zeit.de\/zeit-der-leser\/2011\/01\/27\/eine-kleine-weltreise-3\/#breadcrumb\",\"itemListElement\":[{\"@type\":\"ListItem\",\"position\":1,\"name\":\"Startseite\",\"item\":\"https:\/\/blog.zeit.de\/zeit-der-leser\/\"},{\"@type\":\"ListItem\",\"position\":2,\"name\":\"Eine kleine Weltreise (3)\"}]},{\"@type\":\"WebSite\",\"@id\":\"https:\/\/blog.zeit.de\/zeit-der-leser\/#website\",\"url\":\"https:\/\/blog.zeit.de\/zeit-der-leser\/\",\"name\":\"ZEIT der Leser\",\"description\":\"Ein Blog mit Ihren Notizen, Gedichten und Bildern f\u00fcr die gedruckte ZEIT\",\"potentialAction\":[{\"@type\":\"SearchAction\",\"target\":{\"@type\":\"EntryPoint\",\"urlTemplate\":\"https:\/\/blog.zeit.de\/zeit-der-leser\/?s={search_term_string}\"},\"query-input\":\"required name=search_term_string\"}],\"inLanguage\":\"de\"},{\"@type\":\"Person\",\"@id\":\"https:\/\/blog.zeit.de\/zeit-der-leser\/#\/schema\/person\/e248c7ff5a10552f6a3bd5e9385b3667\",\"name\":\"Zeit der Leser\",\"image\":{\"@type\":\"ImageObject\",\"inLanguage\":\"de\",\"@id\":\"https:\/\/blog.zeit.de\/zeit-der-leser\/#\/schema\/person\/image\/\",\"url\":\"https:\/\/secure.gravatar.com\/avatar\/529bb2731085995bda6c8ba0e4da7e528ea8be4e6c7abdd217f176e2309035f6?s=96&d=mm&r=g\",\"contentUrl\":\"https:\/\/secure.gravatar.com\/avatar\/529bb2731085995bda6c8ba0e4da7e528ea8be4e6c7abdd217f176e2309035f6?s=96&d=mm&r=g\",\"caption\":\"Zeit der Leser\"},\"url\":\"https:\/\/blog.zeit.de\/zeit-der-leser\/author\/zeit-der-leser\/\"}]}<\/script>\n<!-- \/ Yoast SEO plugin. -->","yoast_head_json":{"title":"Eine kleine Weltreise (3) - ZEIT der Leser","robots":{"index":"index","follow":"follow","max-snippet":"max-snippet:-1","max-image-preview":"max-image-preview:large","max-video-preview":"max-video-preview:-1"},"canonical":"https:\/\/blog.zeit.de\/zeit-der-leser\/2011\/01\/27\/eine-kleine-weltreise-3\/","og_locale":"de_DE","og_type":"article","og_title":"Eine kleine Weltreise (3) - ZEIT der Leser","og_description":"&#8230; aus traurigem Anlass\u00ab unternimmt Sabine Kr\u00f6ner, 55: Im vergangenen Jahr ist ihr Mann in den Freitod gegangen, jetzt will sie durch neue Eindr\u00fccke Abstand gewinnen. Sie ist nach Buenos Aires geflogen und wird per Schiff durch die S\u00fcdsee nach Australien, Indonesien, Malaysia, Myanmar, Indien und durch den Sueskanal bis nach Venedig fahren. Die &#8222;Stadt [&hellip;]","og_url":"https:\/\/blog.zeit.de\/zeit-der-leser\/2011\/01\/27\/eine-kleine-weltreise-3\/","og_site_name":"ZEIT der Leser","article_published_time":"2011-01-27T07:30:13+00:00","article_modified_time":"2011-01-26T08:59:34+00:00","author":"Zeit der Leser","twitter_card":"summary_large_image","twitter_misc":{"Geschrieben von":"Zeit der Leser","Gesch\u00e4tzte Lesezeit":"2\u00a0Minuten"},"schema":{"@context":"https:\/\/schema.org","@graph":[{"@type":"WebPage","@id":"https:\/\/blog.zeit.de\/zeit-der-leser\/2011\/01\/27\/eine-kleine-weltreise-3\/","url":"https:\/\/blog.zeit.de\/zeit-der-leser\/2011\/01\/27\/eine-kleine-weltreise-3\/","name":"Eine kleine Weltreise (3) - ZEIT der Leser","isPartOf":{"@id":"https:\/\/blog.zeit.de\/zeit-der-leser\/#website"},"datePublished":"2011-01-27T07:30:13+00:00","dateModified":"2011-01-26T08:59:34+00:00","author":{"@id":"https:\/\/blog.zeit.de\/zeit-der-leser\/#\/schema\/person\/e248c7ff5a10552f6a3bd5e9385b3667"},"breadcrumb":{"@id":"https:\/\/blog.zeit.de\/zeit-der-leser\/2011\/01\/27\/eine-kleine-weltreise-3\/#breadcrumb"},"inLanguage":"de","potentialAction":[{"@type":"ReadAction","target":["https:\/\/blog.zeit.de\/zeit-der-leser\/2011\/01\/27\/eine-kleine-weltreise-3\/"]}]},{"@type":"BreadcrumbList","@id":"https:\/\/blog.zeit.de\/zeit-der-leser\/2011\/01\/27\/eine-kleine-weltreise-3\/#breadcrumb","itemListElement":[{"@type":"ListItem","position":1,"name":"Startseite","item":"https:\/\/blog.zeit.de\/zeit-der-leser\/"},{"@type":"ListItem","position":2,"name":"Eine kleine Weltreise (3)"}]},{"@type":"WebSite","@id":"https:\/\/blog.zeit.de\/zeit-der-leser\/#website","url":"https:\/\/blog.zeit.de\/zeit-der-leser\/","name":"ZEIT der Leser","description":"Ein Blog mit Ihren Notizen, Gedichten und Bildern f\u00fcr die gedruckte ZEIT","potentialAction":[{"@type":"SearchAction","target":{"@type":"EntryPoint","urlTemplate":"https:\/\/blog.zeit.de\/zeit-der-leser\/?s={search_term_string}"},"query-input":"required name=search_term_string"}],"inLanguage":"de"},{"@type":"Person","@id":"https:\/\/blog.zeit.de\/zeit-der-leser\/#\/schema\/person\/e248c7ff5a10552f6a3bd5e9385b3667","name":"Zeit der Leser","image":{"@type":"ImageObject","inLanguage":"de","@id":"https:\/\/blog.zeit.de\/zeit-der-leser\/#\/schema\/person\/image\/","url":"https:\/\/secure.gravatar.com\/avatar\/529bb2731085995bda6c8ba0e4da7e528ea8be4e6c7abdd217f176e2309035f6?s=96&d=mm&r=g","contentUrl":"https:\/\/secure.gravatar.com\/avatar\/529bb2731085995bda6c8ba0e4da7e528ea8be4e6c7abdd217f176e2309035f6?s=96&d=mm&r=g","caption":"Zeit der Leser"},"url":"https:\/\/blog.zeit.de\/zeit-der-leser\/author\/zeit-der-leser\/"}]}},"jetpack_featured_media_url":"","jetpack_sharing_enabled":true,"_links":{"self":[{"href":"https:\/\/blog.zeit.de\/zeit-der-leser\/wp-json\/wp\/v2\/posts\/3951","targetHints":{"allow":["GET"]}}],"collection":[{"href":"https:\/\/blog.zeit.de\/zeit-der-leser\/wp-json\/wp\/v2\/posts"}],"about":[{"href":"https:\/\/blog.zeit.de\/zeit-der-leser\/wp-json\/wp\/v2\/types\/post"}],"author":[{"embeddable":true,"href":"https:\/\/blog.zeit.de\/zeit-der-leser\/wp-json\/wp\/v2\/users\/264"}],"replies":[{"embeddable":true,"href":"https:\/\/blog.zeit.de\/zeit-der-leser\/wp-json\/wp\/v2\/comments?post=3951"}],"version-history":[{"count":1,"href":"https:\/\/blog.zeit.de\/zeit-der-leser\/wp-json\/wp\/v2\/posts\/3951\/revisions"}],"predecessor-version":[{"id":3952,"href":"https:\/\/blog.zeit.de\/zeit-der-leser\/wp-json\/wp\/v2\/posts\/3951\/revisions\/3952"}],"wp:attachment":[{"href":"https:\/\/blog.zeit.de\/zeit-der-leser\/wp-json\/wp\/v2\/media?parent=3951"}],"wp:term":[{"taxonomy":"category","embeddable":true,"href":"https:\/\/blog.zeit.de\/zeit-der-leser\/wp-json\/wp\/v2\/categories?post=3951"},{"taxonomy":"post_tag","embeddable":true,"href":"https:\/\/blog.zeit.de\/zeit-der-leser\/wp-json\/wp\/v2\/tags?post=3951"}],"curies":[{"name":"wp","href":"https:\/\/api.w.org\/{rel}","templated":true}]}}