{"id":3953,"date":"2011-01-29T07:59:41","date_gmt":"2011-01-29T06:59:41","guid":{"rendered":"http:\/\/blog.zeit.de\/zeit-der-leser\/?p=3953"},"modified":"2011-01-26T10:05:03","modified_gmt":"2011-01-26T09:05:03","slug":"65-jahre-die-zeit-%e2%80%93-was-sich-die-leser-wunschen","status":"publish","type":"post","link":"https:\/\/blog.zeit.de\/zeit-der-leser\/2011\/01\/29\/65-jahre-die-zeit-%e2%80%93-was-sich-die-leser-wunschen\/","title":{"rendered":"65 jahre DIE ZEIT \u2013 Was sich die Leser w\u00fcnschen"},"content":{"rendered":"<p>Die ZEIT wird 65 Jahre alt und reist zu ihren Leserinnen und Lesern. Auch in dieser Woche hier eine Auswahl an W\u00fcnschen, die uns erreicht haben: Mario Stadelmann wu\u0308nscht sich Giovanni di Lorenzo nach Bremen \u2013 zur Er\u00f6ffnung einer deutsch-italienischen Kita. J\u00fcrgen Weilandt vom German-Indian Round Table in M\u00fcnchen w\u00fcrde gerne gemeinsam mit der ZEIT den 63. Jahrestag der Unabh\u00e4ngigkeit Indiens feiern und hofft auf den Beistand des Gottes Ganesha. Das Ehepaar Mayl\u00e4nder aus Gernsbach l\u00e4dt Helmut Schmidt und Giovanni di Lorenzo in den Schwarzwald ein. Die langj\u00e4hrigen Abonnenten haben sich \u00fcber eine ZEIT-Annonce kennengelernt. Werner Kahle w\u00fcnscht sich Iris Radisch fu\u0308r eine Studioaufnahme in der Westdeutschen Blindenh\u00f6rbu\u0308cherei in M\u00fcnster, in der seit fast 51 Jahren allw\u00f6chentlich die H\u00f6rfassung der ZEIT fu\u0308r blinde und sehbehinderte Nutzer entsteht. Michael Neugebauer aus Potsdam-Babelsberg w\u00fcrde sich gerne im Rahmen eines Projekts der Medienanstalt Berlin-Brandenburg mit Christoph Amend austauschen. Andreas Knierim hofft auf einen Kinoabend mit Katja<br \/>\nNicodemus im Kasseler Kino Filmladen. Fu\u0308r Pfarrer Stefan B\u00fcrger aus der Evangelischen Kreuzkirche Fulda sind ZEIT-Artikel Ideengeber fu\u0308r so manche Predigt. Er w\u00fcrde sich u\u0308ber Florian Illies als &#8222;Gastprediger&#8220; im Gottesdienst<br \/>\nfreuen.<\/p>\n<p>M\u00f6chten Sie auch, dass jemand von der ZEIT zu Ihnen kommt? Dann schreiben Sie uns! <a href=\"http:\/\/services.zeit.de\/65jahre\/\">Hier finden Sie weitere Informationen<\/a>.<\/p>\n","protected":false},"excerpt":{"rendered":"<p>Die ZEIT wird 65 Jahre alt und reist zu ihren Leserinnen und Lesern. Auch in dieser Woche hier eine Auswahl an W\u00fcnschen, die uns erreicht haben: Mario Stadelmann wu\u0308nscht sich Giovanni di Lorenzo nach Bremen \u2013 zur Er\u00f6ffnung einer deutsch-italienischen Kita. J\u00fcrgen Weilandt vom German-Indian Round Table in M\u00fcnchen w\u00fcrde gerne gemeinsam mit der ZEIT [&hellip;]<\/p>\n","protected":false},"author":264,"featured_media":0,"comment_status":"open","ping_status":"open","sticky":false,"template":"","format":"standard","meta":{"_jetpack_memberships_contains_paid_content":false,"footnotes":""},"categories":[5686],"tags":[],"class_list":["post-3953","post","type-post","status-publish","format-standard","hentry","category-65-jahre-die-zeit"],"yoast_head":"<!-- This site is optimized with the Yoast SEO plugin v21.0 - https:\/\/yoast.com\/wordpress\/plugins\/seo\/ -->\n<title>65 jahre DIE ZEIT \u2013 Was sich die Leser w\u00fcnschen - ZEIT der Leser<\/title>\n<meta name=\"robots\" content=\"index, follow, max-snippet:-1, max-image-preview:large, max-video-preview:-1\" \/>\n<link rel=\"canonical\" href=\"https:\/\/blog.zeit.de\/zeit-der-leser\/2011\/01\/29\/65-jahre-die-zeit-\u2013-was-sich-die-leser-wunschen\/\" \/>\n<meta property=\"og:locale\" content=\"de_DE\" \/>\n<meta property=\"og:type\" content=\"article\" \/>\n<meta property=\"og:title\" content=\"65 jahre DIE ZEIT \u2013 Was sich die Leser w\u00fcnschen - ZEIT der Leser\" \/>\n<meta property=\"og:description\" content=\"Die ZEIT wird 65 Jahre alt und reist zu ihren Leserinnen und Lesern. Auch in dieser Woche hier eine Auswahl an W\u00fcnschen, die uns erreicht haben: Mario Stadelmann wu\u0308nscht sich Giovanni di Lorenzo nach Bremen \u2013 zur Er\u00f6ffnung einer deutsch-italienischen Kita. J\u00fcrgen Weilandt vom German-Indian Round Table in M\u00fcnchen w\u00fcrde gerne gemeinsam mit der ZEIT [&hellip;]\" \/>\n<meta property=\"og:url\" content=\"https:\/\/blog.zeit.de\/zeit-der-leser\/2011\/01\/29\/65-jahre-die-zeit-\u2013-was-sich-die-leser-wunschen\/\" \/>\n<meta property=\"og:site_name\" content=\"ZEIT der Leser\" \/>\n<meta property=\"article:published_time\" content=\"2011-01-29T06:59:41+00:00\" \/>\n<meta property=\"article:modified_time\" content=\"2011-01-26T09:05:03+00:00\" \/>\n<meta name=\"author\" content=\"Zeit der Leser\" \/>\n<meta name=\"twitter:card\" content=\"summary_large_image\" \/>\n<meta name=\"twitter:label1\" content=\"Geschrieben von\" \/>\n\t<meta name=\"twitter:data1\" content=\"Zeit der Leser\" \/>\n\t<meta name=\"twitter:label2\" content=\"Gesch\u00e4tzte Lesezeit\" \/>\n\t<meta name=\"twitter:data2\" content=\"1\u00a0Minute\" \/>\n<script type=\"application\/ld+json\" class=\"yoast-schema-graph\">{\"@context\":\"https:\/\/schema.org\",\"@graph\":[{\"@type\":\"WebPage\",\"@id\":\"https:\/\/blog.zeit.de\/zeit-der-leser\/2011\/01\/29\/65-jahre-die-zeit-%e2%80%93-was-sich-die-leser-wunschen\/\",\"url\":\"https:\/\/blog.zeit.de\/zeit-der-leser\/2011\/01\/29\/65-jahre-die-zeit-%e2%80%93-was-sich-die-leser-wunschen\/\",\"name\":\"65 jahre DIE ZEIT \u2013 Was sich die Leser w\u00fcnschen - ZEIT der Leser\",\"isPartOf\":{\"@id\":\"https:\/\/blog.zeit.de\/zeit-der-leser\/#website\"},\"datePublished\":\"2011-01-29T06:59:41+00:00\",\"dateModified\":\"2011-01-26T09:05:03+00:00\",\"author\":{\"@id\":\"https:\/\/blog.zeit.de\/zeit-der-leser\/#\/schema\/person\/e248c7ff5a10552f6a3bd5e9385b3667\"},\"breadcrumb\":{\"@id\":\"https:\/\/blog.zeit.de\/zeit-der-leser\/2011\/01\/29\/65-jahre-die-zeit-%e2%80%93-was-sich-die-leser-wunschen\/#breadcrumb\"},\"inLanguage\":\"de\",\"potentialAction\":[{\"@type\":\"ReadAction\",\"target\":[\"https:\/\/blog.zeit.de\/zeit-der-leser\/2011\/01\/29\/65-jahre-die-zeit-%e2%80%93-was-sich-die-leser-wunschen\/\"]}]},{\"@type\":\"BreadcrumbList\",\"@id\":\"https:\/\/blog.zeit.de\/zeit-der-leser\/2011\/01\/29\/65-jahre-die-zeit-%e2%80%93-was-sich-die-leser-wunschen\/#breadcrumb\",\"itemListElement\":[{\"@type\":\"ListItem\",\"position\":1,\"name\":\"Startseite\",\"item\":\"https:\/\/blog.zeit.de\/zeit-der-leser\/\"},{\"@type\":\"ListItem\",\"position\":2,\"name\":\"65 jahre DIE ZEIT \u2013 Was sich die Leser w\u00fcnschen\"}]},{\"@type\":\"WebSite\",\"@id\":\"https:\/\/blog.zeit.de\/zeit-der-leser\/#website\",\"url\":\"https:\/\/blog.zeit.de\/zeit-der-leser\/\",\"name\":\"ZEIT der Leser\",\"description\":\"Ein Blog mit Ihren Notizen, Gedichten und Bildern f\u00fcr die gedruckte ZEIT\",\"potentialAction\":[{\"@type\":\"SearchAction\",\"target\":{\"@type\":\"EntryPoint\",\"urlTemplate\":\"https:\/\/blog.zeit.de\/zeit-der-leser\/?s={search_term_string}\"},\"query-input\":\"required name=search_term_string\"}],\"inLanguage\":\"de\"},{\"@type\":\"Person\",\"@id\":\"https:\/\/blog.zeit.de\/zeit-der-leser\/#\/schema\/person\/e248c7ff5a10552f6a3bd5e9385b3667\",\"name\":\"Zeit der Leser\",\"image\":{\"@type\":\"ImageObject\",\"inLanguage\":\"de\",\"@id\":\"https:\/\/blog.zeit.de\/zeit-der-leser\/#\/schema\/person\/image\/\",\"url\":\"https:\/\/secure.gravatar.com\/avatar\/529bb2731085995bda6c8ba0e4da7e528ea8be4e6c7abdd217f176e2309035f6?s=96&d=mm&r=g\",\"contentUrl\":\"https:\/\/secure.gravatar.com\/avatar\/529bb2731085995bda6c8ba0e4da7e528ea8be4e6c7abdd217f176e2309035f6?s=96&d=mm&r=g\",\"caption\":\"Zeit der Leser\"},\"url\":\"https:\/\/blog.zeit.de\/zeit-der-leser\/author\/zeit-der-leser\/\"}]}<\/script>\n<!-- \/ Yoast SEO plugin. -->","yoast_head_json":{"title":"65 jahre DIE ZEIT \u2013 Was sich die Leser w\u00fcnschen - ZEIT der Leser","robots":{"index":"index","follow":"follow","max-snippet":"max-snippet:-1","max-image-preview":"max-image-preview:large","max-video-preview":"max-video-preview:-1"},"canonical":"https:\/\/blog.zeit.de\/zeit-der-leser\/2011\/01\/29\/65-jahre-die-zeit-\u2013-was-sich-die-leser-wunschen\/","og_locale":"de_DE","og_type":"article","og_title":"65 jahre DIE ZEIT \u2013 Was sich die Leser w\u00fcnschen - ZEIT der Leser","og_description":"Die ZEIT wird 65 Jahre alt und reist zu ihren Leserinnen und Lesern. Auch in dieser Woche hier eine Auswahl an W\u00fcnschen, die uns erreicht haben: Mario Stadelmann wu\u0308nscht sich Giovanni di Lorenzo nach Bremen \u2013 zur Er\u00f6ffnung einer deutsch-italienischen Kita. J\u00fcrgen Weilandt vom German-Indian Round Table in M\u00fcnchen w\u00fcrde gerne gemeinsam mit der ZEIT [&hellip;]","og_url":"https:\/\/blog.zeit.de\/zeit-der-leser\/2011\/01\/29\/65-jahre-die-zeit-\u2013-was-sich-die-leser-wunschen\/","og_site_name":"ZEIT der Leser","article_published_time":"2011-01-29T06:59:41+00:00","article_modified_time":"2011-01-26T09:05:03+00:00","author":"Zeit der Leser","twitter_card":"summary_large_image","twitter_misc":{"Geschrieben von":"Zeit der Leser","Gesch\u00e4tzte Lesezeit":"1\u00a0Minute"},"schema":{"@context":"https:\/\/schema.org","@graph":[{"@type":"WebPage","@id":"https:\/\/blog.zeit.de\/zeit-der-leser\/2011\/01\/29\/65-jahre-die-zeit-%e2%80%93-was-sich-die-leser-wunschen\/","url":"https:\/\/blog.zeit.de\/zeit-der-leser\/2011\/01\/29\/65-jahre-die-zeit-%e2%80%93-was-sich-die-leser-wunschen\/","name":"65 jahre DIE ZEIT \u2013 Was sich die Leser w\u00fcnschen - ZEIT der Leser","isPartOf":{"@id":"https:\/\/blog.zeit.de\/zeit-der-leser\/#website"},"datePublished":"2011-01-29T06:59:41+00:00","dateModified":"2011-01-26T09:05:03+00:00","author":{"@id":"https:\/\/blog.zeit.de\/zeit-der-leser\/#\/schema\/person\/e248c7ff5a10552f6a3bd5e9385b3667"},"breadcrumb":{"@id":"https:\/\/blog.zeit.de\/zeit-der-leser\/2011\/01\/29\/65-jahre-die-zeit-%e2%80%93-was-sich-die-leser-wunschen\/#breadcrumb"},"inLanguage":"de","potentialAction":[{"@type":"ReadAction","target":["https:\/\/blog.zeit.de\/zeit-der-leser\/2011\/01\/29\/65-jahre-die-zeit-%e2%80%93-was-sich-die-leser-wunschen\/"]}]},{"@type":"BreadcrumbList","@id":"https:\/\/blog.zeit.de\/zeit-der-leser\/2011\/01\/29\/65-jahre-die-zeit-%e2%80%93-was-sich-die-leser-wunschen\/#breadcrumb","itemListElement":[{"@type":"ListItem","position":1,"name":"Startseite","item":"https:\/\/blog.zeit.de\/zeit-der-leser\/"},{"@type":"ListItem","position":2,"name":"65 jahre DIE ZEIT \u2013 Was sich die Leser w\u00fcnschen"}]},{"@type":"WebSite","@id":"https:\/\/blog.zeit.de\/zeit-der-leser\/#website","url":"https:\/\/blog.zeit.de\/zeit-der-leser\/","name":"ZEIT der Leser","description":"Ein Blog mit Ihren Notizen, Gedichten und Bildern f\u00fcr die gedruckte ZEIT","potentialAction":[{"@type":"SearchAction","target":{"@type":"EntryPoint","urlTemplate":"https:\/\/blog.zeit.de\/zeit-der-leser\/?s={search_term_string}"},"query-input":"required name=search_term_string"}],"inLanguage":"de"},{"@type":"Person","@id":"https:\/\/blog.zeit.de\/zeit-der-leser\/#\/schema\/person\/e248c7ff5a10552f6a3bd5e9385b3667","name":"Zeit der Leser","image":{"@type":"ImageObject","inLanguage":"de","@id":"https:\/\/blog.zeit.de\/zeit-der-leser\/#\/schema\/person\/image\/","url":"https:\/\/secure.gravatar.com\/avatar\/529bb2731085995bda6c8ba0e4da7e528ea8be4e6c7abdd217f176e2309035f6?s=96&d=mm&r=g","contentUrl":"https:\/\/secure.gravatar.com\/avatar\/529bb2731085995bda6c8ba0e4da7e528ea8be4e6c7abdd217f176e2309035f6?s=96&d=mm&r=g","caption":"Zeit der Leser"},"url":"https:\/\/blog.zeit.de\/zeit-der-leser\/author\/zeit-der-leser\/"}]}},"jetpack_featured_media_url":"","jetpack_sharing_enabled":true,"_links":{"self":[{"href":"https:\/\/blog.zeit.de\/zeit-der-leser\/wp-json\/wp\/v2\/posts\/3953","targetHints":{"allow":["GET"]}}],"collection":[{"href":"https:\/\/blog.zeit.de\/zeit-der-leser\/wp-json\/wp\/v2\/posts"}],"about":[{"href":"https:\/\/blog.zeit.de\/zeit-der-leser\/wp-json\/wp\/v2\/types\/post"}],"author":[{"embeddable":true,"href":"https:\/\/blog.zeit.de\/zeit-der-leser\/wp-json\/wp\/v2\/users\/264"}],"replies":[{"embeddable":true,"href":"https:\/\/blog.zeit.de\/zeit-der-leser\/wp-json\/wp\/v2\/comments?post=3953"}],"version-history":[{"count":1,"href":"https:\/\/blog.zeit.de\/zeit-der-leser\/wp-json\/wp\/v2\/posts\/3953\/revisions"}],"predecessor-version":[{"id":3954,"href":"https:\/\/blog.zeit.de\/zeit-der-leser\/wp-json\/wp\/v2\/posts\/3953\/revisions\/3954"}],"wp:attachment":[{"href":"https:\/\/blog.zeit.de\/zeit-der-leser\/wp-json\/wp\/v2\/media?parent=3953"}],"wp:term":[{"taxonomy":"category","embeddable":true,"href":"https:\/\/blog.zeit.de\/zeit-der-leser\/wp-json\/wp\/v2\/categories?post=3953"},{"taxonomy":"post_tag","embeddable":true,"href":"https:\/\/blog.zeit.de\/zeit-der-leser\/wp-json\/wp\/v2\/tags?post=3953"}],"curies":[{"name":"wp","href":"https:\/\/api.w.org\/{rel}","templated":true}]}}