{"id":4025,"date":"2011-02-03T05:03:18","date_gmt":"2011-02-03T04:03:18","guid":{"rendered":"http:\/\/blog.zeit.de\/zeit-der-leser\/?p=4025"},"modified":"2011-02-02T15:03:42","modified_gmt":"2011-02-02T14:03:42","slug":"65-jahre-die-zeit-%e2%80%93-die-ersten-besuche-stehen-fest","status":"publish","type":"post","link":"https:\/\/blog.zeit.de\/zeit-der-leser\/2011\/02\/03\/65-jahre-die-zeit-%e2%80%93-die-ersten-besuche-stehen-fest\/","title":{"rendered":"65 Jahre DIE ZEIT \u2013 die ersten Besuche stehen fest"},"content":{"rendered":"<p>Die ZEIT reist anl\u00e4sslich ihres 65. Geburtstags zu ihren Leserinnen und Lesern. Dieses Angebot bescherte uns in den vergangenen Wochen spannenden Lesestoff mit vielen einfallsreichen Ideen. Nun stehen die ersten Besuche fest. So f\u00e4hrt Moritz M\u00fcller-Wirth, stellvertretender Chefredakteur der ZEIT, nach Hildesheim und besucht die \u00e4lteste noch erscheinende Tageszeitung Deutschlands, die Hildesheimer Allgemeine Zeitung (HAZ). Diese feiert dieses Jahr bereits den 306. Geburtstag (Erstausgabe: 24. Juni 1705) und ist damit deutlich \u00e4lter als die ZEIT. <\/p>\n<p>Der HAZ-Chefredakteur Hartmut Reichardt hatte mit einem originellen Bewerbungsvideo in das Zeitungshaus am historischen Hildesheimer Marktplatz eingeladen. Moritz M\u00fcller-Wirth wird an der Hauptredaktionskonferenz teilnehmen und mit den Redakteuren u\u0308ber &#8222;Zeitung machen in Deutschland&#8220; diskutieren. Im Anschluss wird es eine \u00f6ffentliche Diskussionsrunde geben, zu der alle Hildesheimer Leser der ZEIT und die Leser der HAZ eingeladen sind. Auch die ZEIT-Leserin B\u00e4rbel Gettys aus Borchen in Westfalen bekommt Besuch: Der ZEIT-Genussexperte Wolfgang Lechner wird gemeinsam mit ihr aus den im Dorf hergestellten Bioprodukten ein mehrg\u00e4ngiges Feinschmeckermen\u00fc kochen. Und nach dem Dessert wird um die Wette gescrabbelt. <\/p>\n<p>Nach wie vor werden alle W\u00fcnsche gesammelt und sorgf\u00e4ltig ausgewertet. Falls Sie sich w\u00fcnschen, dass die ZEIT zu Ihnen reist, schreiben Sie uns! <a href=\"http:\/\/www.zeit.de\/65Jahre\/Anmeldung\">Hier<\/a> finden Sie weitere Informationen und ein Anmeldeformular. <\/p>\n","protected":false},"excerpt":{"rendered":"<p>Die ZEIT reist anl\u00e4sslich ihres 65. Geburtstags zu ihren Leserinnen und Lesern. Dieses Angebot bescherte uns in den vergangenen Wochen spannenden Lesestoff mit vielen einfallsreichen Ideen. Nun stehen die ersten Besuche fest. So f\u00e4hrt Moritz M\u00fcller-Wirth, stellvertretender Chefredakteur der ZEIT, nach Hildesheim und besucht die \u00e4lteste noch erscheinende Tageszeitung Deutschlands, die Hildesheimer Allgemeine Zeitung (HAZ). [&hellip;]<\/p>\n","protected":false},"author":264,"featured_media":0,"comment_status":"open","ping_status":"open","sticky":false,"template":"","format":"standard","meta":{"_jetpack_memberships_contains_paid_content":false,"footnotes":""},"categories":[5686],"tags":[],"class_list":["post-4025","post","type-post","status-publish","format-standard","hentry","category-65-jahre-die-zeit"],"yoast_head":"<!-- This site is optimized with the Yoast SEO plugin v21.0 - https:\/\/yoast.com\/wordpress\/plugins\/seo\/ -->\n<title>65 Jahre DIE ZEIT \u2013 die ersten Besuche stehen fest - ZEIT der Leser<\/title>\n<meta name=\"robots\" content=\"index, follow, max-snippet:-1, max-image-preview:large, max-video-preview:-1\" \/>\n<link rel=\"canonical\" href=\"https:\/\/blog.zeit.de\/zeit-der-leser\/2011\/02\/03\/65-jahre-die-zeit-\u2013-die-ersten-besuche-stehen-fest\/\" \/>\n<meta property=\"og:locale\" content=\"de_DE\" \/>\n<meta property=\"og:type\" content=\"article\" \/>\n<meta property=\"og:title\" content=\"65 Jahre DIE ZEIT \u2013 die ersten Besuche stehen fest - ZEIT der Leser\" \/>\n<meta property=\"og:description\" content=\"Die ZEIT reist anl\u00e4sslich ihres 65. Geburtstags zu ihren Leserinnen und Lesern. Dieses Angebot bescherte uns in den vergangenen Wochen spannenden Lesestoff mit vielen einfallsreichen Ideen. Nun stehen die ersten Besuche fest. So f\u00e4hrt Moritz M\u00fcller-Wirth, stellvertretender Chefredakteur der ZEIT, nach Hildesheim und besucht die \u00e4lteste noch erscheinende Tageszeitung Deutschlands, die Hildesheimer Allgemeine Zeitung (HAZ). [&hellip;]\" \/>\n<meta property=\"og:url\" content=\"https:\/\/blog.zeit.de\/zeit-der-leser\/2011\/02\/03\/65-jahre-die-zeit-\u2013-die-ersten-besuche-stehen-fest\/\" \/>\n<meta property=\"og:site_name\" content=\"ZEIT der Leser\" \/>\n<meta property=\"article:published_time\" content=\"2011-02-03T04:03:18+00:00\" \/>\n<meta property=\"article:modified_time\" content=\"2011-02-02T14:03:42+00:00\" \/>\n<meta name=\"author\" content=\"Zeit der Leser\" \/>\n<meta name=\"twitter:card\" content=\"summary_large_image\" \/>\n<meta name=\"twitter:label1\" content=\"Geschrieben von\" \/>\n\t<meta name=\"twitter:data1\" content=\"Zeit der Leser\" \/>\n\t<meta name=\"twitter:label2\" content=\"Gesch\u00e4tzte Lesezeit\" \/>\n\t<meta name=\"twitter:data2\" content=\"1\u00a0Minute\" \/>\n<script type=\"application\/ld+json\" class=\"yoast-schema-graph\">{\"@context\":\"https:\/\/schema.org\",\"@graph\":[{\"@type\":\"WebPage\",\"@id\":\"https:\/\/blog.zeit.de\/zeit-der-leser\/2011\/02\/03\/65-jahre-die-zeit-%e2%80%93-die-ersten-besuche-stehen-fest\/\",\"url\":\"https:\/\/blog.zeit.de\/zeit-der-leser\/2011\/02\/03\/65-jahre-die-zeit-%e2%80%93-die-ersten-besuche-stehen-fest\/\",\"name\":\"65 Jahre DIE ZEIT \u2013 die ersten Besuche stehen fest - ZEIT der Leser\",\"isPartOf\":{\"@id\":\"https:\/\/blog.zeit.de\/zeit-der-leser\/#website\"},\"datePublished\":\"2011-02-03T04:03:18+00:00\",\"dateModified\":\"2011-02-02T14:03:42+00:00\",\"author\":{\"@id\":\"https:\/\/blog.zeit.de\/zeit-der-leser\/#\/schema\/person\/e248c7ff5a10552f6a3bd5e9385b3667\"},\"breadcrumb\":{\"@id\":\"https:\/\/blog.zeit.de\/zeit-der-leser\/2011\/02\/03\/65-jahre-die-zeit-%e2%80%93-die-ersten-besuche-stehen-fest\/#breadcrumb\"},\"inLanguage\":\"de\",\"potentialAction\":[{\"@type\":\"ReadAction\",\"target\":[\"https:\/\/blog.zeit.de\/zeit-der-leser\/2011\/02\/03\/65-jahre-die-zeit-%e2%80%93-die-ersten-besuche-stehen-fest\/\"]}]},{\"@type\":\"BreadcrumbList\",\"@id\":\"https:\/\/blog.zeit.de\/zeit-der-leser\/2011\/02\/03\/65-jahre-die-zeit-%e2%80%93-die-ersten-besuche-stehen-fest\/#breadcrumb\",\"itemListElement\":[{\"@type\":\"ListItem\",\"position\":1,\"name\":\"Startseite\",\"item\":\"https:\/\/blog.zeit.de\/zeit-der-leser\/\"},{\"@type\":\"ListItem\",\"position\":2,\"name\":\"65 Jahre DIE ZEIT \u2013 die ersten Besuche stehen fest\"}]},{\"@type\":\"WebSite\",\"@id\":\"https:\/\/blog.zeit.de\/zeit-der-leser\/#website\",\"url\":\"https:\/\/blog.zeit.de\/zeit-der-leser\/\",\"name\":\"ZEIT der Leser\",\"description\":\"Ein Blog mit Ihren Notizen, Gedichten und Bildern f\u00fcr die gedruckte ZEIT\",\"potentialAction\":[{\"@type\":\"SearchAction\",\"target\":{\"@type\":\"EntryPoint\",\"urlTemplate\":\"https:\/\/blog.zeit.de\/zeit-der-leser\/?s={search_term_string}\"},\"query-input\":\"required name=search_term_string\"}],\"inLanguage\":\"de\"},{\"@type\":\"Person\",\"@id\":\"https:\/\/blog.zeit.de\/zeit-der-leser\/#\/schema\/person\/e248c7ff5a10552f6a3bd5e9385b3667\",\"name\":\"Zeit der Leser\",\"image\":{\"@type\":\"ImageObject\",\"inLanguage\":\"de\",\"@id\":\"https:\/\/blog.zeit.de\/zeit-der-leser\/#\/schema\/person\/image\/\",\"url\":\"https:\/\/secure.gravatar.com\/avatar\/529bb2731085995bda6c8ba0e4da7e528ea8be4e6c7abdd217f176e2309035f6?s=96&d=mm&r=g\",\"contentUrl\":\"https:\/\/secure.gravatar.com\/avatar\/529bb2731085995bda6c8ba0e4da7e528ea8be4e6c7abdd217f176e2309035f6?s=96&d=mm&r=g\",\"caption\":\"Zeit der Leser\"},\"url\":\"https:\/\/blog.zeit.de\/zeit-der-leser\/author\/zeit-der-leser\/\"}]}<\/script>\n<!-- \/ Yoast SEO plugin. -->","yoast_head_json":{"title":"65 Jahre DIE ZEIT \u2013 die ersten Besuche stehen fest - ZEIT der Leser","robots":{"index":"index","follow":"follow","max-snippet":"max-snippet:-1","max-image-preview":"max-image-preview:large","max-video-preview":"max-video-preview:-1"},"canonical":"https:\/\/blog.zeit.de\/zeit-der-leser\/2011\/02\/03\/65-jahre-die-zeit-\u2013-die-ersten-besuche-stehen-fest\/","og_locale":"de_DE","og_type":"article","og_title":"65 Jahre DIE ZEIT \u2013 die ersten Besuche stehen fest - ZEIT der Leser","og_description":"Die ZEIT reist anl\u00e4sslich ihres 65. Geburtstags zu ihren Leserinnen und Lesern. Dieses Angebot bescherte uns in den vergangenen Wochen spannenden Lesestoff mit vielen einfallsreichen Ideen. Nun stehen die ersten Besuche fest. So f\u00e4hrt Moritz M\u00fcller-Wirth, stellvertretender Chefredakteur der ZEIT, nach Hildesheim und besucht die \u00e4lteste noch erscheinende Tageszeitung Deutschlands, die Hildesheimer Allgemeine Zeitung (HAZ). [&hellip;]","og_url":"https:\/\/blog.zeit.de\/zeit-der-leser\/2011\/02\/03\/65-jahre-die-zeit-\u2013-die-ersten-besuche-stehen-fest\/","og_site_name":"ZEIT der Leser","article_published_time":"2011-02-03T04:03:18+00:00","article_modified_time":"2011-02-02T14:03:42+00:00","author":"Zeit der Leser","twitter_card":"summary_large_image","twitter_misc":{"Geschrieben von":"Zeit der Leser","Gesch\u00e4tzte Lesezeit":"1\u00a0Minute"},"schema":{"@context":"https:\/\/schema.org","@graph":[{"@type":"WebPage","@id":"https:\/\/blog.zeit.de\/zeit-der-leser\/2011\/02\/03\/65-jahre-die-zeit-%e2%80%93-die-ersten-besuche-stehen-fest\/","url":"https:\/\/blog.zeit.de\/zeit-der-leser\/2011\/02\/03\/65-jahre-die-zeit-%e2%80%93-die-ersten-besuche-stehen-fest\/","name":"65 Jahre DIE ZEIT \u2013 die ersten Besuche stehen fest - ZEIT der Leser","isPartOf":{"@id":"https:\/\/blog.zeit.de\/zeit-der-leser\/#website"},"datePublished":"2011-02-03T04:03:18+00:00","dateModified":"2011-02-02T14:03:42+00:00","author":{"@id":"https:\/\/blog.zeit.de\/zeit-der-leser\/#\/schema\/person\/e248c7ff5a10552f6a3bd5e9385b3667"},"breadcrumb":{"@id":"https:\/\/blog.zeit.de\/zeit-der-leser\/2011\/02\/03\/65-jahre-die-zeit-%e2%80%93-die-ersten-besuche-stehen-fest\/#breadcrumb"},"inLanguage":"de","potentialAction":[{"@type":"ReadAction","target":["https:\/\/blog.zeit.de\/zeit-der-leser\/2011\/02\/03\/65-jahre-die-zeit-%e2%80%93-die-ersten-besuche-stehen-fest\/"]}]},{"@type":"BreadcrumbList","@id":"https:\/\/blog.zeit.de\/zeit-der-leser\/2011\/02\/03\/65-jahre-die-zeit-%e2%80%93-die-ersten-besuche-stehen-fest\/#breadcrumb","itemListElement":[{"@type":"ListItem","position":1,"name":"Startseite","item":"https:\/\/blog.zeit.de\/zeit-der-leser\/"},{"@type":"ListItem","position":2,"name":"65 Jahre DIE ZEIT \u2013 die ersten Besuche stehen fest"}]},{"@type":"WebSite","@id":"https:\/\/blog.zeit.de\/zeit-der-leser\/#website","url":"https:\/\/blog.zeit.de\/zeit-der-leser\/","name":"ZEIT der Leser","description":"Ein Blog mit Ihren Notizen, Gedichten und Bildern f\u00fcr die gedruckte ZEIT","potentialAction":[{"@type":"SearchAction","target":{"@type":"EntryPoint","urlTemplate":"https:\/\/blog.zeit.de\/zeit-der-leser\/?s={search_term_string}"},"query-input":"required name=search_term_string"}],"inLanguage":"de"},{"@type":"Person","@id":"https:\/\/blog.zeit.de\/zeit-der-leser\/#\/schema\/person\/e248c7ff5a10552f6a3bd5e9385b3667","name":"Zeit der Leser","image":{"@type":"ImageObject","inLanguage":"de","@id":"https:\/\/blog.zeit.de\/zeit-der-leser\/#\/schema\/person\/image\/","url":"https:\/\/secure.gravatar.com\/avatar\/529bb2731085995bda6c8ba0e4da7e528ea8be4e6c7abdd217f176e2309035f6?s=96&d=mm&r=g","contentUrl":"https:\/\/secure.gravatar.com\/avatar\/529bb2731085995bda6c8ba0e4da7e528ea8be4e6c7abdd217f176e2309035f6?s=96&d=mm&r=g","caption":"Zeit der Leser"},"url":"https:\/\/blog.zeit.de\/zeit-der-leser\/author\/zeit-der-leser\/"}]}},"jetpack_featured_media_url":"","jetpack_sharing_enabled":true,"_links":{"self":[{"href":"https:\/\/blog.zeit.de\/zeit-der-leser\/wp-json\/wp\/v2\/posts\/4025","targetHints":{"allow":["GET"]}}],"collection":[{"href":"https:\/\/blog.zeit.de\/zeit-der-leser\/wp-json\/wp\/v2\/posts"}],"about":[{"href":"https:\/\/blog.zeit.de\/zeit-der-leser\/wp-json\/wp\/v2\/types\/post"}],"author":[{"embeddable":true,"href":"https:\/\/blog.zeit.de\/zeit-der-leser\/wp-json\/wp\/v2\/users\/264"}],"replies":[{"embeddable":true,"href":"https:\/\/blog.zeit.de\/zeit-der-leser\/wp-json\/wp\/v2\/comments?post=4025"}],"version-history":[{"count":1,"href":"https:\/\/blog.zeit.de\/zeit-der-leser\/wp-json\/wp\/v2\/posts\/4025\/revisions"}],"predecessor-version":[{"id":4037,"href":"https:\/\/blog.zeit.de\/zeit-der-leser\/wp-json\/wp\/v2\/posts\/4025\/revisions\/4037"}],"wp:attachment":[{"href":"https:\/\/blog.zeit.de\/zeit-der-leser\/wp-json\/wp\/v2\/media?parent=4025"}],"wp:term":[{"taxonomy":"category","embeddable":true,"href":"https:\/\/blog.zeit.de\/zeit-der-leser\/wp-json\/wp\/v2\/categories?post=4025"},{"taxonomy":"post_tag","embeddable":true,"href":"https:\/\/blog.zeit.de\/zeit-der-leser\/wp-json\/wp\/v2\/tags?post=4025"}],"curies":[{"name":"wp","href":"https:\/\/api.w.org\/{rel}","templated":true}]}}