{"id":4066,"date":"2011-02-07T10:21:44","date_gmt":"2011-02-07T09:21:44","guid":{"rendered":"http:\/\/blog.zeit.de\/zeit-der-leser\/?p=4066"},"modified":"2011-02-03T10:23:07","modified_gmt":"2011-02-03T09:23:07","slug":"die-erlkonigin","status":"publish","type":"post","link":"https:\/\/blog.zeit.de\/zeit-der-leser\/2011\/02\/07\/die-erlkonigin\/","title":{"rendered":"Die Erlk\u00f6nigin"},"content":{"rendered":"<p><em>Nach dem &#8222;Erlk\u00f6nig&#8220; von Goethe<\/em><\/p>\n<p>Wer f\u00e4hrt so sp\u00e4t noch durch die Nacht?<br \/>\nEs ist Frau Aigner, die dar\u00fcber wacht<br \/>\nda\u00df alle im Land dioxinfrei essen,<br \/>\ndoch Niedersachsen hat wohl was vergessen.<\/p>\n<p>\u201eDer Betrieb in Damme, warum sagtet Ihr\u2019s nicht?\u201c \u2013<br \/>\n\u201eWir haben\u2019s im Griff \u2013 lest doch den Bericht!\u201c<br \/>\nDas Ganze hat einen langen Schweif,<br \/>\n 10 Tage kontrollos im Nebelstreif.<\/p>\n<p>Frau Aigner, Frau Aigner, seh\u2019n Sie nicht dort<br \/>\neinen hellen Fleck am tr\u00fcben Ort?<br \/>\nDenn immer nur MEHR bei noch geringeren Preisen,<br \/>\nda kann von uns keiner mehr ordentlich speisen.<\/p>\n<p>Dem Verbraucher grauset\u2019s. Er ist zu geschwind<br \/>\nbeim Deuten mit Fingern auf\u2019s b\u00f6se Gesind.<br \/>\nWir zahlen zu wenig \u2013 und das ohne Not!<br \/>\nGuter Preis + Kontrolle \u2013 und\u2019s Gesindel w\u00e4r tot!<\/p>\n<p><em>Gaby Rottler, Wei\u00dfenburg<\/em><\/p>\n","protected":false},"excerpt":{"rendered":"<p>Nach dem &#8222;Erlk\u00f6nig&#8220; von Goethe Wer f\u00e4hrt so sp\u00e4t noch durch die Nacht? Es ist Frau Aigner, die dar\u00fcber wacht da\u00df alle im Land dioxinfrei essen, doch Niedersachsen hat wohl was vergessen. \u201eDer Betrieb in Damme, warum sagtet Ihr\u2019s nicht?\u201c \u2013 \u201eWir haben\u2019s im Griff \u2013 lest doch den Bericht!\u201c Das Ganze hat einen langen [&hellip;]<\/p>\n","protected":false},"author":264,"featured_media":0,"comment_status":"open","ping_status":"open","sticky":false,"template":"","format":"standard","meta":{"_jetpack_memberships_contains_paid_content":false,"footnotes":""},"categories":[5684],"tags":[],"class_list":["post-4066","post","type-post","status-publish","format-standard","hentry","category-ein-gedicht"],"yoast_head":"<!-- This site is optimized with the Yoast SEO plugin v21.0 - https:\/\/yoast.com\/wordpress\/plugins\/seo\/ -->\n<title>Die Erlk\u00f6nigin - ZEIT der Leser<\/title>\n<meta name=\"robots\" content=\"index, follow, max-snippet:-1, max-image-preview:large, max-video-preview:-1\" \/>\n<link rel=\"canonical\" href=\"https:\/\/blog.zeit.de\/zeit-der-leser\/2011\/02\/07\/die-erlkonigin\/\" \/>\n<meta property=\"og:locale\" content=\"de_DE\" \/>\n<meta property=\"og:type\" content=\"article\" \/>\n<meta property=\"og:title\" content=\"Die Erlk\u00f6nigin - ZEIT der Leser\" \/>\n<meta property=\"og:description\" content=\"Nach dem &#8222;Erlk\u00f6nig&#8220; von Goethe Wer f\u00e4hrt so sp\u00e4t noch durch die Nacht? Es ist Frau Aigner, die dar\u00fcber wacht da\u00df alle im Land dioxinfrei essen, doch Niedersachsen hat wohl was vergessen. \u201eDer Betrieb in Damme, warum sagtet Ihr\u2019s nicht?\u201c \u2013 \u201eWir haben\u2019s im Griff \u2013 lest doch den Bericht!\u201c Das Ganze hat einen langen [&hellip;]\" \/>\n<meta property=\"og:url\" content=\"https:\/\/blog.zeit.de\/zeit-der-leser\/2011\/02\/07\/die-erlkonigin\/\" \/>\n<meta property=\"og:site_name\" content=\"ZEIT der Leser\" \/>\n<meta property=\"article:published_time\" content=\"2011-02-07T09:21:44+00:00\" \/>\n<meta property=\"article:modified_time\" content=\"2011-02-03T09:23:07+00:00\" \/>\n<meta name=\"author\" content=\"Zeit der Leser\" \/>\n<meta name=\"twitter:card\" content=\"summary_large_image\" \/>\n<meta name=\"twitter:label1\" content=\"Geschrieben von\" \/>\n\t<meta name=\"twitter:data1\" content=\"Zeit der Leser\" \/>\n\t<meta name=\"twitter:label2\" content=\"Gesch\u00e4tzte Lesezeit\" \/>\n\t<meta name=\"twitter:data2\" content=\"1\u00a0Minute\" \/>\n<script type=\"application\/ld+json\" class=\"yoast-schema-graph\">{\"@context\":\"https:\/\/schema.org\",\"@graph\":[{\"@type\":\"WebPage\",\"@id\":\"https:\/\/blog.zeit.de\/zeit-der-leser\/2011\/02\/07\/die-erlkonigin\/\",\"url\":\"https:\/\/blog.zeit.de\/zeit-der-leser\/2011\/02\/07\/die-erlkonigin\/\",\"name\":\"Die Erlk\u00f6nigin - ZEIT der Leser\",\"isPartOf\":{\"@id\":\"https:\/\/blog.zeit.de\/zeit-der-leser\/#website\"},\"datePublished\":\"2011-02-07T09:21:44+00:00\",\"dateModified\":\"2011-02-03T09:23:07+00:00\",\"author\":{\"@id\":\"https:\/\/blog.zeit.de\/zeit-der-leser\/#\/schema\/person\/e248c7ff5a10552f6a3bd5e9385b3667\"},\"breadcrumb\":{\"@id\":\"https:\/\/blog.zeit.de\/zeit-der-leser\/2011\/02\/07\/die-erlkonigin\/#breadcrumb\"},\"inLanguage\":\"de\",\"potentialAction\":[{\"@type\":\"ReadAction\",\"target\":[\"https:\/\/blog.zeit.de\/zeit-der-leser\/2011\/02\/07\/die-erlkonigin\/\"]}]},{\"@type\":\"BreadcrumbList\",\"@id\":\"https:\/\/blog.zeit.de\/zeit-der-leser\/2011\/02\/07\/die-erlkonigin\/#breadcrumb\",\"itemListElement\":[{\"@type\":\"ListItem\",\"position\":1,\"name\":\"Startseite\",\"item\":\"https:\/\/blog.zeit.de\/zeit-der-leser\/\"},{\"@type\":\"ListItem\",\"position\":2,\"name\":\"Die Erlk\u00f6nigin\"}]},{\"@type\":\"WebSite\",\"@id\":\"https:\/\/blog.zeit.de\/zeit-der-leser\/#website\",\"url\":\"https:\/\/blog.zeit.de\/zeit-der-leser\/\",\"name\":\"ZEIT der Leser\",\"description\":\"Ein Blog mit Ihren Notizen, Gedichten und Bildern f\u00fcr die gedruckte ZEIT\",\"potentialAction\":[{\"@type\":\"SearchAction\",\"target\":{\"@type\":\"EntryPoint\",\"urlTemplate\":\"https:\/\/blog.zeit.de\/zeit-der-leser\/?s={search_term_string}\"},\"query-input\":\"required name=search_term_string\"}],\"inLanguage\":\"de\"},{\"@type\":\"Person\",\"@id\":\"https:\/\/blog.zeit.de\/zeit-der-leser\/#\/schema\/person\/e248c7ff5a10552f6a3bd5e9385b3667\",\"name\":\"Zeit der Leser\",\"image\":{\"@type\":\"ImageObject\",\"inLanguage\":\"de\",\"@id\":\"https:\/\/blog.zeit.de\/zeit-der-leser\/#\/schema\/person\/image\/\",\"url\":\"https:\/\/secure.gravatar.com\/avatar\/529bb2731085995bda6c8ba0e4da7e528ea8be4e6c7abdd217f176e2309035f6?s=96&d=mm&r=g\",\"contentUrl\":\"https:\/\/secure.gravatar.com\/avatar\/529bb2731085995bda6c8ba0e4da7e528ea8be4e6c7abdd217f176e2309035f6?s=96&d=mm&r=g\",\"caption\":\"Zeit der Leser\"},\"url\":\"https:\/\/blog.zeit.de\/zeit-der-leser\/author\/zeit-der-leser\/\"}]}<\/script>\n<!-- \/ Yoast SEO plugin. -->","yoast_head_json":{"title":"Die Erlk\u00f6nigin - ZEIT der Leser","robots":{"index":"index","follow":"follow","max-snippet":"max-snippet:-1","max-image-preview":"max-image-preview:large","max-video-preview":"max-video-preview:-1"},"canonical":"https:\/\/blog.zeit.de\/zeit-der-leser\/2011\/02\/07\/die-erlkonigin\/","og_locale":"de_DE","og_type":"article","og_title":"Die Erlk\u00f6nigin - ZEIT der Leser","og_description":"Nach dem &#8222;Erlk\u00f6nig&#8220; von Goethe Wer f\u00e4hrt so sp\u00e4t noch durch die Nacht? Es ist Frau Aigner, die dar\u00fcber wacht da\u00df alle im Land dioxinfrei essen, doch Niedersachsen hat wohl was vergessen. \u201eDer Betrieb in Damme, warum sagtet Ihr\u2019s nicht?\u201c \u2013 \u201eWir haben\u2019s im Griff \u2013 lest doch den Bericht!\u201c Das Ganze hat einen langen [&hellip;]","og_url":"https:\/\/blog.zeit.de\/zeit-der-leser\/2011\/02\/07\/die-erlkonigin\/","og_site_name":"ZEIT der Leser","article_published_time":"2011-02-07T09:21:44+00:00","article_modified_time":"2011-02-03T09:23:07+00:00","author":"Zeit der Leser","twitter_card":"summary_large_image","twitter_misc":{"Geschrieben von":"Zeit der Leser","Gesch\u00e4tzte Lesezeit":"1\u00a0Minute"},"schema":{"@context":"https:\/\/schema.org","@graph":[{"@type":"WebPage","@id":"https:\/\/blog.zeit.de\/zeit-der-leser\/2011\/02\/07\/die-erlkonigin\/","url":"https:\/\/blog.zeit.de\/zeit-der-leser\/2011\/02\/07\/die-erlkonigin\/","name":"Die Erlk\u00f6nigin - ZEIT der Leser","isPartOf":{"@id":"https:\/\/blog.zeit.de\/zeit-der-leser\/#website"},"datePublished":"2011-02-07T09:21:44+00:00","dateModified":"2011-02-03T09:23:07+00:00","author":{"@id":"https:\/\/blog.zeit.de\/zeit-der-leser\/#\/schema\/person\/e248c7ff5a10552f6a3bd5e9385b3667"},"breadcrumb":{"@id":"https:\/\/blog.zeit.de\/zeit-der-leser\/2011\/02\/07\/die-erlkonigin\/#breadcrumb"},"inLanguage":"de","potentialAction":[{"@type":"ReadAction","target":["https:\/\/blog.zeit.de\/zeit-der-leser\/2011\/02\/07\/die-erlkonigin\/"]}]},{"@type":"BreadcrumbList","@id":"https:\/\/blog.zeit.de\/zeit-der-leser\/2011\/02\/07\/die-erlkonigin\/#breadcrumb","itemListElement":[{"@type":"ListItem","position":1,"name":"Startseite","item":"https:\/\/blog.zeit.de\/zeit-der-leser\/"},{"@type":"ListItem","position":2,"name":"Die Erlk\u00f6nigin"}]},{"@type":"WebSite","@id":"https:\/\/blog.zeit.de\/zeit-der-leser\/#website","url":"https:\/\/blog.zeit.de\/zeit-der-leser\/","name":"ZEIT der Leser","description":"Ein Blog mit Ihren Notizen, Gedichten und Bildern f\u00fcr die gedruckte ZEIT","potentialAction":[{"@type":"SearchAction","target":{"@type":"EntryPoint","urlTemplate":"https:\/\/blog.zeit.de\/zeit-der-leser\/?s={search_term_string}"},"query-input":"required name=search_term_string"}],"inLanguage":"de"},{"@type":"Person","@id":"https:\/\/blog.zeit.de\/zeit-der-leser\/#\/schema\/person\/e248c7ff5a10552f6a3bd5e9385b3667","name":"Zeit der Leser","image":{"@type":"ImageObject","inLanguage":"de","@id":"https:\/\/blog.zeit.de\/zeit-der-leser\/#\/schema\/person\/image\/","url":"https:\/\/secure.gravatar.com\/avatar\/529bb2731085995bda6c8ba0e4da7e528ea8be4e6c7abdd217f176e2309035f6?s=96&d=mm&r=g","contentUrl":"https:\/\/secure.gravatar.com\/avatar\/529bb2731085995bda6c8ba0e4da7e528ea8be4e6c7abdd217f176e2309035f6?s=96&d=mm&r=g","caption":"Zeit der Leser"},"url":"https:\/\/blog.zeit.de\/zeit-der-leser\/author\/zeit-der-leser\/"}]}},"jetpack_featured_media_url":"","jetpack_sharing_enabled":true,"_links":{"self":[{"href":"https:\/\/blog.zeit.de\/zeit-der-leser\/wp-json\/wp\/v2\/posts\/4066","targetHints":{"allow":["GET"]}}],"collection":[{"href":"https:\/\/blog.zeit.de\/zeit-der-leser\/wp-json\/wp\/v2\/posts"}],"about":[{"href":"https:\/\/blog.zeit.de\/zeit-der-leser\/wp-json\/wp\/v2\/types\/post"}],"author":[{"embeddable":true,"href":"https:\/\/blog.zeit.de\/zeit-der-leser\/wp-json\/wp\/v2\/users\/264"}],"replies":[{"embeddable":true,"href":"https:\/\/blog.zeit.de\/zeit-der-leser\/wp-json\/wp\/v2\/comments?post=4066"}],"version-history":[{"count":1,"href":"https:\/\/blog.zeit.de\/zeit-der-leser\/wp-json\/wp\/v2\/posts\/4066\/revisions"}],"predecessor-version":[{"id":4067,"href":"https:\/\/blog.zeit.de\/zeit-der-leser\/wp-json\/wp\/v2\/posts\/4066\/revisions\/4067"}],"wp:attachment":[{"href":"https:\/\/blog.zeit.de\/zeit-der-leser\/wp-json\/wp\/v2\/media?parent=4066"}],"wp:term":[{"taxonomy":"category","embeddable":true,"href":"https:\/\/blog.zeit.de\/zeit-der-leser\/wp-json\/wp\/v2\/categories?post=4066"},{"taxonomy":"post_tag","embeddable":true,"href":"https:\/\/blog.zeit.de\/zeit-der-leser\/wp-json\/wp\/v2\/tags?post=4066"}],"curies":[{"name":"wp","href":"https:\/\/api.w.org\/{rel}","templated":true}]}}