{"id":4087,"date":"2011-02-13T08:21:44","date_gmt":"2011-02-13T07:21:44","guid":{"rendered":"http:\/\/blog.zeit.de\/zeit-der-leser\/?p=4087"},"modified":"2011-02-09T11:23:28","modified_gmt":"2011-02-09T10:23:28","slug":"im-winter","status":"publish","type":"post","link":"https:\/\/blog.zeit.de\/zeit-der-leser\/2011\/02\/13\/im-winter\/","title":{"rendered":"Im Winter"},"content":{"rendered":"<p><em>nach Johann Wolfgang von Goethe, &#8222;Erlk\u00f6nig&#8220;<\/em><\/p>\n<p>Wer schlittert so flott u\u0308ber Graupel und Eis?<br \/>\nEs ist die Oma, die vom R\u00e4umen nichts wei\u00df.<br \/>\nAm Morgen noch fr\u00f6hlich aufgewacht \u2013<br \/>\njetzt liegt alles verschneit. Alles wei\u00df u\u0308ber Nacht!<\/p>\n<p>&#8222;Ja Oma, was greifst du den Stock denn so fest?&#8220;<br \/>\n&#8222;So hoch der Schnee, Sohn, das gibt mir den Rest.<br \/>\nDie Wege so glatt, ich komm nicht hinaus!&#8220;<br \/>\n&#8222;Ach Oma, dann geh doch zur\u00fcck ins Haus!&#8220;<\/p>\n<p>&#8222;Mein Sohn, mein Sohn, ich brauch doch zu essen,<br \/>\ndie R\u00e4umdienste alle, die kannste vergessen.&#8220;<br \/>\n&#8222;Ach Oma, bleib ruhig, wart einfach ab,<br \/>\nzum Einkaufen ist mir die Zeit zu knapp.&#8220;<\/p>\n<p>Die zittrige Hand fasst die Schneeschaufel schwer,<br \/>\ndie Oma, sie findet den Weg nicht mehr.<br \/>\nEs rutscht das Bein, der Boden bebt,<br \/>\nRollator zerbrochen, Gro\u00dfmutter lebt.<\/p>\n<p><em>Heike Hagemeister, Heroldsbach, Oberfranken<\/em><\/p>\n","protected":false},"excerpt":{"rendered":"<p>nach Johann Wolfgang von Goethe, &#8222;Erlk\u00f6nig&#8220; Wer schlittert so flott u\u0308ber Graupel und Eis? Es ist die Oma, die vom R\u00e4umen nichts wei\u00df. Am Morgen noch fr\u00f6hlich aufgewacht \u2013 jetzt liegt alles verschneit. Alles wei\u00df u\u0308ber Nacht! &#8222;Ja Oma, was greifst du den Stock denn so fest?&#8220; &#8222;So hoch der Schnee, Sohn, das gibt mir [&hellip;]<\/p>\n","protected":false},"author":264,"featured_media":0,"comment_status":"open","ping_status":"open","sticky":false,"template":"","format":"standard","meta":{"_jetpack_memberships_contains_paid_content":false,"footnotes":""},"categories":[5684],"tags":[],"class_list":["post-4087","post","type-post","status-publish","format-standard","hentry","category-ein-gedicht"],"yoast_head":"<!-- This site is optimized with the Yoast SEO plugin v21.0 - https:\/\/yoast.com\/wordpress\/plugins\/seo\/ -->\n<title>Im Winter - ZEIT der Leser<\/title>\n<meta name=\"robots\" content=\"index, follow, max-snippet:-1, max-image-preview:large, max-video-preview:-1\" \/>\n<link rel=\"canonical\" href=\"https:\/\/blog.zeit.de\/zeit-der-leser\/2011\/02\/13\/im-winter\/\" \/>\n<meta property=\"og:locale\" content=\"de_DE\" \/>\n<meta property=\"og:type\" content=\"article\" \/>\n<meta property=\"og:title\" content=\"Im Winter - ZEIT der Leser\" \/>\n<meta property=\"og:description\" content=\"nach Johann Wolfgang von Goethe, &#8222;Erlk\u00f6nig&#8220; Wer schlittert so flott u\u0308ber Graupel und Eis? Es ist die Oma, die vom R\u00e4umen nichts wei\u00df. Am Morgen noch fr\u00f6hlich aufgewacht \u2013 jetzt liegt alles verschneit. Alles wei\u00df u\u0308ber Nacht! &#8222;Ja Oma, was greifst du den Stock denn so fest?&#8220; &#8222;So hoch der Schnee, Sohn, das gibt mir [&hellip;]\" \/>\n<meta property=\"og:url\" content=\"https:\/\/blog.zeit.de\/zeit-der-leser\/2011\/02\/13\/im-winter\/\" \/>\n<meta property=\"og:site_name\" content=\"ZEIT der Leser\" \/>\n<meta property=\"article:published_time\" content=\"2011-02-13T07:21:44+00:00\" \/>\n<meta property=\"article:modified_time\" content=\"2011-02-09T10:23:28+00:00\" \/>\n<meta name=\"author\" content=\"Zeit der Leser\" \/>\n<meta name=\"twitter:card\" content=\"summary_large_image\" \/>\n<meta name=\"twitter:label1\" content=\"Geschrieben von\" \/>\n\t<meta name=\"twitter:data1\" content=\"Zeit der Leser\" \/>\n\t<meta name=\"twitter:label2\" content=\"Gesch\u00e4tzte Lesezeit\" \/>\n\t<meta name=\"twitter:data2\" content=\"1\u00a0Minute\" \/>\n<script type=\"application\/ld+json\" class=\"yoast-schema-graph\">{\"@context\":\"https:\/\/schema.org\",\"@graph\":[{\"@type\":\"WebPage\",\"@id\":\"https:\/\/blog.zeit.de\/zeit-der-leser\/2011\/02\/13\/im-winter\/\",\"url\":\"https:\/\/blog.zeit.de\/zeit-der-leser\/2011\/02\/13\/im-winter\/\",\"name\":\"Im Winter - ZEIT der Leser\",\"isPartOf\":{\"@id\":\"https:\/\/blog.zeit.de\/zeit-der-leser\/#website\"},\"datePublished\":\"2011-02-13T07:21:44+00:00\",\"dateModified\":\"2011-02-09T10:23:28+00:00\",\"author\":{\"@id\":\"https:\/\/blog.zeit.de\/zeit-der-leser\/#\/schema\/person\/e248c7ff5a10552f6a3bd5e9385b3667\"},\"breadcrumb\":{\"@id\":\"https:\/\/blog.zeit.de\/zeit-der-leser\/2011\/02\/13\/im-winter\/#breadcrumb\"},\"inLanguage\":\"de\",\"potentialAction\":[{\"@type\":\"ReadAction\",\"target\":[\"https:\/\/blog.zeit.de\/zeit-der-leser\/2011\/02\/13\/im-winter\/\"]}]},{\"@type\":\"BreadcrumbList\",\"@id\":\"https:\/\/blog.zeit.de\/zeit-der-leser\/2011\/02\/13\/im-winter\/#breadcrumb\",\"itemListElement\":[{\"@type\":\"ListItem\",\"position\":1,\"name\":\"Startseite\",\"item\":\"https:\/\/blog.zeit.de\/zeit-der-leser\/\"},{\"@type\":\"ListItem\",\"position\":2,\"name\":\"Im Winter\"}]},{\"@type\":\"WebSite\",\"@id\":\"https:\/\/blog.zeit.de\/zeit-der-leser\/#website\",\"url\":\"https:\/\/blog.zeit.de\/zeit-der-leser\/\",\"name\":\"ZEIT der Leser\",\"description\":\"Ein Blog mit Ihren Notizen, Gedichten und Bildern f\u00fcr die gedruckte ZEIT\",\"potentialAction\":[{\"@type\":\"SearchAction\",\"target\":{\"@type\":\"EntryPoint\",\"urlTemplate\":\"https:\/\/blog.zeit.de\/zeit-der-leser\/?s={search_term_string}\"},\"query-input\":\"required name=search_term_string\"}],\"inLanguage\":\"de\"},{\"@type\":\"Person\",\"@id\":\"https:\/\/blog.zeit.de\/zeit-der-leser\/#\/schema\/person\/e248c7ff5a10552f6a3bd5e9385b3667\",\"name\":\"Zeit der Leser\",\"image\":{\"@type\":\"ImageObject\",\"inLanguage\":\"de\",\"@id\":\"https:\/\/blog.zeit.de\/zeit-der-leser\/#\/schema\/person\/image\/\",\"url\":\"https:\/\/secure.gravatar.com\/avatar\/529bb2731085995bda6c8ba0e4da7e528ea8be4e6c7abdd217f176e2309035f6?s=96&d=mm&r=g\",\"contentUrl\":\"https:\/\/secure.gravatar.com\/avatar\/529bb2731085995bda6c8ba0e4da7e528ea8be4e6c7abdd217f176e2309035f6?s=96&d=mm&r=g\",\"caption\":\"Zeit der Leser\"},\"url\":\"https:\/\/blog.zeit.de\/zeit-der-leser\/author\/zeit-der-leser\/\"}]}<\/script>\n<!-- \/ Yoast SEO plugin. -->","yoast_head_json":{"title":"Im Winter - ZEIT der Leser","robots":{"index":"index","follow":"follow","max-snippet":"max-snippet:-1","max-image-preview":"max-image-preview:large","max-video-preview":"max-video-preview:-1"},"canonical":"https:\/\/blog.zeit.de\/zeit-der-leser\/2011\/02\/13\/im-winter\/","og_locale":"de_DE","og_type":"article","og_title":"Im Winter - ZEIT der Leser","og_description":"nach Johann Wolfgang von Goethe, &#8222;Erlk\u00f6nig&#8220; Wer schlittert so flott u\u0308ber Graupel und Eis? Es ist die Oma, die vom R\u00e4umen nichts wei\u00df. Am Morgen noch fr\u00f6hlich aufgewacht \u2013 jetzt liegt alles verschneit. Alles wei\u00df u\u0308ber Nacht! &#8222;Ja Oma, was greifst du den Stock denn so fest?&#8220; &#8222;So hoch der Schnee, Sohn, das gibt mir [&hellip;]","og_url":"https:\/\/blog.zeit.de\/zeit-der-leser\/2011\/02\/13\/im-winter\/","og_site_name":"ZEIT der Leser","article_published_time":"2011-02-13T07:21:44+00:00","article_modified_time":"2011-02-09T10:23:28+00:00","author":"Zeit der Leser","twitter_card":"summary_large_image","twitter_misc":{"Geschrieben von":"Zeit der Leser","Gesch\u00e4tzte Lesezeit":"1\u00a0Minute"},"schema":{"@context":"https:\/\/schema.org","@graph":[{"@type":"WebPage","@id":"https:\/\/blog.zeit.de\/zeit-der-leser\/2011\/02\/13\/im-winter\/","url":"https:\/\/blog.zeit.de\/zeit-der-leser\/2011\/02\/13\/im-winter\/","name":"Im Winter - ZEIT der Leser","isPartOf":{"@id":"https:\/\/blog.zeit.de\/zeit-der-leser\/#website"},"datePublished":"2011-02-13T07:21:44+00:00","dateModified":"2011-02-09T10:23:28+00:00","author":{"@id":"https:\/\/blog.zeit.de\/zeit-der-leser\/#\/schema\/person\/e248c7ff5a10552f6a3bd5e9385b3667"},"breadcrumb":{"@id":"https:\/\/blog.zeit.de\/zeit-der-leser\/2011\/02\/13\/im-winter\/#breadcrumb"},"inLanguage":"de","potentialAction":[{"@type":"ReadAction","target":["https:\/\/blog.zeit.de\/zeit-der-leser\/2011\/02\/13\/im-winter\/"]}]},{"@type":"BreadcrumbList","@id":"https:\/\/blog.zeit.de\/zeit-der-leser\/2011\/02\/13\/im-winter\/#breadcrumb","itemListElement":[{"@type":"ListItem","position":1,"name":"Startseite","item":"https:\/\/blog.zeit.de\/zeit-der-leser\/"},{"@type":"ListItem","position":2,"name":"Im Winter"}]},{"@type":"WebSite","@id":"https:\/\/blog.zeit.de\/zeit-der-leser\/#website","url":"https:\/\/blog.zeit.de\/zeit-der-leser\/","name":"ZEIT der Leser","description":"Ein Blog mit Ihren Notizen, Gedichten und Bildern f\u00fcr die gedruckte ZEIT","potentialAction":[{"@type":"SearchAction","target":{"@type":"EntryPoint","urlTemplate":"https:\/\/blog.zeit.de\/zeit-der-leser\/?s={search_term_string}"},"query-input":"required name=search_term_string"}],"inLanguage":"de"},{"@type":"Person","@id":"https:\/\/blog.zeit.de\/zeit-der-leser\/#\/schema\/person\/e248c7ff5a10552f6a3bd5e9385b3667","name":"Zeit der Leser","image":{"@type":"ImageObject","inLanguage":"de","@id":"https:\/\/blog.zeit.de\/zeit-der-leser\/#\/schema\/person\/image\/","url":"https:\/\/secure.gravatar.com\/avatar\/529bb2731085995bda6c8ba0e4da7e528ea8be4e6c7abdd217f176e2309035f6?s=96&d=mm&r=g","contentUrl":"https:\/\/secure.gravatar.com\/avatar\/529bb2731085995bda6c8ba0e4da7e528ea8be4e6c7abdd217f176e2309035f6?s=96&d=mm&r=g","caption":"Zeit der Leser"},"url":"https:\/\/blog.zeit.de\/zeit-der-leser\/author\/zeit-der-leser\/"}]}},"jetpack_featured_media_url":"","jetpack_sharing_enabled":true,"_links":{"self":[{"href":"https:\/\/blog.zeit.de\/zeit-der-leser\/wp-json\/wp\/v2\/posts\/4087","targetHints":{"allow":["GET"]}}],"collection":[{"href":"https:\/\/blog.zeit.de\/zeit-der-leser\/wp-json\/wp\/v2\/posts"}],"about":[{"href":"https:\/\/blog.zeit.de\/zeit-der-leser\/wp-json\/wp\/v2\/types\/post"}],"author":[{"embeddable":true,"href":"https:\/\/blog.zeit.de\/zeit-der-leser\/wp-json\/wp\/v2\/users\/264"}],"replies":[{"embeddable":true,"href":"https:\/\/blog.zeit.de\/zeit-der-leser\/wp-json\/wp\/v2\/comments?post=4087"}],"version-history":[{"count":2,"href":"https:\/\/blog.zeit.de\/zeit-der-leser\/wp-json\/wp\/v2\/posts\/4087\/revisions"}],"predecessor-version":[{"id":4089,"href":"https:\/\/blog.zeit.de\/zeit-der-leser\/wp-json\/wp\/v2\/posts\/4087\/revisions\/4089"}],"wp:attachment":[{"href":"https:\/\/blog.zeit.de\/zeit-der-leser\/wp-json\/wp\/v2\/media?parent=4087"}],"wp:term":[{"taxonomy":"category","embeddable":true,"href":"https:\/\/blog.zeit.de\/zeit-der-leser\/wp-json\/wp\/v2\/categories?post=4087"},{"taxonomy":"post_tag","embeddable":true,"href":"https:\/\/blog.zeit.de\/zeit-der-leser\/wp-json\/wp\/v2\/tags?post=4087"}],"curies":[{"name":"wp","href":"https:\/\/api.w.org\/{rel}","templated":true}]}}