{"id":4152,"date":"2011-02-18T12:25:08","date_gmt":"2011-02-18T11:25:08","guid":{"rendered":"http:\/\/blog.zeit.de\/zeit-der-leser\/?p=4152"},"modified":"2011-02-24T10:48:33","modified_gmt":"2011-02-24T09:48:33","slug":"schnarchen","status":"publish","type":"post","link":"https:\/\/blog.zeit.de\/zeit-der-leser\/2011\/02\/18\/schnarchen\/","title":{"rendered":"Schnarchen"},"content":{"rendered":"<p><em>nach Hermann Hesses &#8222;Stufen&#8220; <\/em><\/p>\n<p>Wie mancher Manne schnarcht und Ruh<br \/>\nDer Unruh weicht, s\u00e4gst jede Nacht auch Du<br \/>\nUnz\u00e4hl&#8217;ge B\u00e4ume und die Frau beginnt zu lauern<br \/>\nZur Unzeit gar \u2013 das darf nicht ewig dauern.<\/p>\n<p>Es muss die Frau bei jedem Schnarchesrufe<br \/>\nBereit zum Abschied sein und sich abwenden,<br \/>\nUm sich statt Tapferkeit und ohne Kummer<br \/>\nStraff&#8217;ren Gaumensegeln zuzuwenden.<br \/>\nDenn jedem Grunzen wohnt ein Schweine inne,<br \/>\nDas uns abt\u00f6rnt und hilft, zu gehen.<\/p>\n<p>Statt wenig heiter fortan still zu leiden,<br \/>\nBefreien wir uns vom Schnauben und vom Knattern<br \/>\nDes Zungengrundes wiederkehrend Flattern<br \/>\nWolln nun entspannen, D\u00e4mmern\u00e4chte meiden.<br \/>\nKaum warn wir wohlig schlummernd an der Schulter<br \/>\nUnd traulich eingenickt, da folgt Erschrecken<br \/>\nNicht mehr bereit zu abendlicher Folter<br \/>\nKein l\u00e4rmendes Get\u00f6s soll uns mehr wecken.<\/p>\n<p>Es wird vielleicht auch noch die Todesstunde<br \/>\nManch&#8216; Frau solch Krach entgegen senden,<br \/>\nDoch f\u00fcr mich wird das nun endlich enden&#8230;<br \/>\nWohlan Frau, nimm Dir&#8217;n Neuen und gesunde!<\/p>\n<p><em>Silke Mardorf, Hannover<\/em><\/p>\n","protected":false},"excerpt":{"rendered":"<p>nach Hermann Hesses &#8222;Stufen&#8220; Wie mancher Manne schnarcht und Ruh Der Unruh weicht, s\u00e4gst jede Nacht auch Du Unz\u00e4hl&#8217;ge B\u00e4ume und die Frau beginnt zu lauern Zur Unzeit gar \u2013 das darf nicht ewig dauern. Es muss die Frau bei jedem Schnarchesrufe Bereit zum Abschied sein und sich abwenden, Um sich statt Tapferkeit und ohne [&hellip;]<\/p>\n","protected":false},"author":264,"featured_media":0,"comment_status":"open","ping_status":"open","sticky":false,"template":"","format":"standard","meta":{"_jetpack_memberships_contains_paid_content":false,"footnotes":""},"categories":[5684],"tags":[],"class_list":["post-4152","post","type-post","status-publish","format-standard","hentry","category-ein-gedicht"],"yoast_head":"<!-- This site is optimized with the Yoast SEO plugin v21.0 - https:\/\/yoast.com\/wordpress\/plugins\/seo\/ -->\n<title>Schnarchen  - ZEIT der Leser<\/title>\n<meta name=\"robots\" content=\"index, follow, max-snippet:-1, max-image-preview:large, max-video-preview:-1\" \/>\n<link rel=\"canonical\" href=\"https:\/\/blog.zeit.de\/zeit-der-leser\/2011\/02\/18\/schnarchen\/\" \/>\n<meta property=\"og:locale\" content=\"de_DE\" \/>\n<meta property=\"og:type\" content=\"article\" \/>\n<meta property=\"og:title\" content=\"Schnarchen  - ZEIT der Leser\" \/>\n<meta property=\"og:description\" content=\"nach Hermann Hesses &#8222;Stufen&#8220; Wie mancher Manne schnarcht und Ruh Der Unruh weicht, s\u00e4gst jede Nacht auch Du Unz\u00e4hl&#8217;ge B\u00e4ume und die Frau beginnt zu lauern Zur Unzeit gar \u2013 das darf nicht ewig dauern. Es muss die Frau bei jedem Schnarchesrufe Bereit zum Abschied sein und sich abwenden, Um sich statt Tapferkeit und ohne [&hellip;]\" \/>\n<meta property=\"og:url\" content=\"https:\/\/blog.zeit.de\/zeit-der-leser\/2011\/02\/18\/schnarchen\/\" \/>\n<meta property=\"og:site_name\" content=\"ZEIT der Leser\" \/>\n<meta property=\"article:published_time\" content=\"2011-02-18T11:25:08+00:00\" \/>\n<meta property=\"article:modified_time\" content=\"2011-02-24T09:48:33+00:00\" \/>\n<meta name=\"author\" content=\"Zeit der Leser\" \/>\n<meta name=\"twitter:card\" content=\"summary_large_image\" \/>\n<meta name=\"twitter:label1\" content=\"Geschrieben von\" \/>\n\t<meta name=\"twitter:data1\" content=\"Zeit der Leser\" \/>\n\t<meta name=\"twitter:label2\" content=\"Gesch\u00e4tzte Lesezeit\" \/>\n\t<meta name=\"twitter:data2\" content=\"1\u00a0Minute\" \/>\n<script type=\"application\/ld+json\" class=\"yoast-schema-graph\">{\"@context\":\"https:\/\/schema.org\",\"@graph\":[{\"@type\":\"WebPage\",\"@id\":\"https:\/\/blog.zeit.de\/zeit-der-leser\/2011\/02\/18\/schnarchen\/\",\"url\":\"https:\/\/blog.zeit.de\/zeit-der-leser\/2011\/02\/18\/schnarchen\/\",\"name\":\"Schnarchen - ZEIT der Leser\",\"isPartOf\":{\"@id\":\"https:\/\/blog.zeit.de\/zeit-der-leser\/#website\"},\"datePublished\":\"2011-02-18T11:25:08+00:00\",\"dateModified\":\"2011-02-24T09:48:33+00:00\",\"author\":{\"@id\":\"https:\/\/blog.zeit.de\/zeit-der-leser\/#\/schema\/person\/e248c7ff5a10552f6a3bd5e9385b3667\"},\"breadcrumb\":{\"@id\":\"https:\/\/blog.zeit.de\/zeit-der-leser\/2011\/02\/18\/schnarchen\/#breadcrumb\"},\"inLanguage\":\"de\",\"potentialAction\":[{\"@type\":\"ReadAction\",\"target\":[\"https:\/\/blog.zeit.de\/zeit-der-leser\/2011\/02\/18\/schnarchen\/\"]}]},{\"@type\":\"BreadcrumbList\",\"@id\":\"https:\/\/blog.zeit.de\/zeit-der-leser\/2011\/02\/18\/schnarchen\/#breadcrumb\",\"itemListElement\":[{\"@type\":\"ListItem\",\"position\":1,\"name\":\"Startseite\",\"item\":\"https:\/\/blog.zeit.de\/zeit-der-leser\/\"},{\"@type\":\"ListItem\",\"position\":2,\"name\":\"Schnarchen\"}]},{\"@type\":\"WebSite\",\"@id\":\"https:\/\/blog.zeit.de\/zeit-der-leser\/#website\",\"url\":\"https:\/\/blog.zeit.de\/zeit-der-leser\/\",\"name\":\"ZEIT der Leser\",\"description\":\"Ein Blog mit Ihren Notizen, Gedichten und Bildern f\u00fcr die gedruckte ZEIT\",\"potentialAction\":[{\"@type\":\"SearchAction\",\"target\":{\"@type\":\"EntryPoint\",\"urlTemplate\":\"https:\/\/blog.zeit.de\/zeit-der-leser\/?s={search_term_string}\"},\"query-input\":\"required name=search_term_string\"}],\"inLanguage\":\"de\"},{\"@type\":\"Person\",\"@id\":\"https:\/\/blog.zeit.de\/zeit-der-leser\/#\/schema\/person\/e248c7ff5a10552f6a3bd5e9385b3667\",\"name\":\"Zeit der Leser\",\"image\":{\"@type\":\"ImageObject\",\"inLanguage\":\"de\",\"@id\":\"https:\/\/blog.zeit.de\/zeit-der-leser\/#\/schema\/person\/image\/\",\"url\":\"https:\/\/secure.gravatar.com\/avatar\/529bb2731085995bda6c8ba0e4da7e528ea8be4e6c7abdd217f176e2309035f6?s=96&d=mm&r=g\",\"contentUrl\":\"https:\/\/secure.gravatar.com\/avatar\/529bb2731085995bda6c8ba0e4da7e528ea8be4e6c7abdd217f176e2309035f6?s=96&d=mm&r=g\",\"caption\":\"Zeit der Leser\"},\"url\":\"https:\/\/blog.zeit.de\/zeit-der-leser\/author\/zeit-der-leser\/\"}]}<\/script>\n<!-- \/ Yoast SEO plugin. -->","yoast_head_json":{"title":"Schnarchen  - ZEIT der Leser","robots":{"index":"index","follow":"follow","max-snippet":"max-snippet:-1","max-image-preview":"max-image-preview:large","max-video-preview":"max-video-preview:-1"},"canonical":"https:\/\/blog.zeit.de\/zeit-der-leser\/2011\/02\/18\/schnarchen\/","og_locale":"de_DE","og_type":"article","og_title":"Schnarchen  - ZEIT der Leser","og_description":"nach Hermann Hesses &#8222;Stufen&#8220; Wie mancher Manne schnarcht und Ruh Der Unruh weicht, s\u00e4gst jede Nacht auch Du Unz\u00e4hl&#8217;ge B\u00e4ume und die Frau beginnt zu lauern Zur Unzeit gar \u2013 das darf nicht ewig dauern. Es muss die Frau bei jedem Schnarchesrufe Bereit zum Abschied sein und sich abwenden, Um sich statt Tapferkeit und ohne [&hellip;]","og_url":"https:\/\/blog.zeit.de\/zeit-der-leser\/2011\/02\/18\/schnarchen\/","og_site_name":"ZEIT der Leser","article_published_time":"2011-02-18T11:25:08+00:00","article_modified_time":"2011-02-24T09:48:33+00:00","author":"Zeit der Leser","twitter_card":"summary_large_image","twitter_misc":{"Geschrieben von":"Zeit der Leser","Gesch\u00e4tzte Lesezeit":"1\u00a0Minute"},"schema":{"@context":"https:\/\/schema.org","@graph":[{"@type":"WebPage","@id":"https:\/\/blog.zeit.de\/zeit-der-leser\/2011\/02\/18\/schnarchen\/","url":"https:\/\/blog.zeit.de\/zeit-der-leser\/2011\/02\/18\/schnarchen\/","name":"Schnarchen - ZEIT der Leser","isPartOf":{"@id":"https:\/\/blog.zeit.de\/zeit-der-leser\/#website"},"datePublished":"2011-02-18T11:25:08+00:00","dateModified":"2011-02-24T09:48:33+00:00","author":{"@id":"https:\/\/blog.zeit.de\/zeit-der-leser\/#\/schema\/person\/e248c7ff5a10552f6a3bd5e9385b3667"},"breadcrumb":{"@id":"https:\/\/blog.zeit.de\/zeit-der-leser\/2011\/02\/18\/schnarchen\/#breadcrumb"},"inLanguage":"de","potentialAction":[{"@type":"ReadAction","target":["https:\/\/blog.zeit.de\/zeit-der-leser\/2011\/02\/18\/schnarchen\/"]}]},{"@type":"BreadcrumbList","@id":"https:\/\/blog.zeit.de\/zeit-der-leser\/2011\/02\/18\/schnarchen\/#breadcrumb","itemListElement":[{"@type":"ListItem","position":1,"name":"Startseite","item":"https:\/\/blog.zeit.de\/zeit-der-leser\/"},{"@type":"ListItem","position":2,"name":"Schnarchen"}]},{"@type":"WebSite","@id":"https:\/\/blog.zeit.de\/zeit-der-leser\/#website","url":"https:\/\/blog.zeit.de\/zeit-der-leser\/","name":"ZEIT der Leser","description":"Ein Blog mit Ihren Notizen, Gedichten und Bildern f\u00fcr die gedruckte ZEIT","potentialAction":[{"@type":"SearchAction","target":{"@type":"EntryPoint","urlTemplate":"https:\/\/blog.zeit.de\/zeit-der-leser\/?s={search_term_string}"},"query-input":"required name=search_term_string"}],"inLanguage":"de"},{"@type":"Person","@id":"https:\/\/blog.zeit.de\/zeit-der-leser\/#\/schema\/person\/e248c7ff5a10552f6a3bd5e9385b3667","name":"Zeit der Leser","image":{"@type":"ImageObject","inLanguage":"de","@id":"https:\/\/blog.zeit.de\/zeit-der-leser\/#\/schema\/person\/image\/","url":"https:\/\/secure.gravatar.com\/avatar\/529bb2731085995bda6c8ba0e4da7e528ea8be4e6c7abdd217f176e2309035f6?s=96&d=mm&r=g","contentUrl":"https:\/\/secure.gravatar.com\/avatar\/529bb2731085995bda6c8ba0e4da7e528ea8be4e6c7abdd217f176e2309035f6?s=96&d=mm&r=g","caption":"Zeit der Leser"},"url":"https:\/\/blog.zeit.de\/zeit-der-leser\/author\/zeit-der-leser\/"}]}},"jetpack_featured_media_url":"","jetpack_sharing_enabled":true,"_links":{"self":[{"href":"https:\/\/blog.zeit.de\/zeit-der-leser\/wp-json\/wp\/v2\/posts\/4152","targetHints":{"allow":["GET"]}}],"collection":[{"href":"https:\/\/blog.zeit.de\/zeit-der-leser\/wp-json\/wp\/v2\/posts"}],"about":[{"href":"https:\/\/blog.zeit.de\/zeit-der-leser\/wp-json\/wp\/v2\/types\/post"}],"author":[{"embeddable":true,"href":"https:\/\/blog.zeit.de\/zeit-der-leser\/wp-json\/wp\/v2\/users\/264"}],"replies":[{"embeddable":true,"href":"https:\/\/blog.zeit.de\/zeit-der-leser\/wp-json\/wp\/v2\/comments?post=4152"}],"version-history":[{"count":3,"href":"https:\/\/blog.zeit.de\/zeit-der-leser\/wp-json\/wp\/v2\/posts\/4152\/revisions"}],"predecessor-version":[{"id":4302,"href":"https:\/\/blog.zeit.de\/zeit-der-leser\/wp-json\/wp\/v2\/posts\/4152\/revisions\/4302"}],"wp:attachment":[{"href":"https:\/\/blog.zeit.de\/zeit-der-leser\/wp-json\/wp\/v2\/media?parent=4152"}],"wp:term":[{"taxonomy":"category","embeddable":true,"href":"https:\/\/blog.zeit.de\/zeit-der-leser\/wp-json\/wp\/v2\/categories?post=4152"},{"taxonomy":"post_tag","embeddable":true,"href":"https:\/\/blog.zeit.de\/zeit-der-leser\/wp-json\/wp\/v2\/tags?post=4152"}],"curies":[{"name":"wp","href":"https:\/\/api.w.org\/{rel}","templated":true}]}}