{"id":4290,"date":"2011-02-26T15:02:03","date_gmt":"2011-02-26T14:02:03","guid":{"rendered":"http:\/\/blog.zeit.de\/zeit-der-leser\/?p=4290"},"modified":"2011-02-23T15:18:04","modified_gmt":"2011-02-23T14:18:04","slug":"am-geburtstagstisch","status":"publish","type":"post","link":"https:\/\/blog.zeit.de\/zeit-der-leser\/2011\/02\/26\/am-geburtstagstisch\/","title":{"rendered":"Am Geburtstagstisch"},"content":{"rendered":"<p><em>Nach Heinrich Heine &#8222;Sie sa\u00dfen und tranken am Teetisch&#8220;<\/em><\/p>\n<p>Sie a\u00dfen westf\u00e4lisch an Tischen<br \/>\nund sprachen vom Essen viel.<br \/>\nDie Damen in buntesten R\u00fcschen<br \/>\nund Herren auf zartem Gest\u00fchl.<\/p>\n<p>Die Torte mu\u00df sein gehaltvoll,<br \/>\ndie dicke Mamma sprach.<br \/>\nDer Pappa, der \u00e4chzet ger\u00e4uschvoll,<br \/>\nsein Kragen gibt leider nicht nach.<\/p>\n<p>Die Dame schwatzt \u00fcber Gesundheit,<br \/>\nvon Obst und Quark und von M\u00fcsli,<br \/>\nund \u00f6ffnet: &#8222;Protest!&#8220; ihren Mund weit<br \/>\nzum Koch hin mit ernsthaftem Gr\u00fc\u00dfli.<\/p>\n<p>Ihr Gatte verkneift sich gro\u00dfm\u00fctig<br \/>\ndas Schlemmen, die alte Passion.<br \/>\nMadame ist zu Haus nicht so w\u00fctig.<br \/>\nAm Ende, was macht es denn schon?<\/p>\n<p>Die Omma schw\u00e4rmt lauthals vom Pickert,<br \/>\nden Oppa so gerne einst a\u00df.<br \/>\nDie Kleine hat heftig gekichert,<br \/>\nihr wurden die \u00c4uglein ganz na\u00df.<\/p>\n<p>Ihr Wunschpunsch hat andre Geschm\u00e4cker,<br \/>\nsie hat ihres Liebsten gedacht.<br \/>\nDa kennt sie ganz anderes Lecker<br \/>\nzur Nacht, ja, zur k\u00fcnftigen Nacht.<\/p>\n<p><em>Urte Skaliks-Wagner, angeregt durch: Christel Lechner, Tisch-Installation in der Ausstellung &#8222;Alltagsmenschen&#8220;<\/em><\/p>\n","protected":false},"excerpt":{"rendered":"<p>Nach Heinrich Heine &#8222;Sie sa\u00dfen und tranken am Teetisch&#8220; Sie a\u00dfen westf\u00e4lisch an Tischen und sprachen vom Essen viel. Die Damen in buntesten R\u00fcschen und Herren auf zartem Gest\u00fchl. Die Torte mu\u00df sein gehaltvoll, die dicke Mamma sprach. Der Pappa, der \u00e4chzet ger\u00e4uschvoll, sein Kragen gibt leider nicht nach. Die Dame schwatzt \u00fcber Gesundheit, von [&hellip;]<\/p>\n","protected":false},"author":264,"featured_media":0,"comment_status":"open","ping_status":"open","sticky":false,"template":"","format":"standard","meta":{"_jetpack_memberships_contains_paid_content":false,"footnotes":""},"categories":[5684],"tags":[],"class_list":["post-4290","post","type-post","status-publish","format-standard","hentry","category-ein-gedicht"],"yoast_head":"<!-- This site is optimized with the Yoast SEO plugin v21.0 - https:\/\/yoast.com\/wordpress\/plugins\/seo\/ -->\n<title>Am Geburtstagstisch - ZEIT der Leser<\/title>\n<meta name=\"robots\" content=\"index, follow, max-snippet:-1, max-image-preview:large, max-video-preview:-1\" \/>\n<link rel=\"canonical\" href=\"https:\/\/blog.zeit.de\/zeit-der-leser\/2011\/02\/26\/am-geburtstagstisch\/\" \/>\n<meta property=\"og:locale\" content=\"de_DE\" \/>\n<meta property=\"og:type\" content=\"article\" \/>\n<meta property=\"og:title\" content=\"Am Geburtstagstisch - ZEIT der Leser\" \/>\n<meta property=\"og:description\" content=\"Nach Heinrich Heine &#8222;Sie sa\u00dfen und tranken am Teetisch&#8220; Sie a\u00dfen westf\u00e4lisch an Tischen und sprachen vom Essen viel. Die Damen in buntesten R\u00fcschen und Herren auf zartem Gest\u00fchl. Die Torte mu\u00df sein gehaltvoll, die dicke Mamma sprach. Der Pappa, der \u00e4chzet ger\u00e4uschvoll, sein Kragen gibt leider nicht nach. Die Dame schwatzt \u00fcber Gesundheit, von [&hellip;]\" \/>\n<meta property=\"og:url\" content=\"https:\/\/blog.zeit.de\/zeit-der-leser\/2011\/02\/26\/am-geburtstagstisch\/\" \/>\n<meta property=\"og:site_name\" content=\"ZEIT der Leser\" \/>\n<meta property=\"article:published_time\" content=\"2011-02-26T14:02:03+00:00\" \/>\n<meta property=\"article:modified_time\" content=\"2011-02-23T14:18:04+00:00\" \/>\n<meta name=\"author\" content=\"Zeit der Leser\" \/>\n<meta name=\"twitter:card\" content=\"summary_large_image\" \/>\n<meta name=\"twitter:label1\" content=\"Geschrieben von\" \/>\n\t<meta name=\"twitter:data1\" content=\"Zeit der Leser\" \/>\n\t<meta name=\"twitter:label2\" content=\"Gesch\u00e4tzte Lesezeit\" \/>\n\t<meta name=\"twitter:data2\" content=\"1\u00a0Minute\" \/>\n<script type=\"application\/ld+json\" class=\"yoast-schema-graph\">{\"@context\":\"https:\/\/schema.org\",\"@graph\":[{\"@type\":\"WebPage\",\"@id\":\"https:\/\/blog.zeit.de\/zeit-der-leser\/2011\/02\/26\/am-geburtstagstisch\/\",\"url\":\"https:\/\/blog.zeit.de\/zeit-der-leser\/2011\/02\/26\/am-geburtstagstisch\/\",\"name\":\"Am Geburtstagstisch - ZEIT der Leser\",\"isPartOf\":{\"@id\":\"https:\/\/blog.zeit.de\/zeit-der-leser\/#website\"},\"datePublished\":\"2011-02-26T14:02:03+00:00\",\"dateModified\":\"2011-02-23T14:18:04+00:00\",\"author\":{\"@id\":\"https:\/\/blog.zeit.de\/zeit-der-leser\/#\/schema\/person\/e248c7ff5a10552f6a3bd5e9385b3667\"},\"breadcrumb\":{\"@id\":\"https:\/\/blog.zeit.de\/zeit-der-leser\/2011\/02\/26\/am-geburtstagstisch\/#breadcrumb\"},\"inLanguage\":\"de\",\"potentialAction\":[{\"@type\":\"ReadAction\",\"target\":[\"https:\/\/blog.zeit.de\/zeit-der-leser\/2011\/02\/26\/am-geburtstagstisch\/\"]}]},{\"@type\":\"BreadcrumbList\",\"@id\":\"https:\/\/blog.zeit.de\/zeit-der-leser\/2011\/02\/26\/am-geburtstagstisch\/#breadcrumb\",\"itemListElement\":[{\"@type\":\"ListItem\",\"position\":1,\"name\":\"Startseite\",\"item\":\"https:\/\/blog.zeit.de\/zeit-der-leser\/\"},{\"@type\":\"ListItem\",\"position\":2,\"name\":\"Am Geburtstagstisch\"}]},{\"@type\":\"WebSite\",\"@id\":\"https:\/\/blog.zeit.de\/zeit-der-leser\/#website\",\"url\":\"https:\/\/blog.zeit.de\/zeit-der-leser\/\",\"name\":\"ZEIT der Leser\",\"description\":\"Ein Blog mit Ihren Notizen, Gedichten und Bildern f\u00fcr die gedruckte ZEIT\",\"potentialAction\":[{\"@type\":\"SearchAction\",\"target\":{\"@type\":\"EntryPoint\",\"urlTemplate\":\"https:\/\/blog.zeit.de\/zeit-der-leser\/?s={search_term_string}\"},\"query-input\":\"required name=search_term_string\"}],\"inLanguage\":\"de\"},{\"@type\":\"Person\",\"@id\":\"https:\/\/blog.zeit.de\/zeit-der-leser\/#\/schema\/person\/e248c7ff5a10552f6a3bd5e9385b3667\",\"name\":\"Zeit der Leser\",\"image\":{\"@type\":\"ImageObject\",\"inLanguage\":\"de\",\"@id\":\"https:\/\/blog.zeit.de\/zeit-der-leser\/#\/schema\/person\/image\/\",\"url\":\"https:\/\/secure.gravatar.com\/avatar\/529bb2731085995bda6c8ba0e4da7e528ea8be4e6c7abdd217f176e2309035f6?s=96&d=mm&r=g\",\"contentUrl\":\"https:\/\/secure.gravatar.com\/avatar\/529bb2731085995bda6c8ba0e4da7e528ea8be4e6c7abdd217f176e2309035f6?s=96&d=mm&r=g\",\"caption\":\"Zeit der Leser\"},\"url\":\"https:\/\/blog.zeit.de\/zeit-der-leser\/author\/zeit-der-leser\/\"}]}<\/script>\n<!-- \/ Yoast SEO plugin. -->","yoast_head_json":{"title":"Am Geburtstagstisch - ZEIT der Leser","robots":{"index":"index","follow":"follow","max-snippet":"max-snippet:-1","max-image-preview":"max-image-preview:large","max-video-preview":"max-video-preview:-1"},"canonical":"https:\/\/blog.zeit.de\/zeit-der-leser\/2011\/02\/26\/am-geburtstagstisch\/","og_locale":"de_DE","og_type":"article","og_title":"Am Geburtstagstisch - ZEIT der Leser","og_description":"Nach Heinrich Heine &#8222;Sie sa\u00dfen und tranken am Teetisch&#8220; Sie a\u00dfen westf\u00e4lisch an Tischen und sprachen vom Essen viel. Die Damen in buntesten R\u00fcschen und Herren auf zartem Gest\u00fchl. Die Torte mu\u00df sein gehaltvoll, die dicke Mamma sprach. Der Pappa, der \u00e4chzet ger\u00e4uschvoll, sein Kragen gibt leider nicht nach. Die Dame schwatzt \u00fcber Gesundheit, von [&hellip;]","og_url":"https:\/\/blog.zeit.de\/zeit-der-leser\/2011\/02\/26\/am-geburtstagstisch\/","og_site_name":"ZEIT der Leser","article_published_time":"2011-02-26T14:02:03+00:00","article_modified_time":"2011-02-23T14:18:04+00:00","author":"Zeit der Leser","twitter_card":"summary_large_image","twitter_misc":{"Geschrieben von":"Zeit der Leser","Gesch\u00e4tzte Lesezeit":"1\u00a0Minute"},"schema":{"@context":"https:\/\/schema.org","@graph":[{"@type":"WebPage","@id":"https:\/\/blog.zeit.de\/zeit-der-leser\/2011\/02\/26\/am-geburtstagstisch\/","url":"https:\/\/blog.zeit.de\/zeit-der-leser\/2011\/02\/26\/am-geburtstagstisch\/","name":"Am Geburtstagstisch - ZEIT der Leser","isPartOf":{"@id":"https:\/\/blog.zeit.de\/zeit-der-leser\/#website"},"datePublished":"2011-02-26T14:02:03+00:00","dateModified":"2011-02-23T14:18:04+00:00","author":{"@id":"https:\/\/blog.zeit.de\/zeit-der-leser\/#\/schema\/person\/e248c7ff5a10552f6a3bd5e9385b3667"},"breadcrumb":{"@id":"https:\/\/blog.zeit.de\/zeit-der-leser\/2011\/02\/26\/am-geburtstagstisch\/#breadcrumb"},"inLanguage":"de","potentialAction":[{"@type":"ReadAction","target":["https:\/\/blog.zeit.de\/zeit-der-leser\/2011\/02\/26\/am-geburtstagstisch\/"]}]},{"@type":"BreadcrumbList","@id":"https:\/\/blog.zeit.de\/zeit-der-leser\/2011\/02\/26\/am-geburtstagstisch\/#breadcrumb","itemListElement":[{"@type":"ListItem","position":1,"name":"Startseite","item":"https:\/\/blog.zeit.de\/zeit-der-leser\/"},{"@type":"ListItem","position":2,"name":"Am Geburtstagstisch"}]},{"@type":"WebSite","@id":"https:\/\/blog.zeit.de\/zeit-der-leser\/#website","url":"https:\/\/blog.zeit.de\/zeit-der-leser\/","name":"ZEIT der Leser","description":"Ein Blog mit Ihren Notizen, Gedichten und Bildern f\u00fcr die gedruckte ZEIT","potentialAction":[{"@type":"SearchAction","target":{"@type":"EntryPoint","urlTemplate":"https:\/\/blog.zeit.de\/zeit-der-leser\/?s={search_term_string}"},"query-input":"required name=search_term_string"}],"inLanguage":"de"},{"@type":"Person","@id":"https:\/\/blog.zeit.de\/zeit-der-leser\/#\/schema\/person\/e248c7ff5a10552f6a3bd5e9385b3667","name":"Zeit der Leser","image":{"@type":"ImageObject","inLanguage":"de","@id":"https:\/\/blog.zeit.de\/zeit-der-leser\/#\/schema\/person\/image\/","url":"https:\/\/secure.gravatar.com\/avatar\/529bb2731085995bda6c8ba0e4da7e528ea8be4e6c7abdd217f176e2309035f6?s=96&d=mm&r=g","contentUrl":"https:\/\/secure.gravatar.com\/avatar\/529bb2731085995bda6c8ba0e4da7e528ea8be4e6c7abdd217f176e2309035f6?s=96&d=mm&r=g","caption":"Zeit der Leser"},"url":"https:\/\/blog.zeit.de\/zeit-der-leser\/author\/zeit-der-leser\/"}]}},"jetpack_featured_media_url":"","jetpack_sharing_enabled":true,"_links":{"self":[{"href":"https:\/\/blog.zeit.de\/zeit-der-leser\/wp-json\/wp\/v2\/posts\/4290","targetHints":{"allow":["GET"]}}],"collection":[{"href":"https:\/\/blog.zeit.de\/zeit-der-leser\/wp-json\/wp\/v2\/posts"}],"about":[{"href":"https:\/\/blog.zeit.de\/zeit-der-leser\/wp-json\/wp\/v2\/types\/post"}],"author":[{"embeddable":true,"href":"https:\/\/blog.zeit.de\/zeit-der-leser\/wp-json\/wp\/v2\/users\/264"}],"replies":[{"embeddable":true,"href":"https:\/\/blog.zeit.de\/zeit-der-leser\/wp-json\/wp\/v2\/comments?post=4290"}],"version-history":[{"count":2,"href":"https:\/\/blog.zeit.de\/zeit-der-leser\/wp-json\/wp\/v2\/posts\/4290\/revisions"}],"predecessor-version":[{"id":4294,"href":"https:\/\/blog.zeit.de\/zeit-der-leser\/wp-json\/wp\/v2\/posts\/4290\/revisions\/4294"}],"wp:attachment":[{"href":"https:\/\/blog.zeit.de\/zeit-der-leser\/wp-json\/wp\/v2\/media?parent=4290"}],"wp:term":[{"taxonomy":"category","embeddable":true,"href":"https:\/\/blog.zeit.de\/zeit-der-leser\/wp-json\/wp\/v2\/categories?post=4290"},{"taxonomy":"post_tag","embeddable":true,"href":"https:\/\/blog.zeit.de\/zeit-der-leser\/wp-json\/wp\/v2\/tags?post=4290"}],"curies":[{"name":"wp","href":"https:\/\/api.w.org\/{rel}","templated":true}]}}