{"id":4368,"date":"2011-03-06T14:00:55","date_gmt":"2011-03-06T13:00:55","guid":{"rendered":"http:\/\/blog.zeit.de\/zeit-der-leser\/?p=4368"},"modified":"2011-03-07T13:15:20","modified_gmt":"2011-03-07T12:15:20","slug":"eine-kleine-weltreise-8","status":"publish","type":"post","link":"https:\/\/blog.zeit.de\/zeit-der-leser\/2011\/03\/06\/eine-kleine-weltreise-8\/","title":{"rendered":"Eine kleine Weltreise&#8230;"},"content":{"rendered":"<p><em>&#8230; aus traurigem Anlass\u00ab unternimmt Sabine Kr\u00f6ner, 55: Im vergangenen Jahr ist ihr Mann in den Freitod gegangen, jetzt will sie durch neue Eindr\u00fccke Abstand gewinnen. Sie ist nach Buenos Aires geflogen und per Schiff um die S\u00fcdspitze Amerikas gefahren. Jetzt geht es durch die S\u00fcdsee nach Australien, Indonesien, S\u00fcdostasien, Indien und sp\u00e4ter durch den Sueskanal bis nach Venedig.<\/em><br \/>\nVor der Osterinsel lagen wir auf Reede. Und wegen des Wellengangs ben\u00f6tigte mancher Passagier die Hilfe von gleich drei kr\u00e4ftigen philippinischen Matrosen, um ins Tenderboot zu kommen. Aber es ist alles gut gegangen, wir haben Vulkane besucht, die Moais, jene kolossalen Steinfiguren, und die Felsbilder vom Vogelmann. Zur Belohnung gab es am Abend ein Barbecue auf dem Pooldeck und danach eine Modenschau f\u00fcr Problemfiguren, vorgef\u00fchrt von Crewmitgliedern beiderlei Geschlechtes. Ich h\u00e4tte ja Bademoden erwartet, aber das kommt vielleicht noch.<br \/>\nZwei Seetage sp\u00e4ter ersp\u00e4hen wir vor uns die wild aufragenden, mit \u00fcppigem Wald bedeckten Klippen der Insel Pitcairn, auf die sich einst die Meuterer von der Bounty gefl\u00fcchtet haben. Der Versuch, mit Booten der Einheimischen an Land zu gelangen, scheitert trotz gro\u00dfen Bem\u00fchens an der heftigen D\u00fcnung. So kommen die Nachfahren von Fletcher Christian zu uns an Bord, versorgen uns Passagiere mit Souvenirs und die K\u00fcche mit fangfrischem Seegetier.<br \/>\nAm Abend bin ich an den Tisch des Kapit\u00e4ns geladen und komme in den Genuss eines leckeren B\u00e4renkrebses, eines eigenartigen Verwandten der Languste. Tahiti ist die letzte Station dieser Passage. Mehrere Jeeps bringen uns ins Landesinnere mit Badestopp an einem k\u00fchlen Fluss. Unsere gut gebauten Fahrer verbreiten Acapulco- Feeling und springen von einem Felsen ins Wasser. Merci beaucoup (wir sind schlie\u00dflich in Franz\u00f6sisch-Polynesien) f\u00fcr diese Vorstellung!<br \/>\nUnd last, not least: Ein ganz herzliches Dankesch\u00f6n nach Wuppertal f\u00fcr die neue Kamera!<\/p>\n<p><em>Sabine K\u00f6ner, zzt. Nuku&#8217;alofa, Tonga<\/em><\/p>\n","protected":false},"excerpt":{"rendered":"<p>&#8230; aus traurigem Anlass\u00ab unternimmt Sabine Kr\u00f6ner, 55: Im vergangenen Jahr ist ihr Mann in den Freitod gegangen, jetzt will sie durch neue Eindr\u00fccke Abstand gewinnen. Sie ist nach Buenos Aires geflogen und per Schiff um die S\u00fcdspitze Amerikas gefahren. Jetzt geht es durch die S\u00fcdsee nach Australien, Indonesien, S\u00fcdostasien, Indien und sp\u00e4ter durch den [&hellip;]<\/p>\n","protected":false},"author":323,"featured_media":0,"comment_status":"open","ping_status":"open","sticky":false,"template":"","format":"standard","meta":{"_jetpack_memberships_contains_paid_content":false,"footnotes":""},"categories":[5685],"tags":[],"class_list":["post-4368","post","type-post","status-publish","format-standard","hentry","category-eine-kleine-weltreise"],"yoast_head":"<!-- This site is optimized with the Yoast SEO plugin v21.0 - https:\/\/yoast.com\/wordpress\/plugins\/seo\/ -->\n<title>Eine kleine Weltreise... - ZEIT der Leser<\/title>\n<meta name=\"robots\" content=\"index, follow, max-snippet:-1, max-image-preview:large, max-video-preview:-1\" \/>\n<link rel=\"canonical\" href=\"https:\/\/blog.zeit.de\/zeit-der-leser\/2011\/03\/06\/eine-kleine-weltreise-8\/\" \/>\n<meta property=\"og:locale\" content=\"de_DE\" \/>\n<meta property=\"og:type\" content=\"article\" \/>\n<meta property=\"og:title\" content=\"Eine kleine Weltreise... - ZEIT der Leser\" \/>\n<meta property=\"og:description\" content=\"&#8230; aus traurigem Anlass\u00ab unternimmt Sabine Kr\u00f6ner, 55: Im vergangenen Jahr ist ihr Mann in den Freitod gegangen, jetzt will sie durch neue Eindr\u00fccke Abstand gewinnen. Sie ist nach Buenos Aires geflogen und per Schiff um die S\u00fcdspitze Amerikas gefahren. Jetzt geht es durch die S\u00fcdsee nach Australien, Indonesien, S\u00fcdostasien, Indien und sp\u00e4ter durch den [&hellip;]\" \/>\n<meta property=\"og:url\" content=\"https:\/\/blog.zeit.de\/zeit-der-leser\/2011\/03\/06\/eine-kleine-weltreise-8\/\" \/>\n<meta property=\"og:site_name\" content=\"ZEIT der Leser\" \/>\n<meta property=\"article:published_time\" content=\"2011-03-06T13:00:55+00:00\" \/>\n<meta property=\"article:modified_time\" content=\"2011-03-07T12:15:20+00:00\" \/>\n<meta name=\"author\" content=\"Franziska Kelch\" \/>\n<meta name=\"twitter:card\" content=\"summary_large_image\" \/>\n<meta name=\"twitter:label1\" content=\"Geschrieben von\" \/>\n\t<meta name=\"twitter:data1\" content=\"Franziska Kelch\" \/>\n\t<meta name=\"twitter:label2\" content=\"Gesch\u00e4tzte Lesezeit\" \/>\n\t<meta name=\"twitter:data2\" content=\"2\u00a0Minuten\" \/>\n<script type=\"application\/ld+json\" class=\"yoast-schema-graph\">{\"@context\":\"https:\/\/schema.org\",\"@graph\":[{\"@type\":\"WebPage\",\"@id\":\"https:\/\/blog.zeit.de\/zeit-der-leser\/2011\/03\/06\/eine-kleine-weltreise-8\/\",\"url\":\"https:\/\/blog.zeit.de\/zeit-der-leser\/2011\/03\/06\/eine-kleine-weltreise-8\/\",\"name\":\"Eine kleine Weltreise... - ZEIT der Leser\",\"isPartOf\":{\"@id\":\"https:\/\/blog.zeit.de\/zeit-der-leser\/#website\"},\"datePublished\":\"2011-03-06T13:00:55+00:00\",\"dateModified\":\"2011-03-07T12:15:20+00:00\",\"author\":{\"@id\":\"https:\/\/blog.zeit.de\/zeit-der-leser\/#\/schema\/person\/eaa3c3ed8f838c4aafcd25e9710fcc68\"},\"breadcrumb\":{\"@id\":\"https:\/\/blog.zeit.de\/zeit-der-leser\/2011\/03\/06\/eine-kleine-weltreise-8\/#breadcrumb\"},\"inLanguage\":\"de\",\"potentialAction\":[{\"@type\":\"ReadAction\",\"target\":[\"https:\/\/blog.zeit.de\/zeit-der-leser\/2011\/03\/06\/eine-kleine-weltreise-8\/\"]}]},{\"@type\":\"BreadcrumbList\",\"@id\":\"https:\/\/blog.zeit.de\/zeit-der-leser\/2011\/03\/06\/eine-kleine-weltreise-8\/#breadcrumb\",\"itemListElement\":[{\"@type\":\"ListItem\",\"position\":1,\"name\":\"Startseite\",\"item\":\"https:\/\/blog.zeit.de\/zeit-der-leser\/\"},{\"@type\":\"ListItem\",\"position\":2,\"name\":\"Eine kleine Weltreise&#8230;\"}]},{\"@type\":\"WebSite\",\"@id\":\"https:\/\/blog.zeit.de\/zeit-der-leser\/#website\",\"url\":\"https:\/\/blog.zeit.de\/zeit-der-leser\/\",\"name\":\"ZEIT der Leser\",\"description\":\"Ein Blog mit Ihren Notizen, Gedichten und Bildern f\u00fcr die gedruckte ZEIT\",\"potentialAction\":[{\"@type\":\"SearchAction\",\"target\":{\"@type\":\"EntryPoint\",\"urlTemplate\":\"https:\/\/blog.zeit.de\/zeit-der-leser\/?s={search_term_string}\"},\"query-input\":\"required name=search_term_string\"}],\"inLanguage\":\"de\"},{\"@type\":\"Person\",\"@id\":\"https:\/\/blog.zeit.de\/zeit-der-leser\/#\/schema\/person\/eaa3c3ed8f838c4aafcd25e9710fcc68\",\"name\":\"Franziska Kelch\",\"image\":{\"@type\":\"ImageObject\",\"inLanguage\":\"de\",\"@id\":\"https:\/\/blog.zeit.de\/zeit-der-leser\/#\/schema\/person\/image\/\",\"url\":\"https:\/\/secure.gravatar.com\/avatar\/d7ae2b2bfc4c5c08ed3435dc2ecf53fcb6d4234c0aa486b8b64ce6549a61a378?s=96&d=mm&r=g\",\"contentUrl\":\"https:\/\/secure.gravatar.com\/avatar\/d7ae2b2bfc4c5c08ed3435dc2ecf53fcb6d4234c0aa486b8b64ce6549a61a378?s=96&d=mm&r=g\",\"caption\":\"Franziska Kelch\"},\"url\":\"https:\/\/blog.zeit.de\/zeit-der-leser\/author\/franziska-kelch\/\"}]}<\/script>\n<!-- \/ Yoast SEO plugin. -->","yoast_head_json":{"title":"Eine kleine Weltreise... - ZEIT der Leser","robots":{"index":"index","follow":"follow","max-snippet":"max-snippet:-1","max-image-preview":"max-image-preview:large","max-video-preview":"max-video-preview:-1"},"canonical":"https:\/\/blog.zeit.de\/zeit-der-leser\/2011\/03\/06\/eine-kleine-weltreise-8\/","og_locale":"de_DE","og_type":"article","og_title":"Eine kleine Weltreise... - ZEIT der Leser","og_description":"&#8230; aus traurigem Anlass\u00ab unternimmt Sabine Kr\u00f6ner, 55: Im vergangenen Jahr ist ihr Mann in den Freitod gegangen, jetzt will sie durch neue Eindr\u00fccke Abstand gewinnen. Sie ist nach Buenos Aires geflogen und per Schiff um die S\u00fcdspitze Amerikas gefahren. Jetzt geht es durch die S\u00fcdsee nach Australien, Indonesien, S\u00fcdostasien, Indien und sp\u00e4ter durch den [&hellip;]","og_url":"https:\/\/blog.zeit.de\/zeit-der-leser\/2011\/03\/06\/eine-kleine-weltreise-8\/","og_site_name":"ZEIT der Leser","article_published_time":"2011-03-06T13:00:55+00:00","article_modified_time":"2011-03-07T12:15:20+00:00","author":"Franziska Kelch","twitter_card":"summary_large_image","twitter_misc":{"Geschrieben von":"Franziska Kelch","Gesch\u00e4tzte Lesezeit":"2\u00a0Minuten"},"schema":{"@context":"https:\/\/schema.org","@graph":[{"@type":"WebPage","@id":"https:\/\/blog.zeit.de\/zeit-der-leser\/2011\/03\/06\/eine-kleine-weltreise-8\/","url":"https:\/\/blog.zeit.de\/zeit-der-leser\/2011\/03\/06\/eine-kleine-weltreise-8\/","name":"Eine kleine Weltreise... - ZEIT der Leser","isPartOf":{"@id":"https:\/\/blog.zeit.de\/zeit-der-leser\/#website"},"datePublished":"2011-03-06T13:00:55+00:00","dateModified":"2011-03-07T12:15:20+00:00","author":{"@id":"https:\/\/blog.zeit.de\/zeit-der-leser\/#\/schema\/person\/eaa3c3ed8f838c4aafcd25e9710fcc68"},"breadcrumb":{"@id":"https:\/\/blog.zeit.de\/zeit-der-leser\/2011\/03\/06\/eine-kleine-weltreise-8\/#breadcrumb"},"inLanguage":"de","potentialAction":[{"@type":"ReadAction","target":["https:\/\/blog.zeit.de\/zeit-der-leser\/2011\/03\/06\/eine-kleine-weltreise-8\/"]}]},{"@type":"BreadcrumbList","@id":"https:\/\/blog.zeit.de\/zeit-der-leser\/2011\/03\/06\/eine-kleine-weltreise-8\/#breadcrumb","itemListElement":[{"@type":"ListItem","position":1,"name":"Startseite","item":"https:\/\/blog.zeit.de\/zeit-der-leser\/"},{"@type":"ListItem","position":2,"name":"Eine kleine Weltreise&#8230;"}]},{"@type":"WebSite","@id":"https:\/\/blog.zeit.de\/zeit-der-leser\/#website","url":"https:\/\/blog.zeit.de\/zeit-der-leser\/","name":"ZEIT der Leser","description":"Ein Blog mit Ihren Notizen, Gedichten und Bildern f\u00fcr die gedruckte ZEIT","potentialAction":[{"@type":"SearchAction","target":{"@type":"EntryPoint","urlTemplate":"https:\/\/blog.zeit.de\/zeit-der-leser\/?s={search_term_string}"},"query-input":"required name=search_term_string"}],"inLanguage":"de"},{"@type":"Person","@id":"https:\/\/blog.zeit.de\/zeit-der-leser\/#\/schema\/person\/eaa3c3ed8f838c4aafcd25e9710fcc68","name":"Franziska Kelch","image":{"@type":"ImageObject","inLanguage":"de","@id":"https:\/\/blog.zeit.de\/zeit-der-leser\/#\/schema\/person\/image\/","url":"https:\/\/secure.gravatar.com\/avatar\/d7ae2b2bfc4c5c08ed3435dc2ecf53fcb6d4234c0aa486b8b64ce6549a61a378?s=96&d=mm&r=g","contentUrl":"https:\/\/secure.gravatar.com\/avatar\/d7ae2b2bfc4c5c08ed3435dc2ecf53fcb6d4234c0aa486b8b64ce6549a61a378?s=96&d=mm&r=g","caption":"Franziska Kelch"},"url":"https:\/\/blog.zeit.de\/zeit-der-leser\/author\/franziska-kelch\/"}]}},"jetpack_featured_media_url":"","jetpack_sharing_enabled":true,"_links":{"self":[{"href":"https:\/\/blog.zeit.de\/zeit-der-leser\/wp-json\/wp\/v2\/posts\/4368","targetHints":{"allow":["GET"]}}],"collection":[{"href":"https:\/\/blog.zeit.de\/zeit-der-leser\/wp-json\/wp\/v2\/posts"}],"about":[{"href":"https:\/\/blog.zeit.de\/zeit-der-leser\/wp-json\/wp\/v2\/types\/post"}],"author":[{"embeddable":true,"href":"https:\/\/blog.zeit.de\/zeit-der-leser\/wp-json\/wp\/v2\/users\/323"}],"replies":[{"embeddable":true,"href":"https:\/\/blog.zeit.de\/zeit-der-leser\/wp-json\/wp\/v2\/comments?post=4368"}],"version-history":[{"count":5,"href":"https:\/\/blog.zeit.de\/zeit-der-leser\/wp-json\/wp\/v2\/posts\/4368\/revisions"}],"predecessor-version":[{"id":4412,"href":"https:\/\/blog.zeit.de\/zeit-der-leser\/wp-json\/wp\/v2\/posts\/4368\/revisions\/4412"}],"wp:attachment":[{"href":"https:\/\/blog.zeit.de\/zeit-der-leser\/wp-json\/wp\/v2\/media?parent=4368"}],"wp:term":[{"taxonomy":"category","embeddable":true,"href":"https:\/\/blog.zeit.de\/zeit-der-leser\/wp-json\/wp\/v2\/categories?post=4368"},{"taxonomy":"post_tag","embeddable":true,"href":"https:\/\/blog.zeit.de\/zeit-der-leser\/wp-json\/wp\/v2\/tags?post=4368"}],"curies":[{"name":"wp","href":"https:\/\/api.w.org\/{rel}","templated":true}]}}