{"id":437,"date":"2010-04-12T15:51:19","date_gmt":"2010-04-12T13:51:19","guid":{"rendered":"http:\/\/blog.zeit.de\/zeit-der-leser\/?p=437"},"modified":"2010-04-12T15:51:19","modified_gmt":"2010-04-12T13:51:19","slug":"das-regt-mich-auf-storrische-verpackungen","status":"publish","type":"post","link":"https:\/\/blog.zeit.de\/zeit-der-leser\/2010\/04\/12\/das-regt-mich-auf-storrische-verpackungen\/","title":{"rendered":"Das regt mich auf: st\u00f6rrische Verpackungen"},"content":{"rendered":"<p>Jeden Morgen das gleiche Theater: mein Kampf gegen die Verpackungen. Entweder bin ich zu doof, oder die Packungen sind zu clever. Oder sind gar h\u00f6here M\u00e4chte im Spiel? <\/p>\n<p>Gerade wollte ich einen frischen Kaffee aufbru\u0308hen. Die Dose war leer, die neue Packung vakuumverpackt. Wegen der Frische und um mich zu \u00e4rgern. Seit ich Kaffeetrinker bin, l\u00e4uft nun folgender Film ab: Beim Aufrei\u00dfen der kleinen Kerbe, sollte ich sie ohne Brille gefunden haben, verstreut sich der halbe Kaffee. Versuche ich es zart, geht die Alufolie nicht auf. Rei\u00dfe ich daran: Ergebnis siehe oben. <\/p>\n<p>Der Joghurtbecher birgt \u00e4hnliche Probleme. Beim ersten Aufrei\u00dfversuch geht die Alulasche ab. Zum Glu\u0308ck nimmt sie noch einen du\u0308nnen Streifen des Deckels mit: Immerhin kann ich jetzt den Inhalt sehen. Doch die nun folgende Rumzerrerei endet mit unsch\u00f6nen Flecken auf dem Hemd. Getoppt wird das alles von eingeschwei\u00dftem Aufschnitt. Da gelangen mitteleurop\u00e4ische Normalfinger an ihre Grenzen. Ich wei\u00df: Es gibt die Lasche links unten. Doch falls ich die beiden Folien hier u\u0308berhaupt trennen kann, hei\u00dft das noch lange nicht, dass sie sich auch auseinanderziehen lassen. <\/p>\n<p>Um ob meiner Unf\u00e4higkeit nicht in Depressionen zu verfallen, habe ich mir eine Theorie zurechtgelegt: Die Industrie will mich zur Enthaltsamkeit erziehen. Und sie will, wie beim Kaffee, ihre Ums\u00e4tze steigern. Beides klingt plausibel und lenkt elegant von meiner Ungeschicklichkeit ab.<\/p>\n<p><em>Steffen K\u00f6pf, Hu\u0308mmel<\/em><\/p>\n","protected":false},"excerpt":{"rendered":"<p>Jeden Morgen das gleiche Theater: mein Kampf gegen die Verpackungen. Entweder bin ich zu doof, oder die Packungen sind zu clever. Oder sind gar h\u00f6here M\u00e4chte im Spiel? Gerade wollte ich einen frischen Kaffee aufbru\u0308hen. Die Dose war leer, die neue Packung vakuumverpackt. Wegen der Frische und um mich zu \u00e4rgern. Seit ich Kaffeetrinker bin, [&hellip;]<\/p>\n","protected":false},"author":264,"featured_media":0,"comment_status":"open","ping_status":"open","sticky":false,"template":"","format":"standard","meta":{"_jetpack_memberships_contains_paid_content":false,"footnotes":""},"categories":[1869],"tags":[],"class_list":["post-437","post","type-post","status-publish","format-standard","hentry","category-das-regt-mich-auf"],"yoast_head":"<!-- This site is optimized with the Yoast SEO plugin v21.0 - https:\/\/yoast.com\/wordpress\/plugins\/seo\/ -->\n<title>Das regt mich auf: st\u00f6rrische Verpackungen - ZEIT der Leser<\/title>\n<meta name=\"robots\" content=\"index, follow, max-snippet:-1, max-image-preview:large, max-video-preview:-1\" \/>\n<link rel=\"canonical\" href=\"https:\/\/blog.zeit.de\/zeit-der-leser\/2010\/04\/12\/das-regt-mich-auf-storrische-verpackungen\/\" \/>\n<meta property=\"og:locale\" content=\"de_DE\" \/>\n<meta property=\"og:type\" content=\"article\" \/>\n<meta property=\"og:title\" content=\"Das regt mich auf: st\u00f6rrische Verpackungen - ZEIT der Leser\" \/>\n<meta property=\"og:description\" content=\"Jeden Morgen das gleiche Theater: mein Kampf gegen die Verpackungen. Entweder bin ich zu doof, oder die Packungen sind zu clever. Oder sind gar h\u00f6here M\u00e4chte im Spiel? Gerade wollte ich einen frischen Kaffee aufbru\u0308hen. Die Dose war leer, die neue Packung vakuumverpackt. Wegen der Frische und um mich zu \u00e4rgern. Seit ich Kaffeetrinker bin, [&hellip;]\" \/>\n<meta property=\"og:url\" content=\"https:\/\/blog.zeit.de\/zeit-der-leser\/2010\/04\/12\/das-regt-mich-auf-storrische-verpackungen\/\" \/>\n<meta property=\"og:site_name\" content=\"ZEIT der Leser\" \/>\n<meta property=\"article:published_time\" content=\"2010-04-12T13:51:19+00:00\" \/>\n<meta name=\"author\" content=\"Zeit der Leser\" \/>\n<meta name=\"twitter:card\" content=\"summary_large_image\" \/>\n<meta name=\"twitter:label1\" content=\"Geschrieben von\" \/>\n\t<meta name=\"twitter:data1\" content=\"Zeit der Leser\" \/>\n\t<meta name=\"twitter:label2\" content=\"Gesch\u00e4tzte Lesezeit\" \/>\n\t<meta name=\"twitter:data2\" content=\"1\u00a0Minute\" \/>\n<script type=\"application\/ld+json\" class=\"yoast-schema-graph\">{\"@context\":\"https:\/\/schema.org\",\"@graph\":[{\"@type\":\"WebPage\",\"@id\":\"https:\/\/blog.zeit.de\/zeit-der-leser\/2010\/04\/12\/das-regt-mich-auf-storrische-verpackungen\/\",\"url\":\"https:\/\/blog.zeit.de\/zeit-der-leser\/2010\/04\/12\/das-regt-mich-auf-storrische-verpackungen\/\",\"name\":\"Das regt mich auf: st\u00f6rrische Verpackungen - ZEIT der Leser\",\"isPartOf\":{\"@id\":\"https:\/\/blog.zeit.de\/zeit-der-leser\/#website\"},\"datePublished\":\"2010-04-12T13:51:19+00:00\",\"dateModified\":\"2010-04-12T13:51:19+00:00\",\"author\":{\"@id\":\"https:\/\/blog.zeit.de\/zeit-der-leser\/#\/schema\/person\/e248c7ff5a10552f6a3bd5e9385b3667\"},\"breadcrumb\":{\"@id\":\"https:\/\/blog.zeit.de\/zeit-der-leser\/2010\/04\/12\/das-regt-mich-auf-storrische-verpackungen\/#breadcrumb\"},\"inLanguage\":\"de\",\"potentialAction\":[{\"@type\":\"ReadAction\",\"target\":[\"https:\/\/blog.zeit.de\/zeit-der-leser\/2010\/04\/12\/das-regt-mich-auf-storrische-verpackungen\/\"]}]},{\"@type\":\"BreadcrumbList\",\"@id\":\"https:\/\/blog.zeit.de\/zeit-der-leser\/2010\/04\/12\/das-regt-mich-auf-storrische-verpackungen\/#breadcrumb\",\"itemListElement\":[{\"@type\":\"ListItem\",\"position\":1,\"name\":\"Startseite\",\"item\":\"https:\/\/blog.zeit.de\/zeit-der-leser\/\"},{\"@type\":\"ListItem\",\"position\":2,\"name\":\"Das regt mich auf: st\u00f6rrische Verpackungen\"}]},{\"@type\":\"WebSite\",\"@id\":\"https:\/\/blog.zeit.de\/zeit-der-leser\/#website\",\"url\":\"https:\/\/blog.zeit.de\/zeit-der-leser\/\",\"name\":\"ZEIT der Leser\",\"description\":\"Ein Blog mit Ihren Notizen, Gedichten und Bildern f\u00fcr die gedruckte ZEIT\",\"potentialAction\":[{\"@type\":\"SearchAction\",\"target\":{\"@type\":\"EntryPoint\",\"urlTemplate\":\"https:\/\/blog.zeit.de\/zeit-der-leser\/?s={search_term_string}\"},\"query-input\":\"required name=search_term_string\"}],\"inLanguage\":\"de\"},{\"@type\":\"Person\",\"@id\":\"https:\/\/blog.zeit.de\/zeit-der-leser\/#\/schema\/person\/e248c7ff5a10552f6a3bd5e9385b3667\",\"name\":\"Zeit der Leser\",\"image\":{\"@type\":\"ImageObject\",\"inLanguage\":\"de\",\"@id\":\"https:\/\/blog.zeit.de\/zeit-der-leser\/#\/schema\/person\/image\/\",\"url\":\"https:\/\/secure.gravatar.com\/avatar\/529bb2731085995bda6c8ba0e4da7e528ea8be4e6c7abdd217f176e2309035f6?s=96&d=mm&r=g\",\"contentUrl\":\"https:\/\/secure.gravatar.com\/avatar\/529bb2731085995bda6c8ba0e4da7e528ea8be4e6c7abdd217f176e2309035f6?s=96&d=mm&r=g\",\"caption\":\"Zeit der Leser\"},\"url\":\"https:\/\/blog.zeit.de\/zeit-der-leser\/author\/zeit-der-leser\/\"}]}<\/script>\n<!-- \/ Yoast SEO plugin. -->","yoast_head_json":{"title":"Das regt mich auf: st\u00f6rrische Verpackungen - ZEIT der Leser","robots":{"index":"index","follow":"follow","max-snippet":"max-snippet:-1","max-image-preview":"max-image-preview:large","max-video-preview":"max-video-preview:-1"},"canonical":"https:\/\/blog.zeit.de\/zeit-der-leser\/2010\/04\/12\/das-regt-mich-auf-storrische-verpackungen\/","og_locale":"de_DE","og_type":"article","og_title":"Das regt mich auf: st\u00f6rrische Verpackungen - ZEIT der Leser","og_description":"Jeden Morgen das gleiche Theater: mein Kampf gegen die Verpackungen. Entweder bin ich zu doof, oder die Packungen sind zu clever. Oder sind gar h\u00f6here M\u00e4chte im Spiel? Gerade wollte ich einen frischen Kaffee aufbru\u0308hen. Die Dose war leer, die neue Packung vakuumverpackt. Wegen der Frische und um mich zu \u00e4rgern. Seit ich Kaffeetrinker bin, [&hellip;]","og_url":"https:\/\/blog.zeit.de\/zeit-der-leser\/2010\/04\/12\/das-regt-mich-auf-storrische-verpackungen\/","og_site_name":"ZEIT der Leser","article_published_time":"2010-04-12T13:51:19+00:00","author":"Zeit der Leser","twitter_card":"summary_large_image","twitter_misc":{"Geschrieben von":"Zeit der Leser","Gesch\u00e4tzte Lesezeit":"1\u00a0Minute"},"schema":{"@context":"https:\/\/schema.org","@graph":[{"@type":"WebPage","@id":"https:\/\/blog.zeit.de\/zeit-der-leser\/2010\/04\/12\/das-regt-mich-auf-storrische-verpackungen\/","url":"https:\/\/blog.zeit.de\/zeit-der-leser\/2010\/04\/12\/das-regt-mich-auf-storrische-verpackungen\/","name":"Das regt mich auf: st\u00f6rrische Verpackungen - ZEIT der Leser","isPartOf":{"@id":"https:\/\/blog.zeit.de\/zeit-der-leser\/#website"},"datePublished":"2010-04-12T13:51:19+00:00","dateModified":"2010-04-12T13:51:19+00:00","author":{"@id":"https:\/\/blog.zeit.de\/zeit-der-leser\/#\/schema\/person\/e248c7ff5a10552f6a3bd5e9385b3667"},"breadcrumb":{"@id":"https:\/\/blog.zeit.de\/zeit-der-leser\/2010\/04\/12\/das-regt-mich-auf-storrische-verpackungen\/#breadcrumb"},"inLanguage":"de","potentialAction":[{"@type":"ReadAction","target":["https:\/\/blog.zeit.de\/zeit-der-leser\/2010\/04\/12\/das-regt-mich-auf-storrische-verpackungen\/"]}]},{"@type":"BreadcrumbList","@id":"https:\/\/blog.zeit.de\/zeit-der-leser\/2010\/04\/12\/das-regt-mich-auf-storrische-verpackungen\/#breadcrumb","itemListElement":[{"@type":"ListItem","position":1,"name":"Startseite","item":"https:\/\/blog.zeit.de\/zeit-der-leser\/"},{"@type":"ListItem","position":2,"name":"Das regt mich auf: st\u00f6rrische Verpackungen"}]},{"@type":"WebSite","@id":"https:\/\/blog.zeit.de\/zeit-der-leser\/#website","url":"https:\/\/blog.zeit.de\/zeit-der-leser\/","name":"ZEIT der Leser","description":"Ein Blog mit Ihren Notizen, Gedichten und Bildern f\u00fcr die gedruckte ZEIT","potentialAction":[{"@type":"SearchAction","target":{"@type":"EntryPoint","urlTemplate":"https:\/\/blog.zeit.de\/zeit-der-leser\/?s={search_term_string}"},"query-input":"required name=search_term_string"}],"inLanguage":"de"},{"@type":"Person","@id":"https:\/\/blog.zeit.de\/zeit-der-leser\/#\/schema\/person\/e248c7ff5a10552f6a3bd5e9385b3667","name":"Zeit der Leser","image":{"@type":"ImageObject","inLanguage":"de","@id":"https:\/\/blog.zeit.de\/zeit-der-leser\/#\/schema\/person\/image\/","url":"https:\/\/secure.gravatar.com\/avatar\/529bb2731085995bda6c8ba0e4da7e528ea8be4e6c7abdd217f176e2309035f6?s=96&d=mm&r=g","contentUrl":"https:\/\/secure.gravatar.com\/avatar\/529bb2731085995bda6c8ba0e4da7e528ea8be4e6c7abdd217f176e2309035f6?s=96&d=mm&r=g","caption":"Zeit der Leser"},"url":"https:\/\/blog.zeit.de\/zeit-der-leser\/author\/zeit-der-leser\/"}]}},"jetpack_featured_media_url":"","jetpack_sharing_enabled":true,"_links":{"self":[{"href":"https:\/\/blog.zeit.de\/zeit-der-leser\/wp-json\/wp\/v2\/posts\/437","targetHints":{"allow":["GET"]}}],"collection":[{"href":"https:\/\/blog.zeit.de\/zeit-der-leser\/wp-json\/wp\/v2\/posts"}],"about":[{"href":"https:\/\/blog.zeit.de\/zeit-der-leser\/wp-json\/wp\/v2\/types\/post"}],"author":[{"embeddable":true,"href":"https:\/\/blog.zeit.de\/zeit-der-leser\/wp-json\/wp\/v2\/users\/264"}],"replies":[{"embeddable":true,"href":"https:\/\/blog.zeit.de\/zeit-der-leser\/wp-json\/wp\/v2\/comments?post=437"}],"version-history":[{"count":0,"href":"https:\/\/blog.zeit.de\/zeit-der-leser\/wp-json\/wp\/v2\/posts\/437\/revisions"}],"wp:attachment":[{"href":"https:\/\/blog.zeit.de\/zeit-der-leser\/wp-json\/wp\/v2\/media?parent=437"}],"wp:term":[{"taxonomy":"category","embeddable":true,"href":"https:\/\/blog.zeit.de\/zeit-der-leser\/wp-json\/wp\/v2\/categories?post=437"},{"taxonomy":"post_tag","embeddable":true,"href":"https:\/\/blog.zeit.de\/zeit-der-leser\/wp-json\/wp\/v2\/tags?post=437"}],"curies":[{"name":"wp","href":"https:\/\/api.w.org\/{rel}","templated":true}]}}