{"id":4503,"date":"2011-03-14T10:19:21","date_gmt":"2011-03-14T09:19:21","guid":{"rendered":"http:\/\/blog.zeit.de\/zeit-der-leser\/?p=4503"},"modified":"2011-03-09T16:23:08","modified_gmt":"2011-03-09T15:23:08","slug":"das-regt-mich-auf","status":"publish","type":"post","link":"https:\/\/blog.zeit.de\/zeit-der-leser\/2011\/03\/14\/das-regt-mich-auf\/","title":{"rendered":"Das regt mich auf!"},"content":{"rendered":"<p><a href=\"https:\/\/blog.zeit.de\/zeit-der-leser\/files\/2011\/03\/s90-das-regt-mich-auf.jpg\"><img loading=\"lazy\" decoding=\"async\" class=\"alignleft size-full wp-image-4504\" title=\"s90-das-regt-mich-auf\" src=\"https:\/\/blog.zeit.de\/zeit-der-leser\/files\/2011\/03\/s90-das-regt-mich-auf.jpg\" alt=\"\" width=\"180\" height=\"247\" \/><\/a>Das Fr\u00fchjahr steht vor der T\u00fcr. Und damit der Start in eine neue Motorradsaison. Allerorten wird wieder geunkt \u00fcber die \u00bbOrganspender\u00ab. Und da sehe ich dieses Plakat eines Telekommunikationsunternehmens: \u00bbDu sollst nicht langsam sein!\u00ab In Kombination mit dem abgebildeten Biker suggeriert das: \u00bbSei schnell wie der hier!\u00ab Psychologisch und soziologisch geschult, ahne ich, bei wie vielen Menschen das Plakat unterschwellig Vorurteile gegen\u00fcer dem Motorrad verst\u00e4rken wird. Ich mutma\u00dfe: in gr\u00f6\u00dferem Umfang, als es der Firma Unitymedia neue Kunden zutreibt. Als leidenschaftliche Sozia und Mutter einer motorradfahrenden Tochter, die ihre Hormone auf dem \u00bbBock\u00ab Gott sei Dank unter Kontrolle hat, kann ich nur sagen: Voll daneben!<\/p>\n<p><em>Romea Hallfahrt, Holzwickede<\/em><\/p>\n","protected":false},"excerpt":{"rendered":"<p>Das Fr\u00fchjahr steht vor der T\u00fcr. Und damit der Start in eine neue Motorradsaison. Allerorten wird wieder geunkt \u00fcber die \u00bbOrganspender\u00ab. Und da sehe ich dieses Plakat eines Telekommunikationsunternehmens: \u00bbDu sollst nicht langsam sein!\u00ab In Kombination mit dem abgebildeten Biker suggeriert das: \u00bbSei schnell wie der hier!\u00ab Psychologisch und soziologisch geschult, ahne ich, bei wie [&hellip;]<\/p>\n","protected":false},"author":265,"featured_media":0,"comment_status":"open","ping_status":"open","sticky":false,"template":"","format":"standard","meta":{"_jetpack_memberships_contains_paid_content":false,"footnotes":""},"categories":[1869],"tags":[],"class_list":["post-4503","post","type-post","status-publish","format-standard","hentry","category-das-regt-mich-auf"],"yoast_head":"<!-- This site is optimized with the Yoast SEO plugin v21.0 - https:\/\/yoast.com\/wordpress\/plugins\/seo\/ -->\n<title>Das regt mich auf! - ZEIT der Leser<\/title>\n<meta name=\"robots\" content=\"index, follow, max-snippet:-1, max-image-preview:large, max-video-preview:-1\" \/>\n<link rel=\"canonical\" href=\"https:\/\/blog.zeit.de\/zeit-der-leser\/2011\/03\/14\/das-regt-mich-auf\/\" \/>\n<meta property=\"og:locale\" content=\"de_DE\" \/>\n<meta property=\"og:type\" content=\"article\" \/>\n<meta property=\"og:title\" content=\"Das regt mich auf! - ZEIT der Leser\" \/>\n<meta property=\"og:description\" content=\"Das Fr\u00fchjahr steht vor der T\u00fcr. Und damit der Start in eine neue Motorradsaison. Allerorten wird wieder geunkt \u00fcber die \u00bbOrganspender\u00ab. Und da sehe ich dieses Plakat eines Telekommunikationsunternehmens: \u00bbDu sollst nicht langsam sein!\u00ab In Kombination mit dem abgebildeten Biker suggeriert das: \u00bbSei schnell wie der hier!\u00ab Psychologisch und soziologisch geschult, ahne ich, bei wie [&hellip;]\" \/>\n<meta property=\"og:url\" content=\"https:\/\/blog.zeit.de\/zeit-der-leser\/2011\/03\/14\/das-regt-mich-auf\/\" \/>\n<meta property=\"og:site_name\" content=\"ZEIT der Leser\" \/>\n<meta property=\"article:published_time\" content=\"2011-03-14T09:19:21+00:00\" \/>\n<meta property=\"article:modified_time\" content=\"2011-03-09T15:23:08+00:00\" \/>\n<meta property=\"og:image\" content=\"https:\/\/blog.zeit.de\/zeit-der-leser\/files\/2011\/03\/s90-das-regt-mich-auf.jpg\" \/>\n<meta name=\"author\" content=\"&quot;Zeit der Leser&quot;-Redaktion\" \/>\n<meta name=\"twitter:card\" content=\"summary_large_image\" \/>\n<meta name=\"twitter:label1\" content=\"Geschrieben von\" \/>\n\t<meta name=\"twitter:data1\" content=\"\"Zeit der Leser\"-Redaktion\" \/>\n\t<meta name=\"twitter:label2\" content=\"Gesch\u00e4tzte Lesezeit\" \/>\n\t<meta name=\"twitter:data2\" content=\"1\u00a0Minute\" \/>\n<script type=\"application\/ld+json\" class=\"yoast-schema-graph\">{\"@context\":\"https:\/\/schema.org\",\"@graph\":[{\"@type\":\"WebPage\",\"@id\":\"https:\/\/blog.zeit.de\/zeit-der-leser\/2011\/03\/14\/das-regt-mich-auf\/\",\"url\":\"https:\/\/blog.zeit.de\/zeit-der-leser\/2011\/03\/14\/das-regt-mich-auf\/\",\"name\":\"Das regt mich auf! - ZEIT der Leser\",\"isPartOf\":{\"@id\":\"https:\/\/blog.zeit.de\/zeit-der-leser\/#website\"},\"datePublished\":\"2011-03-14T09:19:21+00:00\",\"dateModified\":\"2011-03-09T15:23:08+00:00\",\"author\":{\"@id\":\"https:\/\/blog.zeit.de\/zeit-der-leser\/#\/schema\/person\/583b14e5ad6368c23af846ecbde9f20f\"},\"breadcrumb\":{\"@id\":\"https:\/\/blog.zeit.de\/zeit-der-leser\/2011\/03\/14\/das-regt-mich-auf\/#breadcrumb\"},\"inLanguage\":\"de\",\"potentialAction\":[{\"@type\":\"ReadAction\",\"target\":[\"https:\/\/blog.zeit.de\/zeit-der-leser\/2011\/03\/14\/das-regt-mich-auf\/\"]}]},{\"@type\":\"BreadcrumbList\",\"@id\":\"https:\/\/blog.zeit.de\/zeit-der-leser\/2011\/03\/14\/das-regt-mich-auf\/#breadcrumb\",\"itemListElement\":[{\"@type\":\"ListItem\",\"position\":1,\"name\":\"Startseite\",\"item\":\"https:\/\/blog.zeit.de\/zeit-der-leser\/\"},{\"@type\":\"ListItem\",\"position\":2,\"name\":\"Das regt mich auf!\"}]},{\"@type\":\"WebSite\",\"@id\":\"https:\/\/blog.zeit.de\/zeit-der-leser\/#website\",\"url\":\"https:\/\/blog.zeit.de\/zeit-der-leser\/\",\"name\":\"ZEIT der Leser\",\"description\":\"Ein Blog mit Ihren Notizen, Gedichten und Bildern f\u00fcr die gedruckte ZEIT\",\"potentialAction\":[{\"@type\":\"SearchAction\",\"target\":{\"@type\":\"EntryPoint\",\"urlTemplate\":\"https:\/\/blog.zeit.de\/zeit-der-leser\/?s={search_term_string}\"},\"query-input\":\"required name=search_term_string\"}],\"inLanguage\":\"de\"},{\"@type\":\"Person\",\"@id\":\"https:\/\/blog.zeit.de\/zeit-der-leser\/#\/schema\/person\/583b14e5ad6368c23af846ecbde9f20f\",\"name\":\"\\\"Zeit der Leser\\\"-Redaktion\",\"image\":{\"@type\":\"ImageObject\",\"inLanguage\":\"de\",\"@id\":\"https:\/\/blog.zeit.de\/zeit-der-leser\/#\/schema\/person\/image\/\",\"url\":\"https:\/\/secure.gravatar.com\/avatar\/e801a681bd3bbf2345131a815930b48d9f8e0a94de1346b624840dc850f67ad0?s=96&d=mm&r=g\",\"contentUrl\":\"https:\/\/secure.gravatar.com\/avatar\/e801a681bd3bbf2345131a815930b48d9f8e0a94de1346b624840dc850f67ad0?s=96&d=mm&r=g\",\"caption\":\"\\\"Zeit der Leser\\\"-Redaktion\"},\"url\":\"https:\/\/blog.zeit.de\/zeit-der-leser\/author\/zeit-der-leser-redaktion\/\"}]}<\/script>\n<!-- \/ Yoast SEO plugin. -->","yoast_head_json":{"title":"Das regt mich auf! - ZEIT der Leser","robots":{"index":"index","follow":"follow","max-snippet":"max-snippet:-1","max-image-preview":"max-image-preview:large","max-video-preview":"max-video-preview:-1"},"canonical":"https:\/\/blog.zeit.de\/zeit-der-leser\/2011\/03\/14\/das-regt-mich-auf\/","og_locale":"de_DE","og_type":"article","og_title":"Das regt mich auf! - ZEIT der Leser","og_description":"Das Fr\u00fchjahr steht vor der T\u00fcr. Und damit der Start in eine neue Motorradsaison. Allerorten wird wieder geunkt \u00fcber die \u00bbOrganspender\u00ab. Und da sehe ich dieses Plakat eines Telekommunikationsunternehmens: \u00bbDu sollst nicht langsam sein!\u00ab In Kombination mit dem abgebildeten Biker suggeriert das: \u00bbSei schnell wie der hier!\u00ab Psychologisch und soziologisch geschult, ahne ich, bei wie [&hellip;]","og_url":"https:\/\/blog.zeit.de\/zeit-der-leser\/2011\/03\/14\/das-regt-mich-auf\/","og_site_name":"ZEIT der Leser","article_published_time":"2011-03-14T09:19:21+00:00","article_modified_time":"2011-03-09T15:23:08+00:00","og_image":[{"url":"https:\/\/blog.zeit.de\/zeit-der-leser\/files\/2011\/03\/s90-das-regt-mich-auf.jpg"}],"author":"\"Zeit der Leser\"-Redaktion","twitter_card":"summary_large_image","twitter_misc":{"Geschrieben von":"\"Zeit der Leser\"-Redaktion","Gesch\u00e4tzte Lesezeit":"1\u00a0Minute"},"schema":{"@context":"https:\/\/schema.org","@graph":[{"@type":"WebPage","@id":"https:\/\/blog.zeit.de\/zeit-der-leser\/2011\/03\/14\/das-regt-mich-auf\/","url":"https:\/\/blog.zeit.de\/zeit-der-leser\/2011\/03\/14\/das-regt-mich-auf\/","name":"Das regt mich auf! - ZEIT der Leser","isPartOf":{"@id":"https:\/\/blog.zeit.de\/zeit-der-leser\/#website"},"datePublished":"2011-03-14T09:19:21+00:00","dateModified":"2011-03-09T15:23:08+00:00","author":{"@id":"https:\/\/blog.zeit.de\/zeit-der-leser\/#\/schema\/person\/583b14e5ad6368c23af846ecbde9f20f"},"breadcrumb":{"@id":"https:\/\/blog.zeit.de\/zeit-der-leser\/2011\/03\/14\/das-regt-mich-auf\/#breadcrumb"},"inLanguage":"de","potentialAction":[{"@type":"ReadAction","target":["https:\/\/blog.zeit.de\/zeit-der-leser\/2011\/03\/14\/das-regt-mich-auf\/"]}]},{"@type":"BreadcrumbList","@id":"https:\/\/blog.zeit.de\/zeit-der-leser\/2011\/03\/14\/das-regt-mich-auf\/#breadcrumb","itemListElement":[{"@type":"ListItem","position":1,"name":"Startseite","item":"https:\/\/blog.zeit.de\/zeit-der-leser\/"},{"@type":"ListItem","position":2,"name":"Das regt mich auf!"}]},{"@type":"WebSite","@id":"https:\/\/blog.zeit.de\/zeit-der-leser\/#website","url":"https:\/\/blog.zeit.de\/zeit-der-leser\/","name":"ZEIT der Leser","description":"Ein Blog mit Ihren Notizen, Gedichten und Bildern f\u00fcr die gedruckte ZEIT","potentialAction":[{"@type":"SearchAction","target":{"@type":"EntryPoint","urlTemplate":"https:\/\/blog.zeit.de\/zeit-der-leser\/?s={search_term_string}"},"query-input":"required name=search_term_string"}],"inLanguage":"de"},{"@type":"Person","@id":"https:\/\/blog.zeit.de\/zeit-der-leser\/#\/schema\/person\/583b14e5ad6368c23af846ecbde9f20f","name":"\"Zeit der Leser\"-Redaktion","image":{"@type":"ImageObject","inLanguage":"de","@id":"https:\/\/blog.zeit.de\/zeit-der-leser\/#\/schema\/person\/image\/","url":"https:\/\/secure.gravatar.com\/avatar\/e801a681bd3bbf2345131a815930b48d9f8e0a94de1346b624840dc850f67ad0?s=96&d=mm&r=g","contentUrl":"https:\/\/secure.gravatar.com\/avatar\/e801a681bd3bbf2345131a815930b48d9f8e0a94de1346b624840dc850f67ad0?s=96&d=mm&r=g","caption":"\"Zeit der Leser\"-Redaktion"},"url":"https:\/\/blog.zeit.de\/zeit-der-leser\/author\/zeit-der-leser-redaktion\/"}]}},"jetpack_featured_media_url":"","jetpack_sharing_enabled":true,"_links":{"self":[{"href":"https:\/\/blog.zeit.de\/zeit-der-leser\/wp-json\/wp\/v2\/posts\/4503","targetHints":{"allow":["GET"]}}],"collection":[{"href":"https:\/\/blog.zeit.de\/zeit-der-leser\/wp-json\/wp\/v2\/posts"}],"about":[{"href":"https:\/\/blog.zeit.de\/zeit-der-leser\/wp-json\/wp\/v2\/types\/post"}],"author":[{"embeddable":true,"href":"https:\/\/blog.zeit.de\/zeit-der-leser\/wp-json\/wp\/v2\/users\/265"}],"replies":[{"embeddable":true,"href":"https:\/\/blog.zeit.de\/zeit-der-leser\/wp-json\/wp\/v2\/comments?post=4503"}],"version-history":[{"count":2,"href":"https:\/\/blog.zeit.de\/zeit-der-leser\/wp-json\/wp\/v2\/posts\/4503\/revisions"}],"predecessor-version":[{"id":4506,"href":"https:\/\/blog.zeit.de\/zeit-der-leser\/wp-json\/wp\/v2\/posts\/4503\/revisions\/4506"}],"wp:attachment":[{"href":"https:\/\/blog.zeit.de\/zeit-der-leser\/wp-json\/wp\/v2\/media?parent=4503"}],"wp:term":[{"taxonomy":"category","embeddable":true,"href":"https:\/\/blog.zeit.de\/zeit-der-leser\/wp-json\/wp\/v2\/categories?post=4503"},{"taxonomy":"post_tag","embeddable":true,"href":"https:\/\/blog.zeit.de\/zeit-der-leser\/wp-json\/wp\/v2\/tags?post=4503"}],"curies":[{"name":"wp","href":"https:\/\/api.w.org\/{rel}","templated":true}]}}