{"id":4544,"date":"2011-03-16T10:53:03","date_gmt":"2011-03-16T09:53:03","guid":{"rendered":"http:\/\/blog.zeit.de\/zeit-der-leser\/?p=4544"},"modified":"2011-03-16T13:55:52","modified_gmt":"2011-03-16T12:55:52","slug":"65-jahre-die-zeit-2","status":"publish","type":"post","link":"https:\/\/blog.zeit.de\/zeit-der-leser\/2011\/03\/16\/65-jahre-die-zeit-2\/","title":{"rendered":"65 Jahre DIE ZEIT"},"content":{"rendered":"<p>W\u00e4hrend die letzten Besuchsw\u00fcnsche ausgew\u00e4hlt werden, gehen die ersten ZEIT-Mitarbeiter im Rahmen der Jubil\u00e4umsaktion \u201eDIE ZEIT reist zu ihren Lesern\u201c bereits auf Reisen. Am 3. M\u00e4rz, machte sich Wirtschafsredakteurin Anna Marohn auf den Weg nach Ingelheim. Studienrat Christian Just hatte sie zur Diskussion an das Sebastian-M\u00fcnster-Gymnasium eingeladen.<\/p>\n<p><a href=\"https:\/\/blog.zeit.de\/zeit-der-leser\/files\/2011\/03\/Anna-Marohn-in-Ingelheim-008.jpg\"><img loading=\"lazy\" decoding=\"async\" class=\"aligncenter size-full wp-image-4546\" title=\"Anna Marohn in Ingelheim 008\" src=\"https:\/\/blog.zeit.de\/zeit-der-leser\/files\/2011\/03\/Anna-Marohn-in-Ingelheim-008.jpg\" alt=\"\" width=\"540\" height=\"304\" \/><\/a><\/p>\n<p>An dem Tag, an dem in vielen Regionen \u201eWeiberfasnacht\u201c gefeiert wurde, waren auch in Ingelheim die Narren los: Zwischen gr\u00fcnen M\u00e4nnchen, Nonne und B\u00e4uerin sprach Anna Marohn in der Schulbibliothek \u00fcber ihren Werdegang, ihren Arbeitsalltag bei der ZEIT, und stellte sich den Fragen der Sch\u00fcler: Wie frei ist journalistische Arbeit wirklich? Was hat die Regierung in der Wirtschaftskrise richtig und was falsch gemacht? Die Themen reichten von China, \u00fcber die Zukunft des Journalismus, das Layout der ZEIT und die Konkurrenz der Wochenzeitung, bis hin zu pers\u00f6nlichen Fragen an die Redakteurin, z. B. \u00fcber ihre Diplomarbeit (\u201eGuttenberg-Test\u201c).<\/p>\n<p>Die Begeisterung nach dem Besuch war gro\u00df: <em>\u201eEs ist sch\u00f6n, dass man die M\u00f6glichkeit bekommt \u00fcber eine direkte Diskussion etwas \u00fcber Zeitung und den Journalistenalltag generell zu erfahren\u201c<\/em>, so die Oberstufensch\u00fclerin Marie Heinrichs. <em>\u201eEin interessantes und aufschlussreiches Gespr\u00e4ch, das uns die M\u00f6glichkeit gegeben hat, einen groben Einblick in den Beruf eines ZEIT-Journalisten zu gewinnen. Kompetent, begeisternd, interessant.\u201c, <\/em>best\u00e4tigte<em> <\/em>Oberstufensch\u00fcler Tim Wilhelmi im <a href=\"http:\/\/www.youtube.com\/watch?v=eizEWhId2n4\">Video<\/a>, das bei dem Besuch entstanden ist.<\/p>\n<p><em><br \/>\n<\/em><\/p>\n","protected":false},"excerpt":{"rendered":"<p>W\u00e4hrend die letzten Besuchsw\u00fcnsche ausgew\u00e4hlt werden, gehen die ersten ZEIT-Mitarbeiter im Rahmen der Jubil\u00e4umsaktion \u201eDIE ZEIT reist zu ihren Lesern\u201c bereits auf Reisen. Am 3. M\u00e4rz, machte sich Wirtschafsredakteurin Anna Marohn auf den Weg nach Ingelheim. Studienrat Christian Just hatte sie zur Diskussion an das Sebastian-M\u00fcnster-Gymnasium eingeladen. An dem Tag, an dem in vielen Regionen [&hellip;]<\/p>\n","protected":false},"author":323,"featured_media":0,"comment_status":"open","ping_status":"open","sticky":false,"template":"","format":"standard","meta":{"_jetpack_memberships_contains_paid_content":false,"footnotes":""},"categories":[5686],"tags":[],"class_list":["post-4544","post","type-post","status-publish","format-standard","hentry","category-65-jahre-die-zeit"],"yoast_head":"<!-- This site is optimized with the Yoast SEO plugin v21.0 - https:\/\/yoast.com\/wordpress\/plugins\/seo\/ -->\n<title>65 Jahre DIE ZEIT - ZEIT der Leser<\/title>\n<meta name=\"robots\" content=\"index, follow, max-snippet:-1, max-image-preview:large, max-video-preview:-1\" \/>\n<link rel=\"canonical\" href=\"https:\/\/blog.zeit.de\/zeit-der-leser\/2011\/03\/16\/65-jahre-die-zeit-2\/\" \/>\n<meta property=\"og:locale\" content=\"de_DE\" \/>\n<meta property=\"og:type\" content=\"article\" \/>\n<meta property=\"og:title\" content=\"65 Jahre DIE ZEIT - ZEIT der Leser\" \/>\n<meta property=\"og:description\" content=\"W\u00e4hrend die letzten Besuchsw\u00fcnsche ausgew\u00e4hlt werden, gehen die ersten ZEIT-Mitarbeiter im Rahmen der Jubil\u00e4umsaktion \u201eDIE ZEIT reist zu ihren Lesern\u201c bereits auf Reisen. Am 3. M\u00e4rz, machte sich Wirtschafsredakteurin Anna Marohn auf den Weg nach Ingelheim. Studienrat Christian Just hatte sie zur Diskussion an das Sebastian-M\u00fcnster-Gymnasium eingeladen. An dem Tag, an dem in vielen Regionen [&hellip;]\" \/>\n<meta property=\"og:url\" content=\"https:\/\/blog.zeit.de\/zeit-der-leser\/2011\/03\/16\/65-jahre-die-zeit-2\/\" \/>\n<meta property=\"og:site_name\" content=\"ZEIT der Leser\" \/>\n<meta property=\"article:published_time\" content=\"2011-03-16T09:53:03+00:00\" \/>\n<meta property=\"article:modified_time\" content=\"2011-03-16T12:55:52+00:00\" \/>\n<meta property=\"og:image\" content=\"https:\/\/blog.zeit.de\/zeit-der-leser\/files\/2011\/03\/Anna-Marohn-in-Ingelheim-008.jpg\" \/>\n<meta name=\"author\" content=\"Franziska Kelch\" \/>\n<meta name=\"twitter:card\" content=\"summary_large_image\" \/>\n<meta name=\"twitter:label1\" content=\"Geschrieben von\" \/>\n\t<meta name=\"twitter:data1\" content=\"Franziska Kelch\" \/>\n\t<meta name=\"twitter:label2\" content=\"Gesch\u00e4tzte Lesezeit\" \/>\n\t<meta name=\"twitter:data2\" content=\"1\u00a0Minute\" \/>\n<script type=\"application\/ld+json\" class=\"yoast-schema-graph\">{\"@context\":\"https:\/\/schema.org\",\"@graph\":[{\"@type\":\"WebPage\",\"@id\":\"https:\/\/blog.zeit.de\/zeit-der-leser\/2011\/03\/16\/65-jahre-die-zeit-2\/\",\"url\":\"https:\/\/blog.zeit.de\/zeit-der-leser\/2011\/03\/16\/65-jahre-die-zeit-2\/\",\"name\":\"65 Jahre DIE ZEIT - ZEIT der Leser\",\"isPartOf\":{\"@id\":\"https:\/\/blog.zeit.de\/zeit-der-leser\/#website\"},\"datePublished\":\"2011-03-16T09:53:03+00:00\",\"dateModified\":\"2011-03-16T12:55:52+00:00\",\"author\":{\"@id\":\"https:\/\/blog.zeit.de\/zeit-der-leser\/#\/schema\/person\/eaa3c3ed8f838c4aafcd25e9710fcc68\"},\"breadcrumb\":{\"@id\":\"https:\/\/blog.zeit.de\/zeit-der-leser\/2011\/03\/16\/65-jahre-die-zeit-2\/#breadcrumb\"},\"inLanguage\":\"de\",\"potentialAction\":[{\"@type\":\"ReadAction\",\"target\":[\"https:\/\/blog.zeit.de\/zeit-der-leser\/2011\/03\/16\/65-jahre-die-zeit-2\/\"]}]},{\"@type\":\"BreadcrumbList\",\"@id\":\"https:\/\/blog.zeit.de\/zeit-der-leser\/2011\/03\/16\/65-jahre-die-zeit-2\/#breadcrumb\",\"itemListElement\":[{\"@type\":\"ListItem\",\"position\":1,\"name\":\"Startseite\",\"item\":\"https:\/\/blog.zeit.de\/zeit-der-leser\/\"},{\"@type\":\"ListItem\",\"position\":2,\"name\":\"65 Jahre DIE ZEIT\"}]},{\"@type\":\"WebSite\",\"@id\":\"https:\/\/blog.zeit.de\/zeit-der-leser\/#website\",\"url\":\"https:\/\/blog.zeit.de\/zeit-der-leser\/\",\"name\":\"ZEIT der Leser\",\"description\":\"Ein Blog mit Ihren Notizen, Gedichten und Bildern f\u00fcr die gedruckte ZEIT\",\"potentialAction\":[{\"@type\":\"SearchAction\",\"target\":{\"@type\":\"EntryPoint\",\"urlTemplate\":\"https:\/\/blog.zeit.de\/zeit-der-leser\/?s={search_term_string}\"},\"query-input\":\"required name=search_term_string\"}],\"inLanguage\":\"de\"},{\"@type\":\"Person\",\"@id\":\"https:\/\/blog.zeit.de\/zeit-der-leser\/#\/schema\/person\/eaa3c3ed8f838c4aafcd25e9710fcc68\",\"name\":\"Franziska Kelch\",\"image\":{\"@type\":\"ImageObject\",\"inLanguage\":\"de\",\"@id\":\"https:\/\/blog.zeit.de\/zeit-der-leser\/#\/schema\/person\/image\/\",\"url\":\"https:\/\/secure.gravatar.com\/avatar\/d7ae2b2bfc4c5c08ed3435dc2ecf53fcb6d4234c0aa486b8b64ce6549a61a378?s=96&d=mm&r=g\",\"contentUrl\":\"https:\/\/secure.gravatar.com\/avatar\/d7ae2b2bfc4c5c08ed3435dc2ecf53fcb6d4234c0aa486b8b64ce6549a61a378?s=96&d=mm&r=g\",\"caption\":\"Franziska Kelch\"},\"url\":\"https:\/\/blog.zeit.de\/zeit-der-leser\/author\/franziska-kelch\/\"}]}<\/script>\n<!-- \/ Yoast SEO plugin. -->","yoast_head_json":{"title":"65 Jahre DIE ZEIT - ZEIT der Leser","robots":{"index":"index","follow":"follow","max-snippet":"max-snippet:-1","max-image-preview":"max-image-preview:large","max-video-preview":"max-video-preview:-1"},"canonical":"https:\/\/blog.zeit.de\/zeit-der-leser\/2011\/03\/16\/65-jahre-die-zeit-2\/","og_locale":"de_DE","og_type":"article","og_title":"65 Jahre DIE ZEIT - ZEIT der Leser","og_description":"W\u00e4hrend die letzten Besuchsw\u00fcnsche ausgew\u00e4hlt werden, gehen die ersten ZEIT-Mitarbeiter im Rahmen der Jubil\u00e4umsaktion \u201eDIE ZEIT reist zu ihren Lesern\u201c bereits auf Reisen. Am 3. M\u00e4rz, machte sich Wirtschafsredakteurin Anna Marohn auf den Weg nach Ingelheim. Studienrat Christian Just hatte sie zur Diskussion an das Sebastian-M\u00fcnster-Gymnasium eingeladen. An dem Tag, an dem in vielen Regionen [&hellip;]","og_url":"https:\/\/blog.zeit.de\/zeit-der-leser\/2011\/03\/16\/65-jahre-die-zeit-2\/","og_site_name":"ZEIT der Leser","article_published_time":"2011-03-16T09:53:03+00:00","article_modified_time":"2011-03-16T12:55:52+00:00","og_image":[{"url":"https:\/\/blog.zeit.de\/zeit-der-leser\/files\/2011\/03\/Anna-Marohn-in-Ingelheim-008.jpg"}],"author":"Franziska Kelch","twitter_card":"summary_large_image","twitter_misc":{"Geschrieben von":"Franziska Kelch","Gesch\u00e4tzte Lesezeit":"1\u00a0Minute"},"schema":{"@context":"https:\/\/schema.org","@graph":[{"@type":"WebPage","@id":"https:\/\/blog.zeit.de\/zeit-der-leser\/2011\/03\/16\/65-jahre-die-zeit-2\/","url":"https:\/\/blog.zeit.de\/zeit-der-leser\/2011\/03\/16\/65-jahre-die-zeit-2\/","name":"65 Jahre DIE ZEIT - ZEIT der Leser","isPartOf":{"@id":"https:\/\/blog.zeit.de\/zeit-der-leser\/#website"},"datePublished":"2011-03-16T09:53:03+00:00","dateModified":"2011-03-16T12:55:52+00:00","author":{"@id":"https:\/\/blog.zeit.de\/zeit-der-leser\/#\/schema\/person\/eaa3c3ed8f838c4aafcd25e9710fcc68"},"breadcrumb":{"@id":"https:\/\/blog.zeit.de\/zeit-der-leser\/2011\/03\/16\/65-jahre-die-zeit-2\/#breadcrumb"},"inLanguage":"de","potentialAction":[{"@type":"ReadAction","target":["https:\/\/blog.zeit.de\/zeit-der-leser\/2011\/03\/16\/65-jahre-die-zeit-2\/"]}]},{"@type":"BreadcrumbList","@id":"https:\/\/blog.zeit.de\/zeit-der-leser\/2011\/03\/16\/65-jahre-die-zeit-2\/#breadcrumb","itemListElement":[{"@type":"ListItem","position":1,"name":"Startseite","item":"https:\/\/blog.zeit.de\/zeit-der-leser\/"},{"@type":"ListItem","position":2,"name":"65 Jahre DIE ZEIT"}]},{"@type":"WebSite","@id":"https:\/\/blog.zeit.de\/zeit-der-leser\/#website","url":"https:\/\/blog.zeit.de\/zeit-der-leser\/","name":"ZEIT der Leser","description":"Ein Blog mit Ihren Notizen, Gedichten und Bildern f\u00fcr die gedruckte ZEIT","potentialAction":[{"@type":"SearchAction","target":{"@type":"EntryPoint","urlTemplate":"https:\/\/blog.zeit.de\/zeit-der-leser\/?s={search_term_string}"},"query-input":"required name=search_term_string"}],"inLanguage":"de"},{"@type":"Person","@id":"https:\/\/blog.zeit.de\/zeit-der-leser\/#\/schema\/person\/eaa3c3ed8f838c4aafcd25e9710fcc68","name":"Franziska Kelch","image":{"@type":"ImageObject","inLanguage":"de","@id":"https:\/\/blog.zeit.de\/zeit-der-leser\/#\/schema\/person\/image\/","url":"https:\/\/secure.gravatar.com\/avatar\/d7ae2b2bfc4c5c08ed3435dc2ecf53fcb6d4234c0aa486b8b64ce6549a61a378?s=96&d=mm&r=g","contentUrl":"https:\/\/secure.gravatar.com\/avatar\/d7ae2b2bfc4c5c08ed3435dc2ecf53fcb6d4234c0aa486b8b64ce6549a61a378?s=96&d=mm&r=g","caption":"Franziska Kelch"},"url":"https:\/\/blog.zeit.de\/zeit-der-leser\/author\/franziska-kelch\/"}]}},"jetpack_featured_media_url":"","jetpack_sharing_enabled":true,"_links":{"self":[{"href":"https:\/\/blog.zeit.de\/zeit-der-leser\/wp-json\/wp\/v2\/posts\/4544","targetHints":{"allow":["GET"]}}],"collection":[{"href":"https:\/\/blog.zeit.de\/zeit-der-leser\/wp-json\/wp\/v2\/posts"}],"about":[{"href":"https:\/\/blog.zeit.de\/zeit-der-leser\/wp-json\/wp\/v2\/types\/post"}],"author":[{"embeddable":true,"href":"https:\/\/blog.zeit.de\/zeit-der-leser\/wp-json\/wp\/v2\/users\/323"}],"replies":[{"embeddable":true,"href":"https:\/\/blog.zeit.de\/zeit-der-leser\/wp-json\/wp\/v2\/comments?post=4544"}],"version-history":[{"count":6,"href":"https:\/\/blog.zeit.de\/zeit-der-leser\/wp-json\/wp\/v2\/posts\/4544\/revisions"}],"predecessor-version":[{"id":4551,"href":"https:\/\/blog.zeit.de\/zeit-der-leser\/wp-json\/wp\/v2\/posts\/4544\/revisions\/4551"}],"wp:attachment":[{"href":"https:\/\/blog.zeit.de\/zeit-der-leser\/wp-json\/wp\/v2\/media?parent=4544"}],"wp:term":[{"taxonomy":"category","embeddable":true,"href":"https:\/\/blog.zeit.de\/zeit-der-leser\/wp-json\/wp\/v2\/categories?post=4544"},{"taxonomy":"post_tag","embeddable":true,"href":"https:\/\/blog.zeit.de\/zeit-der-leser\/wp-json\/wp\/v2\/tags?post=4544"}],"curies":[{"name":"wp","href":"https:\/\/api.w.org\/{rel}","templated":true}]}}