{"id":4563,"date":"2011-03-18T10:10:13","date_gmt":"2011-03-18T09:10:13","guid":{"rendered":"http:\/\/blog.zeit.de\/zeit-der-leser\/?p=4563"},"modified":"2011-03-18T17:00:40","modified_gmt":"2011-03-18T16:00:40","slug":"eine-kleine-weltreise-9","status":"publish","type":"post","link":"https:\/\/blog.zeit.de\/zeit-der-leser\/2011\/03\/18\/eine-kleine-weltreise-9\/","title":{"rendered":"Eine kleine Weltreise&#8230;"},"content":{"rendered":"<p><em>&#8230; aus traurigem Anlass\u00ab unternimmt Sabine Kro\u0308ner, 55: Im ver\u00adgangenen Jahr ist ihr Mann in den Freitod gegangen, jetzt will sie durch neue Eindru\u0308cke Abstand gewinnen. Von Buenos Aires aus ist sie per Schiff in die Su\u0308dsee gefahren, u\u0308ber Australien, Indone\u00adsien, Malaysia, Myanmar, Indien und durch den Sueskanal geht es dann weiter bis nach Venedig. Der Bericht aus Fidschi und Neu\u00adkaledonien entstand vor dem Erdbeben in Japan.<\/em><\/p>\n<p>Balu Fidschi! Seemeile um Seemeile n\u00e4hert sich unser Schiff der Wiege der Ethnologie. Ich beschlie\u00dfe, Savusavu im Alleingang zu erkunden. Schlie\u00dflich bin ich gelernte Ethnologin. Freundliche Menschen hei\u00dfen mich willkom\u00admen, winken mir zu, wollen wissen, woher ich komme. In einem als Kirche gekennzeichneten Geb\u00e4ude darf ich am Gottesdienst teilnehmen. Immer steiler f\u00fchrt der Weg bergan. Durchgeschwitzt bis in die Haarspitzen, muss ich bei 30 Grad Hitze und 80 Prozent Luftfeuchtigkeit zu fr\u00fch resignieren und kehre um. Pl\u00f6tzlich steht eine junge Frau vor mir und bietet mir auf Deutsch einen Ausflug im Aus\u00adlegerkanu an. Susan lebt hier mit ihrer Familie seit zw\u00f6lf Jahren und geho\u0308rt dem \u00f6rtlichen Ruderclub an. Wir pad\u00addeln durch die Lagune, bis ein Regenschauer uns zur R\u00fcck\u00adkehr zwingt. In der \u00bbVereinsgastst\u00e4tte\u00ab finden wir Zuflucht und f\u00fchren Fachgespr\u00e4che, denn Susan ist auch Ethnolo\u00adgin. Einige M\u00e4nner beginnen auf der Gitarre zu spielen, nicht fu\u0308r Touristen, nur weil sie das immer tun. Sie stellen eine gro\u00dfe Schale mit Kava auf den Tisch. In einer Kale\u00adbasse wird mir ein Probeschluck \u00fcberreicht. Sieht aus wie Schlamm und schmeckt auch so. Von der angeblich dro\u00adgenartigen Wirkung sp\u00fcre ich gl\u00fccklicherweise nichts. Schweren Herzens muss ich am Abend Abschied nehmen und auf mein schwimmendes Hotel zuru\u0308ckkehren, denn es m\u00f6chte ablegen. Auf der Ile des Pins, einem winzigen Ei\u00adland in Neukaledonien und ehemals franz\u00f6sische Strafkolonie, genie\u00dfe ich einen Badetag an schneewei\u00dfen Traum\u00adstr\u00e4nden mit Fototapetenmotiven. Suhle mich im Wasser, das mit seinen 28 Grad allerdings nicht wirklich Abk\u00fch\u00adlung verschafft.<\/p>\n<p><em>Sabine Kr\u00f6er, zzt. Neukaledonien<\/em><\/p>\n","protected":false},"excerpt":{"rendered":"<p>&#8230; aus traurigem Anlass\u00ab unternimmt Sabine Kro\u0308ner, 55: Im ver\u00adgangenen Jahr ist ihr Mann in den Freitod gegangen, jetzt will sie durch neue Eindru\u0308cke Abstand gewinnen. Von Buenos Aires aus ist sie per Schiff in die Su\u0308dsee gefahren, u\u0308ber Australien, Indone\u00adsien, Malaysia, Myanmar, Indien und durch den Sueskanal geht es dann weiter bis nach Venedig. [&hellip;]<\/p>\n","protected":false},"author":265,"featured_media":0,"comment_status":"open","ping_status":"open","sticky":false,"template":"","format":"standard","meta":{"_jetpack_memberships_contains_paid_content":false,"footnotes":""},"categories":[5685],"tags":[],"class_list":["post-4563","post","type-post","status-publish","format-standard","hentry","category-eine-kleine-weltreise"],"yoast_head":"<!-- This site is optimized with the Yoast SEO plugin v21.0 - https:\/\/yoast.com\/wordpress\/plugins\/seo\/ -->\n<title>Eine kleine Weltreise... - ZEIT der Leser<\/title>\n<meta name=\"robots\" content=\"index, follow, max-snippet:-1, max-image-preview:large, max-video-preview:-1\" \/>\n<link rel=\"canonical\" href=\"https:\/\/blog.zeit.de\/zeit-der-leser\/2011\/03\/18\/eine-kleine-weltreise-9\/\" \/>\n<meta property=\"og:locale\" content=\"de_DE\" \/>\n<meta property=\"og:type\" content=\"article\" \/>\n<meta property=\"og:title\" content=\"Eine kleine Weltreise... - ZEIT der Leser\" \/>\n<meta property=\"og:description\" content=\"&#8230; aus traurigem Anlass\u00ab unternimmt Sabine Kro\u0308ner, 55: Im ver\u00adgangenen Jahr ist ihr Mann in den Freitod gegangen, jetzt will sie durch neue Eindru\u0308cke Abstand gewinnen. Von Buenos Aires aus ist sie per Schiff in die Su\u0308dsee gefahren, u\u0308ber Australien, Indone\u00adsien, Malaysia, Myanmar, Indien und durch den Sueskanal geht es dann weiter bis nach Venedig. [&hellip;]\" \/>\n<meta property=\"og:url\" content=\"https:\/\/blog.zeit.de\/zeit-der-leser\/2011\/03\/18\/eine-kleine-weltreise-9\/\" \/>\n<meta property=\"og:site_name\" content=\"ZEIT der Leser\" \/>\n<meta property=\"article:published_time\" content=\"2011-03-18T09:10:13+00:00\" \/>\n<meta property=\"article:modified_time\" content=\"2011-03-18T16:00:40+00:00\" \/>\n<meta name=\"author\" content=\"&quot;Zeit der Leser&quot;-Redaktion\" \/>\n<meta name=\"twitter:card\" content=\"summary_large_image\" \/>\n<meta name=\"twitter:label1\" content=\"Geschrieben von\" \/>\n\t<meta name=\"twitter:data1\" content=\"\"Zeit der Leser\"-Redaktion\" \/>\n\t<meta name=\"twitter:label2\" content=\"Gesch\u00e4tzte Lesezeit\" \/>\n\t<meta name=\"twitter:data2\" content=\"2\u00a0Minuten\" \/>\n<script type=\"application\/ld+json\" class=\"yoast-schema-graph\">{\"@context\":\"https:\/\/schema.org\",\"@graph\":[{\"@type\":\"WebPage\",\"@id\":\"https:\/\/blog.zeit.de\/zeit-der-leser\/2011\/03\/18\/eine-kleine-weltreise-9\/\",\"url\":\"https:\/\/blog.zeit.de\/zeit-der-leser\/2011\/03\/18\/eine-kleine-weltreise-9\/\",\"name\":\"Eine kleine Weltreise... - ZEIT der Leser\",\"isPartOf\":{\"@id\":\"https:\/\/blog.zeit.de\/zeit-der-leser\/#website\"},\"datePublished\":\"2011-03-18T09:10:13+00:00\",\"dateModified\":\"2011-03-18T16:00:40+00:00\",\"author\":{\"@id\":\"https:\/\/blog.zeit.de\/zeit-der-leser\/#\/schema\/person\/583b14e5ad6368c23af846ecbde9f20f\"},\"breadcrumb\":{\"@id\":\"https:\/\/blog.zeit.de\/zeit-der-leser\/2011\/03\/18\/eine-kleine-weltreise-9\/#breadcrumb\"},\"inLanguage\":\"de\",\"potentialAction\":[{\"@type\":\"ReadAction\",\"target\":[\"https:\/\/blog.zeit.de\/zeit-der-leser\/2011\/03\/18\/eine-kleine-weltreise-9\/\"]}]},{\"@type\":\"BreadcrumbList\",\"@id\":\"https:\/\/blog.zeit.de\/zeit-der-leser\/2011\/03\/18\/eine-kleine-weltreise-9\/#breadcrumb\",\"itemListElement\":[{\"@type\":\"ListItem\",\"position\":1,\"name\":\"Startseite\",\"item\":\"https:\/\/blog.zeit.de\/zeit-der-leser\/\"},{\"@type\":\"ListItem\",\"position\":2,\"name\":\"Eine kleine Weltreise&#8230;\"}]},{\"@type\":\"WebSite\",\"@id\":\"https:\/\/blog.zeit.de\/zeit-der-leser\/#website\",\"url\":\"https:\/\/blog.zeit.de\/zeit-der-leser\/\",\"name\":\"ZEIT der Leser\",\"description\":\"Ein Blog mit Ihren Notizen, Gedichten und Bildern f\u00fcr die gedruckte ZEIT\",\"potentialAction\":[{\"@type\":\"SearchAction\",\"target\":{\"@type\":\"EntryPoint\",\"urlTemplate\":\"https:\/\/blog.zeit.de\/zeit-der-leser\/?s={search_term_string}\"},\"query-input\":\"required name=search_term_string\"}],\"inLanguage\":\"de\"},{\"@type\":\"Person\",\"@id\":\"https:\/\/blog.zeit.de\/zeit-der-leser\/#\/schema\/person\/583b14e5ad6368c23af846ecbde9f20f\",\"name\":\"\\\"Zeit der Leser\\\"-Redaktion\",\"image\":{\"@type\":\"ImageObject\",\"inLanguage\":\"de\",\"@id\":\"https:\/\/blog.zeit.de\/zeit-der-leser\/#\/schema\/person\/image\/\",\"url\":\"https:\/\/secure.gravatar.com\/avatar\/e801a681bd3bbf2345131a815930b48d9f8e0a94de1346b624840dc850f67ad0?s=96&d=mm&r=g\",\"contentUrl\":\"https:\/\/secure.gravatar.com\/avatar\/e801a681bd3bbf2345131a815930b48d9f8e0a94de1346b624840dc850f67ad0?s=96&d=mm&r=g\",\"caption\":\"\\\"Zeit der Leser\\\"-Redaktion\"},\"url\":\"https:\/\/blog.zeit.de\/zeit-der-leser\/author\/zeit-der-leser-redaktion\/\"}]}<\/script>\n<!-- \/ Yoast SEO plugin. -->","yoast_head_json":{"title":"Eine kleine Weltreise... - ZEIT der Leser","robots":{"index":"index","follow":"follow","max-snippet":"max-snippet:-1","max-image-preview":"max-image-preview:large","max-video-preview":"max-video-preview:-1"},"canonical":"https:\/\/blog.zeit.de\/zeit-der-leser\/2011\/03\/18\/eine-kleine-weltreise-9\/","og_locale":"de_DE","og_type":"article","og_title":"Eine kleine Weltreise... - ZEIT der Leser","og_description":"&#8230; aus traurigem Anlass\u00ab unternimmt Sabine Kro\u0308ner, 55: Im ver\u00adgangenen Jahr ist ihr Mann in den Freitod gegangen, jetzt will sie durch neue Eindru\u0308cke Abstand gewinnen. Von Buenos Aires aus ist sie per Schiff in die Su\u0308dsee gefahren, u\u0308ber Australien, Indone\u00adsien, Malaysia, Myanmar, Indien und durch den Sueskanal geht es dann weiter bis nach Venedig. [&hellip;]","og_url":"https:\/\/blog.zeit.de\/zeit-der-leser\/2011\/03\/18\/eine-kleine-weltreise-9\/","og_site_name":"ZEIT der Leser","article_published_time":"2011-03-18T09:10:13+00:00","article_modified_time":"2011-03-18T16:00:40+00:00","author":"\"Zeit der Leser\"-Redaktion","twitter_card":"summary_large_image","twitter_misc":{"Geschrieben von":"\"Zeit der Leser\"-Redaktion","Gesch\u00e4tzte Lesezeit":"2\u00a0Minuten"},"schema":{"@context":"https:\/\/schema.org","@graph":[{"@type":"WebPage","@id":"https:\/\/blog.zeit.de\/zeit-der-leser\/2011\/03\/18\/eine-kleine-weltreise-9\/","url":"https:\/\/blog.zeit.de\/zeit-der-leser\/2011\/03\/18\/eine-kleine-weltreise-9\/","name":"Eine kleine Weltreise... - ZEIT der Leser","isPartOf":{"@id":"https:\/\/blog.zeit.de\/zeit-der-leser\/#website"},"datePublished":"2011-03-18T09:10:13+00:00","dateModified":"2011-03-18T16:00:40+00:00","author":{"@id":"https:\/\/blog.zeit.de\/zeit-der-leser\/#\/schema\/person\/583b14e5ad6368c23af846ecbde9f20f"},"breadcrumb":{"@id":"https:\/\/blog.zeit.de\/zeit-der-leser\/2011\/03\/18\/eine-kleine-weltreise-9\/#breadcrumb"},"inLanguage":"de","potentialAction":[{"@type":"ReadAction","target":["https:\/\/blog.zeit.de\/zeit-der-leser\/2011\/03\/18\/eine-kleine-weltreise-9\/"]}]},{"@type":"BreadcrumbList","@id":"https:\/\/blog.zeit.de\/zeit-der-leser\/2011\/03\/18\/eine-kleine-weltreise-9\/#breadcrumb","itemListElement":[{"@type":"ListItem","position":1,"name":"Startseite","item":"https:\/\/blog.zeit.de\/zeit-der-leser\/"},{"@type":"ListItem","position":2,"name":"Eine kleine Weltreise&#8230;"}]},{"@type":"WebSite","@id":"https:\/\/blog.zeit.de\/zeit-der-leser\/#website","url":"https:\/\/blog.zeit.de\/zeit-der-leser\/","name":"ZEIT der Leser","description":"Ein Blog mit Ihren Notizen, Gedichten und Bildern f\u00fcr die gedruckte ZEIT","potentialAction":[{"@type":"SearchAction","target":{"@type":"EntryPoint","urlTemplate":"https:\/\/blog.zeit.de\/zeit-der-leser\/?s={search_term_string}"},"query-input":"required name=search_term_string"}],"inLanguage":"de"},{"@type":"Person","@id":"https:\/\/blog.zeit.de\/zeit-der-leser\/#\/schema\/person\/583b14e5ad6368c23af846ecbde9f20f","name":"\"Zeit der Leser\"-Redaktion","image":{"@type":"ImageObject","inLanguage":"de","@id":"https:\/\/blog.zeit.de\/zeit-der-leser\/#\/schema\/person\/image\/","url":"https:\/\/secure.gravatar.com\/avatar\/e801a681bd3bbf2345131a815930b48d9f8e0a94de1346b624840dc850f67ad0?s=96&d=mm&r=g","contentUrl":"https:\/\/secure.gravatar.com\/avatar\/e801a681bd3bbf2345131a815930b48d9f8e0a94de1346b624840dc850f67ad0?s=96&d=mm&r=g","caption":"\"Zeit der Leser\"-Redaktion"},"url":"https:\/\/blog.zeit.de\/zeit-der-leser\/author\/zeit-der-leser-redaktion\/"}]}},"jetpack_featured_media_url":"","jetpack_sharing_enabled":true,"_links":{"self":[{"href":"https:\/\/blog.zeit.de\/zeit-der-leser\/wp-json\/wp\/v2\/posts\/4563","targetHints":{"allow":["GET"]}}],"collection":[{"href":"https:\/\/blog.zeit.de\/zeit-der-leser\/wp-json\/wp\/v2\/posts"}],"about":[{"href":"https:\/\/blog.zeit.de\/zeit-der-leser\/wp-json\/wp\/v2\/types\/post"}],"author":[{"embeddable":true,"href":"https:\/\/blog.zeit.de\/zeit-der-leser\/wp-json\/wp\/v2\/users\/265"}],"replies":[{"embeddable":true,"href":"https:\/\/blog.zeit.de\/zeit-der-leser\/wp-json\/wp\/v2\/comments?post=4563"}],"version-history":[{"count":4,"href":"https:\/\/blog.zeit.de\/zeit-der-leser\/wp-json\/wp\/v2\/posts\/4563\/revisions"}],"predecessor-version":[{"id":4649,"href":"https:\/\/blog.zeit.de\/zeit-der-leser\/wp-json\/wp\/v2\/posts\/4563\/revisions\/4649"}],"wp:attachment":[{"href":"https:\/\/blog.zeit.de\/zeit-der-leser\/wp-json\/wp\/v2\/media?parent=4563"}],"wp:term":[{"taxonomy":"category","embeddable":true,"href":"https:\/\/blog.zeit.de\/zeit-der-leser\/wp-json\/wp\/v2\/categories?post=4563"},{"taxonomy":"post_tag","embeddable":true,"href":"https:\/\/blog.zeit.de\/zeit-der-leser\/wp-json\/wp\/v2\/tags?post=4563"}],"curies":[{"name":"wp","href":"https:\/\/api.w.org\/{rel}","templated":true}]}}