{"id":4650,"date":"2011-03-19T11:00:26","date_gmt":"2011-03-19T10:00:26","guid":{"rendered":"http:\/\/blog.zeit.de\/zeit-der-leser\/?p=4650"},"modified":"2011-03-18T17:07:18","modified_gmt":"2011-03-18T16:07:18","slug":"65-jahre-die-zeit-3","status":"publish","type":"post","link":"https:\/\/blog.zeit.de\/zeit-der-leser\/2011\/03\/19\/65-jahre-die-zeit-3\/","title":{"rendered":"65 Jahre DIE ZEIT"},"content":{"rendered":"<p>In Berlin und Ingelheim war DIE ZEIT anl\u00e4sslich ihrer Jubil\u00e4umsaktion \u201eDIE ZEIT reist zu ihren Lesern\u201c bereits unterwegs. Doch es werden nicht nur W\u00fcnsche in der Bundesrepublik erf\u00fcllt, auch im Ausland ist DIE ZEIT aktiv:<\/p>\n<p>Am Montag, dem 7. M\u00e4rz, traf sich Italien-Korrespondentin Birgit Sch\u00f6nau mit dem ZEIT-Leser Christopher Genillard in Rom beim Mittagessen. Der \u201eitalophile\u201c ZEIT-Leser beschreibt das Treffen: <em>\u201eIch werde am Brunnen vor dem Pantheon abgeholt, und der von Kaiser Hadrian vor fast 2000 Jahren erbaute Tempel ist jetzt unwichtig, denn \u201ameine\u2019 Korrespondentin wird mir Rede &amp; Antwort stehen, und ich werde vieles \u00fcber ihre Arbeit und ihre Person erfahren.\u201c<\/em> Zum Essen in der r\u00f6mischen Osteria Armando tauschten sich die beiden \u00fcber ihre italienischen Familien und Politik aus: <em>\u201eMich interessiert die journalistische Arbeit im Detail und Frau Sch\u00f6nau gibt mir offene Antworten auf die vielen Fragen. F\u00fcr die Diskussion der sehr komplexen italienischen Politik h\u00e4tten wir viele Abende ben\u00f6tigt, und insofern beschr\u00e4nken wir uns auf einige aktuelle Themen: Dauerbrenner Berlusconi, Betrachtungen von Roberto Saviano, warum das Land sich f\u00fcr sein 150. Jubil\u00e4um nicht erw\u00e4rmt, ein sich anbahnendes Fl\u00fcchtlingsdrama. Armando verw\u00f6hnt uns. Die zwei Stunden sind im Gespr\u00e4ch viel zu schnell vorbei. Es g\u00e4be noch so viel zu bereden.\u201c<\/em><\/p>\n","protected":false},"excerpt":{"rendered":"<p>In Berlin und Ingelheim war DIE ZEIT anl\u00e4sslich ihrer Jubil\u00e4umsaktion \u201eDIE ZEIT reist zu ihren Lesern\u201c bereits unterwegs. Doch es werden nicht nur W\u00fcnsche in der Bundesrepublik erf\u00fcllt, auch im Ausland ist DIE ZEIT aktiv: Am Montag, dem 7. M\u00e4rz, traf sich Italien-Korrespondentin Birgit Sch\u00f6nau mit dem ZEIT-Leser Christopher Genillard in Rom beim Mittagessen. Der [&hellip;]<\/p>\n","protected":false},"author":265,"featured_media":0,"comment_status":"open","ping_status":"open","sticky":false,"template":"","format":"standard","meta":{"_jetpack_memberships_contains_paid_content":false,"footnotes":""},"categories":[5686],"tags":[],"class_list":["post-4650","post","type-post","status-publish","format-standard","hentry","category-65-jahre-die-zeit"],"yoast_head":"<!-- This site is optimized with the Yoast SEO plugin v21.0 - https:\/\/yoast.com\/wordpress\/plugins\/seo\/ -->\n<title>65 Jahre DIE ZEIT - ZEIT der Leser<\/title>\n<meta name=\"robots\" content=\"index, follow, max-snippet:-1, max-image-preview:large, max-video-preview:-1\" \/>\n<link rel=\"canonical\" href=\"https:\/\/blog.zeit.de\/zeit-der-leser\/2011\/03\/19\/65-jahre-die-zeit-3\/\" \/>\n<meta property=\"og:locale\" content=\"de_DE\" \/>\n<meta property=\"og:type\" content=\"article\" \/>\n<meta property=\"og:title\" content=\"65 Jahre DIE ZEIT - ZEIT der Leser\" \/>\n<meta property=\"og:description\" content=\"In Berlin und Ingelheim war DIE ZEIT anl\u00e4sslich ihrer Jubil\u00e4umsaktion \u201eDIE ZEIT reist zu ihren Lesern\u201c bereits unterwegs. Doch es werden nicht nur W\u00fcnsche in der Bundesrepublik erf\u00fcllt, auch im Ausland ist DIE ZEIT aktiv: Am Montag, dem 7. M\u00e4rz, traf sich Italien-Korrespondentin Birgit Sch\u00f6nau mit dem ZEIT-Leser Christopher Genillard in Rom beim Mittagessen. Der [&hellip;]\" \/>\n<meta property=\"og:url\" content=\"https:\/\/blog.zeit.de\/zeit-der-leser\/2011\/03\/19\/65-jahre-die-zeit-3\/\" \/>\n<meta property=\"og:site_name\" content=\"ZEIT der Leser\" \/>\n<meta property=\"article:published_time\" content=\"2011-03-19T10:00:26+00:00\" \/>\n<meta property=\"article:modified_time\" content=\"2011-03-18T16:07:18+00:00\" \/>\n<meta name=\"author\" content=\"&quot;Zeit der Leser&quot;-Redaktion\" \/>\n<meta name=\"twitter:card\" content=\"summary_large_image\" \/>\n<meta name=\"twitter:label1\" content=\"Geschrieben von\" \/>\n\t<meta name=\"twitter:data1\" content=\"\"Zeit der Leser\"-Redaktion\" \/>\n\t<meta name=\"twitter:label2\" content=\"Gesch\u00e4tzte Lesezeit\" \/>\n\t<meta name=\"twitter:data2\" content=\"1\u00a0Minute\" \/>\n<script type=\"application\/ld+json\" class=\"yoast-schema-graph\">{\"@context\":\"https:\/\/schema.org\",\"@graph\":[{\"@type\":\"WebPage\",\"@id\":\"https:\/\/blog.zeit.de\/zeit-der-leser\/2011\/03\/19\/65-jahre-die-zeit-3\/\",\"url\":\"https:\/\/blog.zeit.de\/zeit-der-leser\/2011\/03\/19\/65-jahre-die-zeit-3\/\",\"name\":\"65 Jahre DIE ZEIT - ZEIT der Leser\",\"isPartOf\":{\"@id\":\"https:\/\/blog.zeit.de\/zeit-der-leser\/#website\"},\"datePublished\":\"2011-03-19T10:00:26+00:00\",\"dateModified\":\"2011-03-18T16:07:18+00:00\",\"author\":{\"@id\":\"https:\/\/blog.zeit.de\/zeit-der-leser\/#\/schema\/person\/583b14e5ad6368c23af846ecbde9f20f\"},\"breadcrumb\":{\"@id\":\"https:\/\/blog.zeit.de\/zeit-der-leser\/2011\/03\/19\/65-jahre-die-zeit-3\/#breadcrumb\"},\"inLanguage\":\"de\",\"potentialAction\":[{\"@type\":\"ReadAction\",\"target\":[\"https:\/\/blog.zeit.de\/zeit-der-leser\/2011\/03\/19\/65-jahre-die-zeit-3\/\"]}]},{\"@type\":\"BreadcrumbList\",\"@id\":\"https:\/\/blog.zeit.de\/zeit-der-leser\/2011\/03\/19\/65-jahre-die-zeit-3\/#breadcrumb\",\"itemListElement\":[{\"@type\":\"ListItem\",\"position\":1,\"name\":\"Startseite\",\"item\":\"https:\/\/blog.zeit.de\/zeit-der-leser\/\"},{\"@type\":\"ListItem\",\"position\":2,\"name\":\"65 Jahre DIE ZEIT\"}]},{\"@type\":\"WebSite\",\"@id\":\"https:\/\/blog.zeit.de\/zeit-der-leser\/#website\",\"url\":\"https:\/\/blog.zeit.de\/zeit-der-leser\/\",\"name\":\"ZEIT der Leser\",\"description\":\"Ein Blog mit Ihren Notizen, Gedichten und Bildern f\u00fcr die gedruckte ZEIT\",\"potentialAction\":[{\"@type\":\"SearchAction\",\"target\":{\"@type\":\"EntryPoint\",\"urlTemplate\":\"https:\/\/blog.zeit.de\/zeit-der-leser\/?s={search_term_string}\"},\"query-input\":\"required name=search_term_string\"}],\"inLanguage\":\"de\"},{\"@type\":\"Person\",\"@id\":\"https:\/\/blog.zeit.de\/zeit-der-leser\/#\/schema\/person\/583b14e5ad6368c23af846ecbde9f20f\",\"name\":\"\\\"Zeit der Leser\\\"-Redaktion\",\"image\":{\"@type\":\"ImageObject\",\"inLanguage\":\"de\",\"@id\":\"https:\/\/blog.zeit.de\/zeit-der-leser\/#\/schema\/person\/image\/\",\"url\":\"https:\/\/secure.gravatar.com\/avatar\/e801a681bd3bbf2345131a815930b48d9f8e0a94de1346b624840dc850f67ad0?s=96&d=mm&r=g\",\"contentUrl\":\"https:\/\/secure.gravatar.com\/avatar\/e801a681bd3bbf2345131a815930b48d9f8e0a94de1346b624840dc850f67ad0?s=96&d=mm&r=g\",\"caption\":\"\\\"Zeit der Leser\\\"-Redaktion\"},\"url\":\"https:\/\/blog.zeit.de\/zeit-der-leser\/author\/zeit-der-leser-redaktion\/\"}]}<\/script>\n<!-- \/ Yoast SEO plugin. -->","yoast_head_json":{"title":"65 Jahre DIE ZEIT - ZEIT der Leser","robots":{"index":"index","follow":"follow","max-snippet":"max-snippet:-1","max-image-preview":"max-image-preview:large","max-video-preview":"max-video-preview:-1"},"canonical":"https:\/\/blog.zeit.de\/zeit-der-leser\/2011\/03\/19\/65-jahre-die-zeit-3\/","og_locale":"de_DE","og_type":"article","og_title":"65 Jahre DIE ZEIT - ZEIT der Leser","og_description":"In Berlin und Ingelheim war DIE ZEIT anl\u00e4sslich ihrer Jubil\u00e4umsaktion \u201eDIE ZEIT reist zu ihren Lesern\u201c bereits unterwegs. Doch es werden nicht nur W\u00fcnsche in der Bundesrepublik erf\u00fcllt, auch im Ausland ist DIE ZEIT aktiv: Am Montag, dem 7. M\u00e4rz, traf sich Italien-Korrespondentin Birgit Sch\u00f6nau mit dem ZEIT-Leser Christopher Genillard in Rom beim Mittagessen. Der [&hellip;]","og_url":"https:\/\/blog.zeit.de\/zeit-der-leser\/2011\/03\/19\/65-jahre-die-zeit-3\/","og_site_name":"ZEIT der Leser","article_published_time":"2011-03-19T10:00:26+00:00","article_modified_time":"2011-03-18T16:07:18+00:00","author":"\"Zeit der Leser\"-Redaktion","twitter_card":"summary_large_image","twitter_misc":{"Geschrieben von":"\"Zeit der Leser\"-Redaktion","Gesch\u00e4tzte Lesezeit":"1\u00a0Minute"},"schema":{"@context":"https:\/\/schema.org","@graph":[{"@type":"WebPage","@id":"https:\/\/blog.zeit.de\/zeit-der-leser\/2011\/03\/19\/65-jahre-die-zeit-3\/","url":"https:\/\/blog.zeit.de\/zeit-der-leser\/2011\/03\/19\/65-jahre-die-zeit-3\/","name":"65 Jahre DIE ZEIT - ZEIT der Leser","isPartOf":{"@id":"https:\/\/blog.zeit.de\/zeit-der-leser\/#website"},"datePublished":"2011-03-19T10:00:26+00:00","dateModified":"2011-03-18T16:07:18+00:00","author":{"@id":"https:\/\/blog.zeit.de\/zeit-der-leser\/#\/schema\/person\/583b14e5ad6368c23af846ecbde9f20f"},"breadcrumb":{"@id":"https:\/\/blog.zeit.de\/zeit-der-leser\/2011\/03\/19\/65-jahre-die-zeit-3\/#breadcrumb"},"inLanguage":"de","potentialAction":[{"@type":"ReadAction","target":["https:\/\/blog.zeit.de\/zeit-der-leser\/2011\/03\/19\/65-jahre-die-zeit-3\/"]}]},{"@type":"BreadcrumbList","@id":"https:\/\/blog.zeit.de\/zeit-der-leser\/2011\/03\/19\/65-jahre-die-zeit-3\/#breadcrumb","itemListElement":[{"@type":"ListItem","position":1,"name":"Startseite","item":"https:\/\/blog.zeit.de\/zeit-der-leser\/"},{"@type":"ListItem","position":2,"name":"65 Jahre DIE ZEIT"}]},{"@type":"WebSite","@id":"https:\/\/blog.zeit.de\/zeit-der-leser\/#website","url":"https:\/\/blog.zeit.de\/zeit-der-leser\/","name":"ZEIT der Leser","description":"Ein Blog mit Ihren Notizen, Gedichten und Bildern f\u00fcr die gedruckte ZEIT","potentialAction":[{"@type":"SearchAction","target":{"@type":"EntryPoint","urlTemplate":"https:\/\/blog.zeit.de\/zeit-der-leser\/?s={search_term_string}"},"query-input":"required name=search_term_string"}],"inLanguage":"de"},{"@type":"Person","@id":"https:\/\/blog.zeit.de\/zeit-der-leser\/#\/schema\/person\/583b14e5ad6368c23af846ecbde9f20f","name":"\"Zeit der Leser\"-Redaktion","image":{"@type":"ImageObject","inLanguage":"de","@id":"https:\/\/blog.zeit.de\/zeit-der-leser\/#\/schema\/person\/image\/","url":"https:\/\/secure.gravatar.com\/avatar\/e801a681bd3bbf2345131a815930b48d9f8e0a94de1346b624840dc850f67ad0?s=96&d=mm&r=g","contentUrl":"https:\/\/secure.gravatar.com\/avatar\/e801a681bd3bbf2345131a815930b48d9f8e0a94de1346b624840dc850f67ad0?s=96&d=mm&r=g","caption":"\"Zeit der Leser\"-Redaktion"},"url":"https:\/\/blog.zeit.de\/zeit-der-leser\/author\/zeit-der-leser-redaktion\/"}]}},"jetpack_featured_media_url":"","jetpack_sharing_enabled":true,"_links":{"self":[{"href":"https:\/\/blog.zeit.de\/zeit-der-leser\/wp-json\/wp\/v2\/posts\/4650","targetHints":{"allow":["GET"]}}],"collection":[{"href":"https:\/\/blog.zeit.de\/zeit-der-leser\/wp-json\/wp\/v2\/posts"}],"about":[{"href":"https:\/\/blog.zeit.de\/zeit-der-leser\/wp-json\/wp\/v2\/types\/post"}],"author":[{"embeddable":true,"href":"https:\/\/blog.zeit.de\/zeit-der-leser\/wp-json\/wp\/v2\/users\/265"}],"replies":[{"embeddable":true,"href":"https:\/\/blog.zeit.de\/zeit-der-leser\/wp-json\/wp\/v2\/comments?post=4650"}],"version-history":[{"count":4,"href":"https:\/\/blog.zeit.de\/zeit-der-leser\/wp-json\/wp\/v2\/posts\/4650\/revisions"}],"predecessor-version":[{"id":4654,"href":"https:\/\/blog.zeit.de\/zeit-der-leser\/wp-json\/wp\/v2\/posts\/4650\/revisions\/4654"}],"wp:attachment":[{"href":"https:\/\/blog.zeit.de\/zeit-der-leser\/wp-json\/wp\/v2\/media?parent=4650"}],"wp:term":[{"taxonomy":"category","embeddable":true,"href":"https:\/\/blog.zeit.de\/zeit-der-leser\/wp-json\/wp\/v2\/categories?post=4650"},{"taxonomy":"post_tag","embeddable":true,"href":"https:\/\/blog.zeit.de\/zeit-der-leser\/wp-json\/wp\/v2\/tags?post=4650"}],"curies":[{"name":"wp","href":"https:\/\/api.w.org\/{rel}","templated":true}]}}