{"id":4688,"date":"2011-03-27T10:00:48","date_gmt":"2011-03-27T08:00:48","guid":{"rendered":"http:\/\/blog.zeit.de\/zeit-der-leser\/?p=4688"},"modified":"2011-03-23T15:29:21","modified_gmt":"2011-03-23T14:29:21","slug":"eine-kleine-weltreise-10","status":"publish","type":"post","link":"https:\/\/blog.zeit.de\/zeit-der-leser\/2011\/03\/27\/eine-kleine-weltreise-10\/","title":{"rendered":"Eine kleine Weltreise"},"content":{"rendered":"<p><em>&#8230; aus traurigem Anlass\u00ab unternimmt Sabine Kr\u00f6er, 55: Im vergangenen Jahr ist ihr Mann in den Freitod gegangen, jetzt will sie durch neue Eindr\u00fccke Abstand gewinnen. Von Buenos Aires aus ist sie per Schiff in die S\u00fcsee gefahren, u\u0308ber Australien, Indonesien, Malaysia, Myanmar, Indien und durch den Sueskanal geht es jetzt weiter bis nach Venedig. Der Bericht \u00fcber Sydney und Brisbane entstand vor dem Erdbeben in Japan.<\/em><br \/>\nDank ausgekl\u00fcelter Regie unserer Reederei erreichen wir Sydney zur eindrucksvollsten Zeit: am sp\u00e4ten Abend. Zuerst passieren wir das durch seine extravagante Architektur welt\u00ad bekannte Opernhaus, dann die Harbour Bridge, in deren N\u00e4he wir angesichts einer in allen Farben funkelnden Sky\u00adline ankern. Bei der Stadtrundfahrt am n\u00e4chsten Vormittag verliebe ich mich in diese bezaubernde Gro\u00dfstadt, obwohl ich im All\u00adgemeinen Gro\u00dfst\u00e4dte gar nicht mag. Bei unserem Fremden\u00adf\u00fchrer erkundige ich mich nach den Einwanderungsbedin\u00adgungen \u2013 und erlebe eine bittere Entt\u00e4uschung: Ich bin zu alt, zu arm, und ich habe den falschen Beruf. Leute wie mich will man in Australien gar nicht. Am Bondi Beach l\u00e4sst sich auf die Schnelle auch kein Hei\u00adratskandidat finden. Ein Bummel durch Darling Harbour verst\u00e4rkt noch einmal meine Auswandergel\u00fcste, erst der ge\u00adpfefferte Preis meines Eisbechers l\u00e4sst mich zur Vernunft kommen. So kehre ich auf unser Schiff zur\u00fck und habe le\u00addiglich etwas Sand in den Schuhen.<br \/>\nEntlang der australischen Ostk\u00fcte mit ihren endlosen Sand\u00adstr\u00e4nden erreichen wir Brisbane. Das Hochwasser vom ver\u00adgangenen Januar hat seine Spuren hinterlassen, doch nun m\u00e4andert der Brisbane River wieder friedlich durch die Stadt. 1825 als Str\u00e4flingslager gegru\u0308ndet, macht \u00bbBrizzie\u00ab heute einen sehr gr\u00fcnen und schicken Eindruck. Leider ist uns nur eine Stunde \u00bbFreigang\u00ab verg\u00f6nt, und ich verbringe sie auf der Suche nach Fotomotiven im Lauf\u00adschritt, aber in anregender Begleitung. Thanks for teaching me!<\/p>\n<p><em>Sabine Kr\u00f6ner, zzt. 22\u00b0 37&#8242; Su\u0308d, 151\u00b0 37&#8242; Ost<\/em><\/p>\n","protected":false},"excerpt":{"rendered":"<p>&#8230; aus traurigem Anlass\u00ab unternimmt Sabine Kr\u00f6er, 55: Im vergangenen Jahr ist ihr Mann in den Freitod gegangen, jetzt will sie durch neue Eindr\u00fccke Abstand gewinnen. Von Buenos Aires aus ist sie per Schiff in die S\u00fcsee gefahren, u\u0308ber Australien, Indonesien, Malaysia, Myanmar, Indien und durch den Sueskanal geht es jetzt weiter bis nach Venedig. [&hellip;]<\/p>\n","protected":false},"author":265,"featured_media":0,"comment_status":"open","ping_status":"open","sticky":false,"template":"","format":"standard","meta":{"_jetpack_memberships_contains_paid_content":false,"footnotes":""},"categories":[5685],"tags":[],"class_list":["post-4688","post","type-post","status-publish","format-standard","hentry","category-eine-kleine-weltreise"],"yoast_head":"<!-- This site is optimized with the Yoast SEO plugin v21.0 - https:\/\/yoast.com\/wordpress\/plugins\/seo\/ -->\n<title>Eine kleine Weltreise - ZEIT der Leser<\/title>\n<meta name=\"robots\" content=\"index, follow, max-snippet:-1, max-image-preview:large, max-video-preview:-1\" \/>\n<link rel=\"canonical\" href=\"https:\/\/blog.zeit.de\/zeit-der-leser\/2011\/03\/27\/eine-kleine-weltreise-10\/\" \/>\n<meta property=\"og:locale\" content=\"de_DE\" \/>\n<meta property=\"og:type\" content=\"article\" \/>\n<meta property=\"og:title\" content=\"Eine kleine Weltreise - ZEIT der Leser\" \/>\n<meta property=\"og:description\" content=\"&#8230; aus traurigem Anlass\u00ab unternimmt Sabine Kr\u00f6er, 55: Im vergangenen Jahr ist ihr Mann in den Freitod gegangen, jetzt will sie durch neue Eindr\u00fccke Abstand gewinnen. Von Buenos Aires aus ist sie per Schiff in die S\u00fcsee gefahren, u\u0308ber Australien, Indonesien, Malaysia, Myanmar, Indien und durch den Sueskanal geht es jetzt weiter bis nach Venedig. [&hellip;]\" \/>\n<meta property=\"og:url\" content=\"https:\/\/blog.zeit.de\/zeit-der-leser\/2011\/03\/27\/eine-kleine-weltreise-10\/\" \/>\n<meta property=\"og:site_name\" content=\"ZEIT der Leser\" \/>\n<meta property=\"article:published_time\" content=\"2011-03-27T08:00:48+00:00\" \/>\n<meta property=\"article:modified_time\" content=\"2011-03-23T14:29:21+00:00\" \/>\n<meta name=\"author\" content=\"&quot;Zeit der Leser&quot;-Redaktion\" \/>\n<meta name=\"twitter:card\" content=\"summary_large_image\" \/>\n<meta name=\"twitter:label1\" content=\"Geschrieben von\" \/>\n\t<meta name=\"twitter:data1\" content=\"\"Zeit der Leser\"-Redaktion\" \/>\n\t<meta name=\"twitter:label2\" content=\"Gesch\u00e4tzte Lesezeit\" \/>\n\t<meta name=\"twitter:data2\" content=\"2\u00a0Minuten\" \/>\n<script type=\"application\/ld+json\" class=\"yoast-schema-graph\">{\"@context\":\"https:\/\/schema.org\",\"@graph\":[{\"@type\":\"WebPage\",\"@id\":\"https:\/\/blog.zeit.de\/zeit-der-leser\/2011\/03\/27\/eine-kleine-weltreise-10\/\",\"url\":\"https:\/\/blog.zeit.de\/zeit-der-leser\/2011\/03\/27\/eine-kleine-weltreise-10\/\",\"name\":\"Eine kleine Weltreise - ZEIT der Leser\",\"isPartOf\":{\"@id\":\"https:\/\/blog.zeit.de\/zeit-der-leser\/#website\"},\"datePublished\":\"2011-03-27T08:00:48+00:00\",\"dateModified\":\"2011-03-23T14:29:21+00:00\",\"author\":{\"@id\":\"https:\/\/blog.zeit.de\/zeit-der-leser\/#\/schema\/person\/583b14e5ad6368c23af846ecbde9f20f\"},\"breadcrumb\":{\"@id\":\"https:\/\/blog.zeit.de\/zeit-der-leser\/2011\/03\/27\/eine-kleine-weltreise-10\/#breadcrumb\"},\"inLanguage\":\"de\",\"potentialAction\":[{\"@type\":\"ReadAction\",\"target\":[\"https:\/\/blog.zeit.de\/zeit-der-leser\/2011\/03\/27\/eine-kleine-weltreise-10\/\"]}]},{\"@type\":\"BreadcrumbList\",\"@id\":\"https:\/\/blog.zeit.de\/zeit-der-leser\/2011\/03\/27\/eine-kleine-weltreise-10\/#breadcrumb\",\"itemListElement\":[{\"@type\":\"ListItem\",\"position\":1,\"name\":\"Startseite\",\"item\":\"https:\/\/blog.zeit.de\/zeit-der-leser\/\"},{\"@type\":\"ListItem\",\"position\":2,\"name\":\"Eine kleine Weltreise\"}]},{\"@type\":\"WebSite\",\"@id\":\"https:\/\/blog.zeit.de\/zeit-der-leser\/#website\",\"url\":\"https:\/\/blog.zeit.de\/zeit-der-leser\/\",\"name\":\"ZEIT der Leser\",\"description\":\"Ein Blog mit Ihren Notizen, Gedichten und Bildern f\u00fcr die gedruckte ZEIT\",\"potentialAction\":[{\"@type\":\"SearchAction\",\"target\":{\"@type\":\"EntryPoint\",\"urlTemplate\":\"https:\/\/blog.zeit.de\/zeit-der-leser\/?s={search_term_string}\"},\"query-input\":\"required name=search_term_string\"}],\"inLanguage\":\"de\"},{\"@type\":\"Person\",\"@id\":\"https:\/\/blog.zeit.de\/zeit-der-leser\/#\/schema\/person\/583b14e5ad6368c23af846ecbde9f20f\",\"name\":\"\\\"Zeit der Leser\\\"-Redaktion\",\"image\":{\"@type\":\"ImageObject\",\"inLanguage\":\"de\",\"@id\":\"https:\/\/blog.zeit.de\/zeit-der-leser\/#\/schema\/person\/image\/\",\"url\":\"https:\/\/secure.gravatar.com\/avatar\/e801a681bd3bbf2345131a815930b48d9f8e0a94de1346b624840dc850f67ad0?s=96&d=mm&r=g\",\"contentUrl\":\"https:\/\/secure.gravatar.com\/avatar\/e801a681bd3bbf2345131a815930b48d9f8e0a94de1346b624840dc850f67ad0?s=96&d=mm&r=g\",\"caption\":\"\\\"Zeit der Leser\\\"-Redaktion\"},\"url\":\"https:\/\/blog.zeit.de\/zeit-der-leser\/author\/zeit-der-leser-redaktion\/\"}]}<\/script>\n<!-- \/ Yoast SEO plugin. -->","yoast_head_json":{"title":"Eine kleine Weltreise - ZEIT der Leser","robots":{"index":"index","follow":"follow","max-snippet":"max-snippet:-1","max-image-preview":"max-image-preview:large","max-video-preview":"max-video-preview:-1"},"canonical":"https:\/\/blog.zeit.de\/zeit-der-leser\/2011\/03\/27\/eine-kleine-weltreise-10\/","og_locale":"de_DE","og_type":"article","og_title":"Eine kleine Weltreise - ZEIT der Leser","og_description":"&#8230; aus traurigem Anlass\u00ab unternimmt Sabine Kr\u00f6er, 55: Im vergangenen Jahr ist ihr Mann in den Freitod gegangen, jetzt will sie durch neue Eindr\u00fccke Abstand gewinnen. Von Buenos Aires aus ist sie per Schiff in die S\u00fcsee gefahren, u\u0308ber Australien, Indonesien, Malaysia, Myanmar, Indien und durch den Sueskanal geht es jetzt weiter bis nach Venedig. [&hellip;]","og_url":"https:\/\/blog.zeit.de\/zeit-der-leser\/2011\/03\/27\/eine-kleine-weltreise-10\/","og_site_name":"ZEIT der Leser","article_published_time":"2011-03-27T08:00:48+00:00","article_modified_time":"2011-03-23T14:29:21+00:00","author":"\"Zeit der Leser\"-Redaktion","twitter_card":"summary_large_image","twitter_misc":{"Geschrieben von":"\"Zeit der Leser\"-Redaktion","Gesch\u00e4tzte Lesezeit":"2\u00a0Minuten"},"schema":{"@context":"https:\/\/schema.org","@graph":[{"@type":"WebPage","@id":"https:\/\/blog.zeit.de\/zeit-der-leser\/2011\/03\/27\/eine-kleine-weltreise-10\/","url":"https:\/\/blog.zeit.de\/zeit-der-leser\/2011\/03\/27\/eine-kleine-weltreise-10\/","name":"Eine kleine Weltreise - ZEIT der Leser","isPartOf":{"@id":"https:\/\/blog.zeit.de\/zeit-der-leser\/#website"},"datePublished":"2011-03-27T08:00:48+00:00","dateModified":"2011-03-23T14:29:21+00:00","author":{"@id":"https:\/\/blog.zeit.de\/zeit-der-leser\/#\/schema\/person\/583b14e5ad6368c23af846ecbde9f20f"},"breadcrumb":{"@id":"https:\/\/blog.zeit.de\/zeit-der-leser\/2011\/03\/27\/eine-kleine-weltreise-10\/#breadcrumb"},"inLanguage":"de","potentialAction":[{"@type":"ReadAction","target":["https:\/\/blog.zeit.de\/zeit-der-leser\/2011\/03\/27\/eine-kleine-weltreise-10\/"]}]},{"@type":"BreadcrumbList","@id":"https:\/\/blog.zeit.de\/zeit-der-leser\/2011\/03\/27\/eine-kleine-weltreise-10\/#breadcrumb","itemListElement":[{"@type":"ListItem","position":1,"name":"Startseite","item":"https:\/\/blog.zeit.de\/zeit-der-leser\/"},{"@type":"ListItem","position":2,"name":"Eine kleine Weltreise"}]},{"@type":"WebSite","@id":"https:\/\/blog.zeit.de\/zeit-der-leser\/#website","url":"https:\/\/blog.zeit.de\/zeit-der-leser\/","name":"ZEIT der Leser","description":"Ein Blog mit Ihren Notizen, Gedichten und Bildern f\u00fcr die gedruckte ZEIT","potentialAction":[{"@type":"SearchAction","target":{"@type":"EntryPoint","urlTemplate":"https:\/\/blog.zeit.de\/zeit-der-leser\/?s={search_term_string}"},"query-input":"required name=search_term_string"}],"inLanguage":"de"},{"@type":"Person","@id":"https:\/\/blog.zeit.de\/zeit-der-leser\/#\/schema\/person\/583b14e5ad6368c23af846ecbde9f20f","name":"\"Zeit der Leser\"-Redaktion","image":{"@type":"ImageObject","inLanguage":"de","@id":"https:\/\/blog.zeit.de\/zeit-der-leser\/#\/schema\/person\/image\/","url":"https:\/\/secure.gravatar.com\/avatar\/e801a681bd3bbf2345131a815930b48d9f8e0a94de1346b624840dc850f67ad0?s=96&d=mm&r=g","contentUrl":"https:\/\/secure.gravatar.com\/avatar\/e801a681bd3bbf2345131a815930b48d9f8e0a94de1346b624840dc850f67ad0?s=96&d=mm&r=g","caption":"\"Zeit der Leser\"-Redaktion"},"url":"https:\/\/blog.zeit.de\/zeit-der-leser\/author\/zeit-der-leser-redaktion\/"}]}},"jetpack_featured_media_url":"","jetpack_sharing_enabled":true,"_links":{"self":[{"href":"https:\/\/blog.zeit.de\/zeit-der-leser\/wp-json\/wp\/v2\/posts\/4688","targetHints":{"allow":["GET"]}}],"collection":[{"href":"https:\/\/blog.zeit.de\/zeit-der-leser\/wp-json\/wp\/v2\/posts"}],"about":[{"href":"https:\/\/blog.zeit.de\/zeit-der-leser\/wp-json\/wp\/v2\/types\/post"}],"author":[{"embeddable":true,"href":"https:\/\/blog.zeit.de\/zeit-der-leser\/wp-json\/wp\/v2\/users\/265"}],"replies":[{"embeddable":true,"href":"https:\/\/blog.zeit.de\/zeit-der-leser\/wp-json\/wp\/v2\/comments?post=4688"}],"version-history":[{"count":3,"href":"https:\/\/blog.zeit.de\/zeit-der-leser\/wp-json\/wp\/v2\/posts\/4688\/revisions"}],"predecessor-version":[{"id":4691,"href":"https:\/\/blog.zeit.de\/zeit-der-leser\/wp-json\/wp\/v2\/posts\/4688\/revisions\/4691"}],"wp:attachment":[{"href":"https:\/\/blog.zeit.de\/zeit-der-leser\/wp-json\/wp\/v2\/media?parent=4688"}],"wp:term":[{"taxonomy":"category","embeddable":true,"href":"https:\/\/blog.zeit.de\/zeit-der-leser\/wp-json\/wp\/v2\/categories?post=4688"},{"taxonomy":"post_tag","embeddable":true,"href":"https:\/\/blog.zeit.de\/zeit-der-leser\/wp-json\/wp\/v2\/tags?post=4688"}],"curies":[{"name":"wp","href":"https:\/\/api.w.org\/{rel}","templated":true}]}}