{"id":4699,"date":"2011-03-28T10:05:43","date_gmt":"2011-03-28T08:05:43","guid":{"rendered":"http:\/\/blog.zeit.de\/zeit-der-leser\/?p=4699"},"modified":"2011-03-23T15:34:11","modified_gmt":"2011-03-23T14:34:11","slug":"schone-gruse-2","status":"publish","type":"post","link":"https:\/\/blog.zeit.de\/zeit-der-leser\/2011\/03\/28\/schone-gruse-2\/","title":{"rendered":"Sch\u00f6ne Gr\u00fc\u00dfe"},"content":{"rendered":"<p><figure id=\"attachment_4700\" aria-describedby=\"caption-attachment-4700\" style=\"width: 180px\" class=\"wp-caption alignleft\"><a href=\"https:\/\/blog.zeit.de\/zeit-der-leser\/files\/2011\/03\/s88-ramsauer.jpg\"><img loading=\"lazy\" decoding=\"async\" class=\"size-full wp-image-4700\" title=\"s88-ramsauer\" src=\"https:\/\/blog.zeit.de\/zeit-der-leser\/files\/2011\/03\/s88-ramsauer.jpg\" alt=\"\" width=\"180\" height=\"256\" \/><\/a><figcaption id=\"caption-attachment-4700\" class=\"wp-caption-text\">\u00ae DAVID GANNON\/AFP\/Getty Images<\/figcaption><\/figure><\/p>\n<p>Lieber Herr Ramsauer,<br \/>\nneulich las ich, Sie h\u00e4tten das Amt des Verteidigungsministers mit der Begr\u00fcdung abgelehnt, Ihre Kinder seien \u00bbzu klein, um nur noch in gepanzerten Wagen herumzufahren\u00ab. Dass ein Mann, Verkehrsminister und CSU\u00ad Politiker eine Laufbahnentscheidung vom Wohl seiner Kinder abh\u00e4gig macht, hat mich einigerma\u00dfen \u00fcberrascht. Und obwohl ich Ihre verkehrspolitischen Entscheidungen h\u00e4fig frag\u00adw\u00fcrdig finde und Stuttgart 21 fu\u0308r Wahnsinn halte, muss ich Ihnen z\u00e4hneknirschend Respekt zollen. Bitte lassen Sie sich doch auch in der Verkehrspolitik k\u00fcnftig vom Wohle der ver\u00adschiedensten Kinder dieses Landes leiten!<\/p>\n<p><em>Friederike Hempel, Magdeburg<\/em><\/p>\n","protected":false},"excerpt":{"rendered":"<p>Lieber Herr Ramsauer, neulich las ich, Sie h\u00e4tten das Amt des Verteidigungsministers mit der Begr\u00fcdung abgelehnt, Ihre Kinder seien \u00bbzu klein, um nur noch in gepanzerten Wagen herumzufahren\u00ab. Dass ein Mann, Verkehrsminister und CSU\u00ad Politiker eine Laufbahnentscheidung vom Wohl seiner Kinder abh\u00e4gig macht, hat mich einigerma\u00dfen \u00fcberrascht. Und obwohl ich Ihre verkehrspolitischen Entscheidungen h\u00e4fig frag\u00adw\u00fcrdig [&hellip;]<\/p>\n","protected":false},"author":265,"featured_media":0,"comment_status":"open","ping_status":"open","sticky":false,"template":"","format":"standard","meta":{"_jetpack_memberships_contains_paid_content":false,"footnotes":""},"categories":[1875],"tags":[],"class_list":["post-4699","post","type-post","status-publish","format-standard","hentry","category-schone-gruse"],"yoast_head":"<!-- This site is optimized with the Yoast SEO plugin v21.0 - https:\/\/yoast.com\/wordpress\/plugins\/seo\/ -->\n<title>Sch\u00f6ne Gr\u00fc\u00dfe - ZEIT der Leser<\/title>\n<meta name=\"robots\" content=\"index, follow, max-snippet:-1, max-image-preview:large, max-video-preview:-1\" \/>\n<link rel=\"canonical\" href=\"https:\/\/blog.zeit.de\/zeit-der-leser\/2011\/03\/28\/schone-gruse-2\/\" \/>\n<meta property=\"og:locale\" content=\"de_DE\" \/>\n<meta property=\"og:type\" content=\"article\" \/>\n<meta property=\"og:title\" content=\"Sch\u00f6ne Gr\u00fc\u00dfe - ZEIT der Leser\" \/>\n<meta property=\"og:description\" content=\"Lieber Herr Ramsauer, neulich las ich, Sie h\u00e4tten das Amt des Verteidigungsministers mit der Begr\u00fcdung abgelehnt, Ihre Kinder seien \u00bbzu klein, um nur noch in gepanzerten Wagen herumzufahren\u00ab. Dass ein Mann, Verkehrsminister und CSU\u00ad Politiker eine Laufbahnentscheidung vom Wohl seiner Kinder abh\u00e4gig macht, hat mich einigerma\u00dfen \u00fcberrascht. Und obwohl ich Ihre verkehrspolitischen Entscheidungen h\u00e4fig frag\u00adw\u00fcrdig [&hellip;]\" \/>\n<meta property=\"og:url\" content=\"https:\/\/blog.zeit.de\/zeit-der-leser\/2011\/03\/28\/schone-gruse-2\/\" \/>\n<meta property=\"og:site_name\" content=\"ZEIT der Leser\" \/>\n<meta property=\"article:published_time\" content=\"2011-03-28T08:05:43+00:00\" \/>\n<meta property=\"article:modified_time\" content=\"2011-03-23T14:34:11+00:00\" \/>\n<meta property=\"og:image\" content=\"https:\/\/blog.zeit.de\/zeit-der-leser\/files\/2011\/03\/s88-ramsauer.jpg\" \/>\n<meta name=\"author\" content=\"&quot;Zeit der Leser&quot;-Redaktion\" \/>\n<meta name=\"twitter:card\" content=\"summary_large_image\" \/>\n<meta name=\"twitter:label1\" content=\"Geschrieben von\" \/>\n\t<meta name=\"twitter:data1\" content=\"\"Zeit der Leser\"-Redaktion\" \/>\n\t<meta name=\"twitter:label2\" content=\"Gesch\u00e4tzte Lesezeit\" \/>\n\t<meta name=\"twitter:data2\" content=\"1\u00a0Minute\" \/>\n<script type=\"application\/ld+json\" class=\"yoast-schema-graph\">{\"@context\":\"https:\/\/schema.org\",\"@graph\":[{\"@type\":\"WebPage\",\"@id\":\"https:\/\/blog.zeit.de\/zeit-der-leser\/2011\/03\/28\/schone-gruse-2\/\",\"url\":\"https:\/\/blog.zeit.de\/zeit-der-leser\/2011\/03\/28\/schone-gruse-2\/\",\"name\":\"Sch\u00f6ne Gr\u00fc\u00dfe - ZEIT der Leser\",\"isPartOf\":{\"@id\":\"https:\/\/blog.zeit.de\/zeit-der-leser\/#website\"},\"datePublished\":\"2011-03-28T08:05:43+00:00\",\"dateModified\":\"2011-03-23T14:34:11+00:00\",\"author\":{\"@id\":\"https:\/\/blog.zeit.de\/zeit-der-leser\/#\/schema\/person\/583b14e5ad6368c23af846ecbde9f20f\"},\"breadcrumb\":{\"@id\":\"https:\/\/blog.zeit.de\/zeit-der-leser\/2011\/03\/28\/schone-gruse-2\/#breadcrumb\"},\"inLanguage\":\"de\",\"potentialAction\":[{\"@type\":\"ReadAction\",\"target\":[\"https:\/\/blog.zeit.de\/zeit-der-leser\/2011\/03\/28\/schone-gruse-2\/\"]}]},{\"@type\":\"BreadcrumbList\",\"@id\":\"https:\/\/blog.zeit.de\/zeit-der-leser\/2011\/03\/28\/schone-gruse-2\/#breadcrumb\",\"itemListElement\":[{\"@type\":\"ListItem\",\"position\":1,\"name\":\"Startseite\",\"item\":\"https:\/\/blog.zeit.de\/zeit-der-leser\/\"},{\"@type\":\"ListItem\",\"position\":2,\"name\":\"Sch\u00f6ne Gr\u00fc\u00dfe\"}]},{\"@type\":\"WebSite\",\"@id\":\"https:\/\/blog.zeit.de\/zeit-der-leser\/#website\",\"url\":\"https:\/\/blog.zeit.de\/zeit-der-leser\/\",\"name\":\"ZEIT der Leser\",\"description\":\"Ein Blog mit Ihren Notizen, Gedichten und Bildern f\u00fcr die gedruckte ZEIT\",\"potentialAction\":[{\"@type\":\"SearchAction\",\"target\":{\"@type\":\"EntryPoint\",\"urlTemplate\":\"https:\/\/blog.zeit.de\/zeit-der-leser\/?s={search_term_string}\"},\"query-input\":\"required name=search_term_string\"}],\"inLanguage\":\"de\"},{\"@type\":\"Person\",\"@id\":\"https:\/\/blog.zeit.de\/zeit-der-leser\/#\/schema\/person\/583b14e5ad6368c23af846ecbde9f20f\",\"name\":\"\\\"Zeit der Leser\\\"-Redaktion\",\"image\":{\"@type\":\"ImageObject\",\"inLanguage\":\"de\",\"@id\":\"https:\/\/blog.zeit.de\/zeit-der-leser\/#\/schema\/person\/image\/\",\"url\":\"https:\/\/secure.gravatar.com\/avatar\/e801a681bd3bbf2345131a815930b48d9f8e0a94de1346b624840dc850f67ad0?s=96&d=mm&r=g\",\"contentUrl\":\"https:\/\/secure.gravatar.com\/avatar\/e801a681bd3bbf2345131a815930b48d9f8e0a94de1346b624840dc850f67ad0?s=96&d=mm&r=g\",\"caption\":\"\\\"Zeit der Leser\\\"-Redaktion\"},\"url\":\"https:\/\/blog.zeit.de\/zeit-der-leser\/author\/zeit-der-leser-redaktion\/\"}]}<\/script>\n<!-- \/ Yoast SEO plugin. -->","yoast_head_json":{"title":"Sch\u00f6ne Gr\u00fc\u00dfe - ZEIT der Leser","robots":{"index":"index","follow":"follow","max-snippet":"max-snippet:-1","max-image-preview":"max-image-preview:large","max-video-preview":"max-video-preview:-1"},"canonical":"https:\/\/blog.zeit.de\/zeit-der-leser\/2011\/03\/28\/schone-gruse-2\/","og_locale":"de_DE","og_type":"article","og_title":"Sch\u00f6ne Gr\u00fc\u00dfe - ZEIT der Leser","og_description":"Lieber Herr Ramsauer, neulich las ich, Sie h\u00e4tten das Amt des Verteidigungsministers mit der Begr\u00fcdung abgelehnt, Ihre Kinder seien \u00bbzu klein, um nur noch in gepanzerten Wagen herumzufahren\u00ab. Dass ein Mann, Verkehrsminister und CSU\u00ad Politiker eine Laufbahnentscheidung vom Wohl seiner Kinder abh\u00e4gig macht, hat mich einigerma\u00dfen \u00fcberrascht. Und obwohl ich Ihre verkehrspolitischen Entscheidungen h\u00e4fig frag\u00adw\u00fcrdig [&hellip;]","og_url":"https:\/\/blog.zeit.de\/zeit-der-leser\/2011\/03\/28\/schone-gruse-2\/","og_site_name":"ZEIT der Leser","article_published_time":"2011-03-28T08:05:43+00:00","article_modified_time":"2011-03-23T14:34:11+00:00","og_image":[{"url":"https:\/\/blog.zeit.de\/zeit-der-leser\/files\/2011\/03\/s88-ramsauer.jpg"}],"author":"\"Zeit der Leser\"-Redaktion","twitter_card":"summary_large_image","twitter_misc":{"Geschrieben von":"\"Zeit der Leser\"-Redaktion","Gesch\u00e4tzte Lesezeit":"1\u00a0Minute"},"schema":{"@context":"https:\/\/schema.org","@graph":[{"@type":"WebPage","@id":"https:\/\/blog.zeit.de\/zeit-der-leser\/2011\/03\/28\/schone-gruse-2\/","url":"https:\/\/blog.zeit.de\/zeit-der-leser\/2011\/03\/28\/schone-gruse-2\/","name":"Sch\u00f6ne Gr\u00fc\u00dfe - ZEIT der Leser","isPartOf":{"@id":"https:\/\/blog.zeit.de\/zeit-der-leser\/#website"},"datePublished":"2011-03-28T08:05:43+00:00","dateModified":"2011-03-23T14:34:11+00:00","author":{"@id":"https:\/\/blog.zeit.de\/zeit-der-leser\/#\/schema\/person\/583b14e5ad6368c23af846ecbde9f20f"},"breadcrumb":{"@id":"https:\/\/blog.zeit.de\/zeit-der-leser\/2011\/03\/28\/schone-gruse-2\/#breadcrumb"},"inLanguage":"de","potentialAction":[{"@type":"ReadAction","target":["https:\/\/blog.zeit.de\/zeit-der-leser\/2011\/03\/28\/schone-gruse-2\/"]}]},{"@type":"BreadcrumbList","@id":"https:\/\/blog.zeit.de\/zeit-der-leser\/2011\/03\/28\/schone-gruse-2\/#breadcrumb","itemListElement":[{"@type":"ListItem","position":1,"name":"Startseite","item":"https:\/\/blog.zeit.de\/zeit-der-leser\/"},{"@type":"ListItem","position":2,"name":"Sch\u00f6ne Gr\u00fc\u00dfe"}]},{"@type":"WebSite","@id":"https:\/\/blog.zeit.de\/zeit-der-leser\/#website","url":"https:\/\/blog.zeit.de\/zeit-der-leser\/","name":"ZEIT der Leser","description":"Ein Blog mit Ihren Notizen, Gedichten und Bildern f\u00fcr die gedruckte ZEIT","potentialAction":[{"@type":"SearchAction","target":{"@type":"EntryPoint","urlTemplate":"https:\/\/blog.zeit.de\/zeit-der-leser\/?s={search_term_string}"},"query-input":"required name=search_term_string"}],"inLanguage":"de"},{"@type":"Person","@id":"https:\/\/blog.zeit.de\/zeit-der-leser\/#\/schema\/person\/583b14e5ad6368c23af846ecbde9f20f","name":"\"Zeit der Leser\"-Redaktion","image":{"@type":"ImageObject","inLanguage":"de","@id":"https:\/\/blog.zeit.de\/zeit-der-leser\/#\/schema\/person\/image\/","url":"https:\/\/secure.gravatar.com\/avatar\/e801a681bd3bbf2345131a815930b48d9f8e0a94de1346b624840dc850f67ad0?s=96&d=mm&r=g","contentUrl":"https:\/\/secure.gravatar.com\/avatar\/e801a681bd3bbf2345131a815930b48d9f8e0a94de1346b624840dc850f67ad0?s=96&d=mm&r=g","caption":"\"Zeit der Leser\"-Redaktion"},"url":"https:\/\/blog.zeit.de\/zeit-der-leser\/author\/zeit-der-leser-redaktion\/"}]}},"jetpack_featured_media_url":"","jetpack_sharing_enabled":true,"_links":{"self":[{"href":"https:\/\/blog.zeit.de\/zeit-der-leser\/wp-json\/wp\/v2\/posts\/4699","targetHints":{"allow":["GET"]}}],"collection":[{"href":"https:\/\/blog.zeit.de\/zeit-der-leser\/wp-json\/wp\/v2\/posts"}],"about":[{"href":"https:\/\/blog.zeit.de\/zeit-der-leser\/wp-json\/wp\/v2\/types\/post"}],"author":[{"embeddable":true,"href":"https:\/\/blog.zeit.de\/zeit-der-leser\/wp-json\/wp\/v2\/users\/265"}],"replies":[{"embeddable":true,"href":"https:\/\/blog.zeit.de\/zeit-der-leser\/wp-json\/wp\/v2\/comments?post=4699"}],"version-history":[{"count":2,"href":"https:\/\/blog.zeit.de\/zeit-der-leser\/wp-json\/wp\/v2\/posts\/4699\/revisions"}],"predecessor-version":[{"id":4702,"href":"https:\/\/blog.zeit.de\/zeit-der-leser\/wp-json\/wp\/v2\/posts\/4699\/revisions\/4702"}],"wp:attachment":[{"href":"https:\/\/blog.zeit.de\/zeit-der-leser\/wp-json\/wp\/v2\/media?parent=4699"}],"wp:term":[{"taxonomy":"category","embeddable":true,"href":"https:\/\/blog.zeit.de\/zeit-der-leser\/wp-json\/wp\/v2\/categories?post=4699"},{"taxonomy":"post_tag","embeddable":true,"href":"https:\/\/blog.zeit.de\/zeit-der-leser\/wp-json\/wp\/v2\/tags?post=4699"}],"curies":[{"name":"wp","href":"https:\/\/api.w.org\/{rel}","templated":true}]}}