{"id":4757,"date":"2011-04-01T15:14:08","date_gmt":"2011-04-01T13:14:08","guid":{"rendered":"http:\/\/blog.zeit.de\/zeit-der-leser\/?p=4757"},"modified":"2011-04-05T09:22:11","modified_gmt":"2011-04-05T07:22:11","slug":"wiedergefunden-ein-grus-aus-irland","status":"publish","type":"post","link":"https:\/\/blog.zeit.de\/zeit-der-leser\/2011\/04\/01\/wiedergefunden-ein-grus-aus-irland\/","title":{"rendered":"Wiedergefunden: Ein Gru\u00df aus Irland"},"content":{"rendered":"<p><a href=\"https:\/\/blog.zeit.de\/zeit-der-leser\/files\/2011\/03\/s88-postkarte.jpg\"><img loading=\"lazy\" decoding=\"async\" class=\"aligncenter size-full wp-image-4758\" title=\"s88-postkarte\" src=\"https:\/\/blog.zeit.de\/zeit-der-leser\/files\/2011\/03\/s88-postkarte.jpg\" alt=\"\" width=\"540\" height=\"382\" srcset=\"https:\/\/blog.zeit.de\/zeit-der-leser\/files\/2011\/03\/s88-postkarte.jpg 540w, https:\/\/blog.zeit.de\/zeit-der-leser\/files\/2011\/03\/s88-postkarte-300x212.jpg 300w\" sizes=\"auto, (max-width: 540px) 100vw, 540px\" \/><\/a>Ich freue mich \u00fcber jede Ansichtskarte, die ich bekomme. Aber eine ist mir besonders wichtig, und ich habe sie bis heute aufbewahrt. Diese Karte ersetzte einen ganzen Brief, und be\u00adkommen habe ich sie kurz nach der Wende von zwei jungen Leu\u00adten aus der ehemaligen DDR, D\u00f6rte und Matthias, denen ich ei\u00adnen Zuschuss fu\u0308r eine Reise nach Irland gegeben hatte. Jetzt erza\u0308hlten sie mir aus\u00adf\u00fchrlich von ihren Eindr\u00fcken im Norden und S\u00fcden der Insel und schickten \u00bbEin freundliches Cheerio!\u00ab. Ein kleines Kunstwerk!<\/p>\n<p><em>Brigitte Goldschmidt, Hermannsburg, Niedersachsen<\/em><\/p>\n","protected":false},"excerpt":{"rendered":"<p>Ich freue mich \u00fcber jede Ansichtskarte, die ich bekomme. Aber eine ist mir besonders wichtig, und ich habe sie bis heute aufbewahrt. Diese Karte ersetzte einen ganzen Brief, und be\u00adkommen habe ich sie kurz nach der Wende von zwei jungen Leu\u00adten aus der ehemaligen DDR, D\u00f6rte und Matthias, denen ich ei\u00adnen Zuschuss fu\u0308r eine Reise [&hellip;]<\/p>\n","protected":false},"author":265,"featured_media":0,"comment_status":"open","ping_status":"open","sticky":false,"template":"","format":"standard","meta":{"_jetpack_memberships_contains_paid_content":false,"footnotes":""},"categories":[1876],"tags":[],"class_list":["post-4757","post","type-post","status-publish","format-standard","hentry","category-wiedergefunden"],"yoast_head":"<!-- This site is optimized with the Yoast SEO plugin v21.0 - https:\/\/yoast.com\/wordpress\/plugins\/seo\/ -->\n<title>Wiedergefunden: Ein Gru\u00df aus Irland - ZEIT der Leser<\/title>\n<meta name=\"robots\" content=\"index, follow, max-snippet:-1, max-image-preview:large, max-video-preview:-1\" \/>\n<link rel=\"canonical\" href=\"https:\/\/blog.zeit.de\/zeit-der-leser\/2011\/04\/01\/wiedergefunden-ein-grus-aus-irland\/\" \/>\n<meta property=\"og:locale\" content=\"de_DE\" \/>\n<meta property=\"og:type\" content=\"article\" \/>\n<meta property=\"og:title\" content=\"Wiedergefunden: Ein Gru\u00df aus Irland - ZEIT der Leser\" \/>\n<meta property=\"og:description\" content=\"Ich freue mich \u00fcber jede Ansichtskarte, die ich bekomme. Aber eine ist mir besonders wichtig, und ich habe sie bis heute aufbewahrt. Diese Karte ersetzte einen ganzen Brief, und be\u00adkommen habe ich sie kurz nach der Wende von zwei jungen Leu\u00adten aus der ehemaligen DDR, D\u00f6rte und Matthias, denen ich ei\u00adnen Zuschuss fu\u0308r eine Reise [&hellip;]\" \/>\n<meta property=\"og:url\" content=\"https:\/\/blog.zeit.de\/zeit-der-leser\/2011\/04\/01\/wiedergefunden-ein-grus-aus-irland\/\" \/>\n<meta property=\"og:site_name\" content=\"ZEIT der Leser\" \/>\n<meta property=\"article:published_time\" content=\"2011-04-01T13:14:08+00:00\" \/>\n<meta property=\"article:modified_time\" content=\"2011-04-05T07:22:11+00:00\" \/>\n<meta property=\"og:image\" content=\"https:\/\/blog.zeit.de\/zeit-der-leser\/files\/2011\/03\/s88-postkarte.jpg\" \/>\n<meta name=\"author\" content=\"&quot;Zeit der Leser&quot;-Redaktion\" \/>\n<meta name=\"twitter:card\" content=\"summary_large_image\" \/>\n<meta name=\"twitter:label1\" content=\"Geschrieben von\" \/>\n\t<meta name=\"twitter:data1\" content=\"\"Zeit der Leser\"-Redaktion\" \/>\n<script type=\"application\/ld+json\" class=\"yoast-schema-graph\">{\"@context\":\"https:\/\/schema.org\",\"@graph\":[{\"@type\":\"WebPage\",\"@id\":\"https:\/\/blog.zeit.de\/zeit-der-leser\/2011\/04\/01\/wiedergefunden-ein-grus-aus-irland\/\",\"url\":\"https:\/\/blog.zeit.de\/zeit-der-leser\/2011\/04\/01\/wiedergefunden-ein-grus-aus-irland\/\",\"name\":\"Wiedergefunden: Ein Gru\u00df aus Irland - ZEIT der Leser\",\"isPartOf\":{\"@id\":\"https:\/\/blog.zeit.de\/zeit-der-leser\/#website\"},\"datePublished\":\"2011-04-01T13:14:08+00:00\",\"dateModified\":\"2011-04-05T07:22:11+00:00\",\"author\":{\"@id\":\"https:\/\/blog.zeit.de\/zeit-der-leser\/#\/schema\/person\/583b14e5ad6368c23af846ecbde9f20f\"},\"breadcrumb\":{\"@id\":\"https:\/\/blog.zeit.de\/zeit-der-leser\/2011\/04\/01\/wiedergefunden-ein-grus-aus-irland\/#breadcrumb\"},\"inLanguage\":\"de\",\"potentialAction\":[{\"@type\":\"ReadAction\",\"target\":[\"https:\/\/blog.zeit.de\/zeit-der-leser\/2011\/04\/01\/wiedergefunden-ein-grus-aus-irland\/\"]}]},{\"@type\":\"BreadcrumbList\",\"@id\":\"https:\/\/blog.zeit.de\/zeit-der-leser\/2011\/04\/01\/wiedergefunden-ein-grus-aus-irland\/#breadcrumb\",\"itemListElement\":[{\"@type\":\"ListItem\",\"position\":1,\"name\":\"Startseite\",\"item\":\"https:\/\/blog.zeit.de\/zeit-der-leser\/\"},{\"@type\":\"ListItem\",\"position\":2,\"name\":\"Wiedergefunden: Ein Gru\u00df aus Irland\"}]},{\"@type\":\"WebSite\",\"@id\":\"https:\/\/blog.zeit.de\/zeit-der-leser\/#website\",\"url\":\"https:\/\/blog.zeit.de\/zeit-der-leser\/\",\"name\":\"ZEIT der Leser\",\"description\":\"Ein Blog mit Ihren Notizen, Gedichten und Bildern f\u00fcr die gedruckte ZEIT\",\"potentialAction\":[{\"@type\":\"SearchAction\",\"target\":{\"@type\":\"EntryPoint\",\"urlTemplate\":\"https:\/\/blog.zeit.de\/zeit-der-leser\/?s={search_term_string}\"},\"query-input\":\"required name=search_term_string\"}],\"inLanguage\":\"de\"},{\"@type\":\"Person\",\"@id\":\"https:\/\/blog.zeit.de\/zeit-der-leser\/#\/schema\/person\/583b14e5ad6368c23af846ecbde9f20f\",\"name\":\"\\\"Zeit der Leser\\\"-Redaktion\",\"image\":{\"@type\":\"ImageObject\",\"inLanguage\":\"de\",\"@id\":\"https:\/\/blog.zeit.de\/zeit-der-leser\/#\/schema\/person\/image\/\",\"url\":\"https:\/\/secure.gravatar.com\/avatar\/e801a681bd3bbf2345131a815930b48d9f8e0a94de1346b624840dc850f67ad0?s=96&d=mm&r=g\",\"contentUrl\":\"https:\/\/secure.gravatar.com\/avatar\/e801a681bd3bbf2345131a815930b48d9f8e0a94de1346b624840dc850f67ad0?s=96&d=mm&r=g\",\"caption\":\"\\\"Zeit der Leser\\\"-Redaktion\"},\"url\":\"https:\/\/blog.zeit.de\/zeit-der-leser\/author\/zeit-der-leser-redaktion\/\"}]}<\/script>\n<!-- \/ Yoast SEO plugin. -->","yoast_head_json":{"title":"Wiedergefunden: Ein Gru\u00df aus Irland - ZEIT der Leser","robots":{"index":"index","follow":"follow","max-snippet":"max-snippet:-1","max-image-preview":"max-image-preview:large","max-video-preview":"max-video-preview:-1"},"canonical":"https:\/\/blog.zeit.de\/zeit-der-leser\/2011\/04\/01\/wiedergefunden-ein-grus-aus-irland\/","og_locale":"de_DE","og_type":"article","og_title":"Wiedergefunden: Ein Gru\u00df aus Irland - ZEIT der Leser","og_description":"Ich freue mich \u00fcber jede Ansichtskarte, die ich bekomme. Aber eine ist mir besonders wichtig, und ich habe sie bis heute aufbewahrt. Diese Karte ersetzte einen ganzen Brief, und be\u00adkommen habe ich sie kurz nach der Wende von zwei jungen Leu\u00adten aus der ehemaligen DDR, D\u00f6rte und Matthias, denen ich ei\u00adnen Zuschuss fu\u0308r eine Reise [&hellip;]","og_url":"https:\/\/blog.zeit.de\/zeit-der-leser\/2011\/04\/01\/wiedergefunden-ein-grus-aus-irland\/","og_site_name":"ZEIT der Leser","article_published_time":"2011-04-01T13:14:08+00:00","article_modified_time":"2011-04-05T07:22:11+00:00","og_image":[{"url":"https:\/\/blog.zeit.de\/zeit-der-leser\/files\/2011\/03\/s88-postkarte.jpg"}],"author":"\"Zeit der Leser\"-Redaktion","twitter_card":"summary_large_image","twitter_misc":{"Geschrieben von":"\"Zeit der Leser\"-Redaktion"},"schema":{"@context":"https:\/\/schema.org","@graph":[{"@type":"WebPage","@id":"https:\/\/blog.zeit.de\/zeit-der-leser\/2011\/04\/01\/wiedergefunden-ein-grus-aus-irland\/","url":"https:\/\/blog.zeit.de\/zeit-der-leser\/2011\/04\/01\/wiedergefunden-ein-grus-aus-irland\/","name":"Wiedergefunden: Ein Gru\u00df aus Irland - ZEIT der Leser","isPartOf":{"@id":"https:\/\/blog.zeit.de\/zeit-der-leser\/#website"},"datePublished":"2011-04-01T13:14:08+00:00","dateModified":"2011-04-05T07:22:11+00:00","author":{"@id":"https:\/\/blog.zeit.de\/zeit-der-leser\/#\/schema\/person\/583b14e5ad6368c23af846ecbde9f20f"},"breadcrumb":{"@id":"https:\/\/blog.zeit.de\/zeit-der-leser\/2011\/04\/01\/wiedergefunden-ein-grus-aus-irland\/#breadcrumb"},"inLanguage":"de","potentialAction":[{"@type":"ReadAction","target":["https:\/\/blog.zeit.de\/zeit-der-leser\/2011\/04\/01\/wiedergefunden-ein-grus-aus-irland\/"]}]},{"@type":"BreadcrumbList","@id":"https:\/\/blog.zeit.de\/zeit-der-leser\/2011\/04\/01\/wiedergefunden-ein-grus-aus-irland\/#breadcrumb","itemListElement":[{"@type":"ListItem","position":1,"name":"Startseite","item":"https:\/\/blog.zeit.de\/zeit-der-leser\/"},{"@type":"ListItem","position":2,"name":"Wiedergefunden: Ein Gru\u00df aus Irland"}]},{"@type":"WebSite","@id":"https:\/\/blog.zeit.de\/zeit-der-leser\/#website","url":"https:\/\/blog.zeit.de\/zeit-der-leser\/","name":"ZEIT der Leser","description":"Ein Blog mit Ihren Notizen, Gedichten und Bildern f\u00fcr die gedruckte ZEIT","potentialAction":[{"@type":"SearchAction","target":{"@type":"EntryPoint","urlTemplate":"https:\/\/blog.zeit.de\/zeit-der-leser\/?s={search_term_string}"},"query-input":"required name=search_term_string"}],"inLanguage":"de"},{"@type":"Person","@id":"https:\/\/blog.zeit.de\/zeit-der-leser\/#\/schema\/person\/583b14e5ad6368c23af846ecbde9f20f","name":"\"Zeit der Leser\"-Redaktion","image":{"@type":"ImageObject","inLanguage":"de","@id":"https:\/\/blog.zeit.de\/zeit-der-leser\/#\/schema\/person\/image\/","url":"https:\/\/secure.gravatar.com\/avatar\/e801a681bd3bbf2345131a815930b48d9f8e0a94de1346b624840dc850f67ad0?s=96&d=mm&r=g","contentUrl":"https:\/\/secure.gravatar.com\/avatar\/e801a681bd3bbf2345131a815930b48d9f8e0a94de1346b624840dc850f67ad0?s=96&d=mm&r=g","caption":"\"Zeit der Leser\"-Redaktion"},"url":"https:\/\/blog.zeit.de\/zeit-der-leser\/author\/zeit-der-leser-redaktion\/"}]}},"jetpack_featured_media_url":"","jetpack_sharing_enabled":true,"_links":{"self":[{"href":"https:\/\/blog.zeit.de\/zeit-der-leser\/wp-json\/wp\/v2\/posts\/4757","targetHints":{"allow":["GET"]}}],"collection":[{"href":"https:\/\/blog.zeit.de\/zeit-der-leser\/wp-json\/wp\/v2\/posts"}],"about":[{"href":"https:\/\/blog.zeit.de\/zeit-der-leser\/wp-json\/wp\/v2\/types\/post"}],"author":[{"embeddable":true,"href":"https:\/\/blog.zeit.de\/zeit-der-leser\/wp-json\/wp\/v2\/users\/265"}],"replies":[{"embeddable":true,"href":"https:\/\/blog.zeit.de\/zeit-der-leser\/wp-json\/wp\/v2\/comments?post=4757"}],"version-history":[{"count":3,"href":"https:\/\/blog.zeit.de\/zeit-der-leser\/wp-json\/wp\/v2\/posts\/4757\/revisions"}],"predecessor-version":[{"id":4851,"href":"https:\/\/blog.zeit.de\/zeit-der-leser\/wp-json\/wp\/v2\/posts\/4757\/revisions\/4851"}],"wp:attachment":[{"href":"https:\/\/blog.zeit.de\/zeit-der-leser\/wp-json\/wp\/v2\/media?parent=4757"}],"wp:term":[{"taxonomy":"category","embeddable":true,"href":"https:\/\/blog.zeit.de\/zeit-der-leser\/wp-json\/wp\/v2\/categories?post=4757"},{"taxonomy":"post_tag","embeddable":true,"href":"https:\/\/blog.zeit.de\/zeit-der-leser\/wp-json\/wp\/v2\/tags?post=4757"}],"curies":[{"name":"wp","href":"https:\/\/api.w.org\/{rel}","templated":true}]}}