{"id":4794,"date":"2011-04-03T09:42:56","date_gmt":"2011-04-03T07:42:56","guid":{"rendered":"http:\/\/blog.zeit.de\/zeit-der-leser\/?p=4794"},"modified":"2011-04-05T09:19:52","modified_gmt":"2011-04-05T07:19:52","slug":"eine-kleine-weltreise-11","status":"publish","type":"post","link":"https:\/\/blog.zeit.de\/zeit-der-leser\/2011\/04\/03\/eine-kleine-weltreise-11\/","title":{"rendered":"Eine kleine Weltreise"},"content":{"rendered":"<p><em>&#8230; aus traurigem Anlass\u00ab unternimmt Sabine Kro\u0308ner, 55: Im vergangenen Jahr ist ihr Mann in den Freitod gegangen, jetzt will sie durch neue Eindru\u0308cke Abstand gewinnen. Von Buenos Aires aus ist sie per Schiff um die Su\u0308dspitze Amerikas in die Su\u0308dsee gefahren, u\u0308ber Australien, Indonesien, Singapur, Malaysia, Myanmar, Indien, die arabische Halbinsel und durch den Sueskanal geht es jetzt weiter bis nach Venedig.<\/em><br \/>\nIch muss noch von dem Tag erz\u00e4hlen, an dem wir \u2013 irgendwo zwischen Tonga und Fidschi \u2013 die Datumsgrenze \u00fcberquert haben. Wenn man das, wie wir, von Osten nach Westen tut, verliert man tats\u00e4chlich einen ganzen Tag. Auf den Dienstag zum Beispiel folgt einfach der Donnerstag. Und auf einem Kreuzfahrtschiff wie der MS Columbus nimmt man sich selbst auf die Schippe \u2013 mit einem ganz besonderen Pro\u00adgramm fu\u0308r den nicht existenten Tag. Die Sehnsuchtsziele werden von der S\u00fcdsee in die Ostsee verlagert, die Kreuzfahrt wird zur Butterfahrt. Die Passagiere bedienen das Personal, zu Mittag gibt es ein FdH\u00ad B\u00fcffet, abends den Fast\u00adFood\u00ad Staffellauf. Die Sportanimation bietet B\u00e4nderrisse und Mus\u00adkelabbau, als Highlight am Nachmittag gilt der Strip\u00adPoker mit dem Ersten Offizier. Die Happy Hour wird auf den gan\u00adzen Tag ausgedehnt, der Tagescocktail nennt sich \u00bbLost Day\u00ab. Am Abend erwarten uns in der Lounge Lieder, die die Welt nicht braucht, anschlie\u00dfend eine Technoparty mit dem Ho\u00adteldirektor am Plattenteller. Dresscode: Sportdress und San\u00addalen. Im Laufe des Tages gibt es dar\u00fcber hinaus Wettbewer\u00adbe im kreativen Reservieren einer Sonnenliege und dem Bele\u00adgen der ersten Sitzreihe im Bus beim Landausflug. Alle Schiffshandt\u00fccher sollen an den Str\u00e4nden der S\u00fcdsee zur\u00fcck\u00ad gelassen werden, fu\u0308r die Fu\u0308hrung durch die Tanks und den Kamin wird leichte, wei\u00dfe Kleidung empfohlen. Meine per\u00ads\u00f6nlichen Vorschl\u00e4ge w\u00e4ren noch eine Seenot\u00fcbung im Pool, Topfschlagen mit dem K\u00fcchenchef, ein Jodelkurs mit dem Bordpianisten, Klopapierfalten mit der Hausdame und ein Aderlass beim Schiffsarzt. Der t\u00e4gliche Gru\u00df des Kapit\u00e4ns k\u00f6nnte lauten: \u00bbGenie\u00dfen Sie den Tag, und bleiben Sie am Leben.\u00ab Sch\u00f6ne Gr\u00fc\u00dfe nach Hamburg, Bremen und Berlin!<\/p>\n<p><em>Sabine Kr\u00f6ner, zzt. 9\u00b0 47\u2019 S\u00fcd, 137\u00b0 08\u2019 Ost<\/em><\/p>\n","protected":false},"excerpt":{"rendered":"<p>&#8230; aus traurigem Anlass\u00ab unternimmt Sabine Kro\u0308ner, 55: Im vergangenen Jahr ist ihr Mann in den Freitod gegangen, jetzt will sie durch neue Eindru\u0308cke Abstand gewinnen. Von Buenos Aires aus ist sie per Schiff um die Su\u0308dspitze Amerikas in die Su\u0308dsee gefahren, u\u0308ber Australien, Indonesien, Singapur, Malaysia, Myanmar, Indien, die arabische Halbinsel und durch den [&hellip;]<\/p>\n","protected":false},"author":265,"featured_media":0,"comment_status":"open","ping_status":"open","sticky":false,"template":"","format":"standard","meta":{"_jetpack_memberships_contains_paid_content":false,"footnotes":""},"categories":[5685],"tags":[],"class_list":["post-4794","post","type-post","status-publish","format-standard","hentry","category-eine-kleine-weltreise"],"yoast_head":"<!-- This site is optimized with the Yoast SEO plugin v21.0 - https:\/\/yoast.com\/wordpress\/plugins\/seo\/ -->\n<title>Eine kleine Weltreise - ZEIT der Leser<\/title>\n<meta name=\"robots\" content=\"index, follow, max-snippet:-1, max-image-preview:large, max-video-preview:-1\" \/>\n<link rel=\"canonical\" href=\"https:\/\/blog.zeit.de\/zeit-der-leser\/2011\/04\/03\/eine-kleine-weltreise-11\/\" \/>\n<meta property=\"og:locale\" content=\"de_DE\" \/>\n<meta property=\"og:type\" content=\"article\" \/>\n<meta property=\"og:title\" content=\"Eine kleine Weltreise - ZEIT der Leser\" \/>\n<meta property=\"og:description\" content=\"&#8230; aus traurigem Anlass\u00ab unternimmt Sabine Kro\u0308ner, 55: Im vergangenen Jahr ist ihr Mann in den Freitod gegangen, jetzt will sie durch neue Eindru\u0308cke Abstand gewinnen. Von Buenos Aires aus ist sie per Schiff um die Su\u0308dspitze Amerikas in die Su\u0308dsee gefahren, u\u0308ber Australien, Indonesien, Singapur, Malaysia, Myanmar, Indien, die arabische Halbinsel und durch den [&hellip;]\" \/>\n<meta property=\"og:url\" content=\"https:\/\/blog.zeit.de\/zeit-der-leser\/2011\/04\/03\/eine-kleine-weltreise-11\/\" \/>\n<meta property=\"og:site_name\" content=\"ZEIT der Leser\" \/>\n<meta property=\"article:published_time\" content=\"2011-04-03T07:42:56+00:00\" \/>\n<meta property=\"article:modified_time\" content=\"2011-04-05T07:19:52+00:00\" \/>\n<meta name=\"author\" content=\"&quot;Zeit der Leser&quot;-Redaktion\" \/>\n<meta name=\"twitter:card\" content=\"summary_large_image\" \/>\n<meta name=\"twitter:label1\" content=\"Geschrieben von\" \/>\n\t<meta name=\"twitter:data1\" content=\"\"Zeit der Leser\"-Redaktion\" \/>\n\t<meta name=\"twitter:label2\" content=\"Gesch\u00e4tzte Lesezeit\" \/>\n\t<meta name=\"twitter:data2\" content=\"2\u00a0Minuten\" \/>\n<script type=\"application\/ld+json\" class=\"yoast-schema-graph\">{\"@context\":\"https:\/\/schema.org\",\"@graph\":[{\"@type\":\"WebPage\",\"@id\":\"https:\/\/blog.zeit.de\/zeit-der-leser\/2011\/04\/03\/eine-kleine-weltreise-11\/\",\"url\":\"https:\/\/blog.zeit.de\/zeit-der-leser\/2011\/04\/03\/eine-kleine-weltreise-11\/\",\"name\":\"Eine kleine Weltreise - ZEIT der Leser\",\"isPartOf\":{\"@id\":\"https:\/\/blog.zeit.de\/zeit-der-leser\/#website\"},\"datePublished\":\"2011-04-03T07:42:56+00:00\",\"dateModified\":\"2011-04-05T07:19:52+00:00\",\"author\":{\"@id\":\"https:\/\/blog.zeit.de\/zeit-der-leser\/#\/schema\/person\/583b14e5ad6368c23af846ecbde9f20f\"},\"breadcrumb\":{\"@id\":\"https:\/\/blog.zeit.de\/zeit-der-leser\/2011\/04\/03\/eine-kleine-weltreise-11\/#breadcrumb\"},\"inLanguage\":\"de\",\"potentialAction\":[{\"@type\":\"ReadAction\",\"target\":[\"https:\/\/blog.zeit.de\/zeit-der-leser\/2011\/04\/03\/eine-kleine-weltreise-11\/\"]}]},{\"@type\":\"BreadcrumbList\",\"@id\":\"https:\/\/blog.zeit.de\/zeit-der-leser\/2011\/04\/03\/eine-kleine-weltreise-11\/#breadcrumb\",\"itemListElement\":[{\"@type\":\"ListItem\",\"position\":1,\"name\":\"Startseite\",\"item\":\"https:\/\/blog.zeit.de\/zeit-der-leser\/\"},{\"@type\":\"ListItem\",\"position\":2,\"name\":\"Eine kleine Weltreise\"}]},{\"@type\":\"WebSite\",\"@id\":\"https:\/\/blog.zeit.de\/zeit-der-leser\/#website\",\"url\":\"https:\/\/blog.zeit.de\/zeit-der-leser\/\",\"name\":\"ZEIT der Leser\",\"description\":\"Ein Blog mit Ihren Notizen, Gedichten und Bildern f\u00fcr die gedruckte ZEIT\",\"potentialAction\":[{\"@type\":\"SearchAction\",\"target\":{\"@type\":\"EntryPoint\",\"urlTemplate\":\"https:\/\/blog.zeit.de\/zeit-der-leser\/?s={search_term_string}\"},\"query-input\":\"required name=search_term_string\"}],\"inLanguage\":\"de\"},{\"@type\":\"Person\",\"@id\":\"https:\/\/blog.zeit.de\/zeit-der-leser\/#\/schema\/person\/583b14e5ad6368c23af846ecbde9f20f\",\"name\":\"\\\"Zeit der Leser\\\"-Redaktion\",\"image\":{\"@type\":\"ImageObject\",\"inLanguage\":\"de\",\"@id\":\"https:\/\/blog.zeit.de\/zeit-der-leser\/#\/schema\/person\/image\/\",\"url\":\"https:\/\/secure.gravatar.com\/avatar\/e801a681bd3bbf2345131a815930b48d9f8e0a94de1346b624840dc850f67ad0?s=96&d=mm&r=g\",\"contentUrl\":\"https:\/\/secure.gravatar.com\/avatar\/e801a681bd3bbf2345131a815930b48d9f8e0a94de1346b624840dc850f67ad0?s=96&d=mm&r=g\",\"caption\":\"\\\"Zeit der Leser\\\"-Redaktion\"},\"url\":\"https:\/\/blog.zeit.de\/zeit-der-leser\/author\/zeit-der-leser-redaktion\/\"}]}<\/script>\n<!-- \/ Yoast SEO plugin. -->","yoast_head_json":{"title":"Eine kleine Weltreise - ZEIT der Leser","robots":{"index":"index","follow":"follow","max-snippet":"max-snippet:-1","max-image-preview":"max-image-preview:large","max-video-preview":"max-video-preview:-1"},"canonical":"https:\/\/blog.zeit.de\/zeit-der-leser\/2011\/04\/03\/eine-kleine-weltreise-11\/","og_locale":"de_DE","og_type":"article","og_title":"Eine kleine Weltreise - ZEIT der Leser","og_description":"&#8230; aus traurigem Anlass\u00ab unternimmt Sabine Kro\u0308ner, 55: Im vergangenen Jahr ist ihr Mann in den Freitod gegangen, jetzt will sie durch neue Eindru\u0308cke Abstand gewinnen. Von Buenos Aires aus ist sie per Schiff um die Su\u0308dspitze Amerikas in die Su\u0308dsee gefahren, u\u0308ber Australien, Indonesien, Singapur, Malaysia, Myanmar, Indien, die arabische Halbinsel und durch den [&hellip;]","og_url":"https:\/\/blog.zeit.de\/zeit-der-leser\/2011\/04\/03\/eine-kleine-weltreise-11\/","og_site_name":"ZEIT der Leser","article_published_time":"2011-04-03T07:42:56+00:00","article_modified_time":"2011-04-05T07:19:52+00:00","author":"\"Zeit der Leser\"-Redaktion","twitter_card":"summary_large_image","twitter_misc":{"Geschrieben von":"\"Zeit der Leser\"-Redaktion","Gesch\u00e4tzte Lesezeit":"2\u00a0Minuten"},"schema":{"@context":"https:\/\/schema.org","@graph":[{"@type":"WebPage","@id":"https:\/\/blog.zeit.de\/zeit-der-leser\/2011\/04\/03\/eine-kleine-weltreise-11\/","url":"https:\/\/blog.zeit.de\/zeit-der-leser\/2011\/04\/03\/eine-kleine-weltreise-11\/","name":"Eine kleine Weltreise - ZEIT der Leser","isPartOf":{"@id":"https:\/\/blog.zeit.de\/zeit-der-leser\/#website"},"datePublished":"2011-04-03T07:42:56+00:00","dateModified":"2011-04-05T07:19:52+00:00","author":{"@id":"https:\/\/blog.zeit.de\/zeit-der-leser\/#\/schema\/person\/583b14e5ad6368c23af846ecbde9f20f"},"breadcrumb":{"@id":"https:\/\/blog.zeit.de\/zeit-der-leser\/2011\/04\/03\/eine-kleine-weltreise-11\/#breadcrumb"},"inLanguage":"de","potentialAction":[{"@type":"ReadAction","target":["https:\/\/blog.zeit.de\/zeit-der-leser\/2011\/04\/03\/eine-kleine-weltreise-11\/"]}]},{"@type":"BreadcrumbList","@id":"https:\/\/blog.zeit.de\/zeit-der-leser\/2011\/04\/03\/eine-kleine-weltreise-11\/#breadcrumb","itemListElement":[{"@type":"ListItem","position":1,"name":"Startseite","item":"https:\/\/blog.zeit.de\/zeit-der-leser\/"},{"@type":"ListItem","position":2,"name":"Eine kleine Weltreise"}]},{"@type":"WebSite","@id":"https:\/\/blog.zeit.de\/zeit-der-leser\/#website","url":"https:\/\/blog.zeit.de\/zeit-der-leser\/","name":"ZEIT der Leser","description":"Ein Blog mit Ihren Notizen, Gedichten und Bildern f\u00fcr die gedruckte ZEIT","potentialAction":[{"@type":"SearchAction","target":{"@type":"EntryPoint","urlTemplate":"https:\/\/blog.zeit.de\/zeit-der-leser\/?s={search_term_string}"},"query-input":"required name=search_term_string"}],"inLanguage":"de"},{"@type":"Person","@id":"https:\/\/blog.zeit.de\/zeit-der-leser\/#\/schema\/person\/583b14e5ad6368c23af846ecbde9f20f","name":"\"Zeit der Leser\"-Redaktion","image":{"@type":"ImageObject","inLanguage":"de","@id":"https:\/\/blog.zeit.de\/zeit-der-leser\/#\/schema\/person\/image\/","url":"https:\/\/secure.gravatar.com\/avatar\/e801a681bd3bbf2345131a815930b48d9f8e0a94de1346b624840dc850f67ad0?s=96&d=mm&r=g","contentUrl":"https:\/\/secure.gravatar.com\/avatar\/e801a681bd3bbf2345131a815930b48d9f8e0a94de1346b624840dc850f67ad0?s=96&d=mm&r=g","caption":"\"Zeit der Leser\"-Redaktion"},"url":"https:\/\/blog.zeit.de\/zeit-der-leser\/author\/zeit-der-leser-redaktion\/"}]}},"jetpack_featured_media_url":"","jetpack_sharing_enabled":true,"_links":{"self":[{"href":"https:\/\/blog.zeit.de\/zeit-der-leser\/wp-json\/wp\/v2\/posts\/4794","targetHints":{"allow":["GET"]}}],"collection":[{"href":"https:\/\/blog.zeit.de\/zeit-der-leser\/wp-json\/wp\/v2\/posts"}],"about":[{"href":"https:\/\/blog.zeit.de\/zeit-der-leser\/wp-json\/wp\/v2\/types\/post"}],"author":[{"embeddable":true,"href":"https:\/\/blog.zeit.de\/zeit-der-leser\/wp-json\/wp\/v2\/users\/265"}],"replies":[{"embeddable":true,"href":"https:\/\/blog.zeit.de\/zeit-der-leser\/wp-json\/wp\/v2\/comments?post=4794"}],"version-history":[{"count":4,"href":"https:\/\/blog.zeit.de\/zeit-der-leser\/wp-json\/wp\/v2\/posts\/4794\/revisions"}],"predecessor-version":[{"id":4849,"href":"https:\/\/blog.zeit.de\/zeit-der-leser\/wp-json\/wp\/v2\/posts\/4794\/revisions\/4849"}],"wp:attachment":[{"href":"https:\/\/blog.zeit.de\/zeit-der-leser\/wp-json\/wp\/v2\/media?parent=4794"}],"wp:term":[{"taxonomy":"category","embeddable":true,"href":"https:\/\/blog.zeit.de\/zeit-der-leser\/wp-json\/wp\/v2\/categories?post=4794"},{"taxonomy":"post_tag","embeddable":true,"href":"https:\/\/blog.zeit.de\/zeit-der-leser\/wp-json\/wp\/v2\/tags?post=4794"}],"curies":[{"name":"wp","href":"https:\/\/api.w.org\/{rel}","templated":true}]}}