{"id":48,"date":"2010-03-30T13:42:43","date_gmt":"2010-03-30T13:42:43","guid":{"rendered":"http:\/\/blog.zeit.de\/zeit-der-leser\/?p=48"},"modified":"2010-03-31T10:32:12","modified_gmt":"2010-03-31T08:32:12","slug":"briefe-uber-deutschland","status":"publish","type":"post","link":"https:\/\/blog.zeit.de\/zeit-der-leser\/2010\/03\/30\/briefe-uber-deutschland\/","title":{"rendered":"Briefe \u00fcber Deutschland"},"content":{"rendered":"<p>Lieber Julian,<\/p>\n<p>erinnerst Du Dich noch an meinen gelben Pullover? Mommy hatte ihn zu hei\u00df gewaschen, da passte er pl\u00f6tzlich Dir. Dieser Pullover erinnerte mich immer an Genscher, unseren damaligen Au\u00dfenminister. Er wurde verehrt wie ein Halbgott, und doch kann ich von ihm keinen markanten Satz wiedergeben, au\u00dfer dem in der Prager Botschaft, den niemand so richtig verstand, weil er im Jubel der Ausreisewilligen unterging.<\/p>\n<p>Aber dieser Au\u00dfenminister vertrat uns bestens im Ausland, und das gen\u00fcgte. Und der jetzige? Nimmt man au\u00dferhalb unserer Grenzen \u00fcberhaupt Notiz von ihm? Dieser Westerwelle hat schon mancherlei ungute Eindr\u00fccke hinterlassen. Und nun dieses innenpolitische Desaster: Hartz-IV-Debatte und der v\u00f6l-lig missratene Start der Koalition. Zudem die Klientelpolitik seiner Partei, der FDP. Und zuletzt die Vorw\u00fcrfe von Vettern- und Freundeswirtschaft. Ist so etwas in Kanada auch an der Tagesordnung? Und wie geht man dort eigentlich mit homosexuellen Politikern um?<\/p>\n<p>Komisch: Wenn ich an Westerwelle denke, dann tr\u00e4gt er vor meinem inneren Auge keinen gelben Pullover sondern eine rote, runde Nase \u2013 wie ein Clown!<\/p>\n<p>Dar\u00fcber schmunzelt dann<br \/>\nDein Rich<\/p>\n<p><em>Im w\u00f6chentlichen Wechsel schreiben sich hier Friedrich Engelke, 68, Physiker aus Villingen, und sein Stiefsohn Julian, 30, Umweltberater aus Montreal<\/em><\/p>\n","protected":false},"excerpt":{"rendered":"<p>Lieber Julian, erinnerst Du Dich noch an meinen gelben Pullover? Mommy hatte ihn zu hei\u00df gewaschen, da passte er pl\u00f6tzlich Dir. Dieser Pullover erinnerte mich immer an Genscher, unseren damaligen Au\u00dfenminister. Er wurde verehrt wie ein Halbgott, und doch kann ich von ihm keinen markanten Satz wiedergeben, au\u00dfer dem in der Prager Botschaft, den niemand [&hellip;]<\/p>\n","protected":false},"author":264,"featured_media":0,"comment_status":"open","ping_status":"open","sticky":false,"template":"","format":"standard","meta":{"_jetpack_memberships_contains_paid_content":false,"footnotes":""},"categories":[1877],"tags":[],"class_list":["post-48","post","type-post","status-publish","format-standard","hentry","category-briefe-uber-deutschland"],"yoast_head":"<!-- This site is optimized with the Yoast SEO plugin v21.0 - https:\/\/yoast.com\/wordpress\/plugins\/seo\/ -->\n<title>Briefe \u00fcber Deutschland - ZEIT der Leser<\/title>\n<meta name=\"robots\" content=\"index, follow, max-snippet:-1, max-image-preview:large, max-video-preview:-1\" \/>\n<link rel=\"canonical\" href=\"https:\/\/blog.zeit.de\/zeit-der-leser\/2010\/03\/30\/briefe-uber-deutschland\/\" \/>\n<meta property=\"og:locale\" content=\"de_DE\" \/>\n<meta property=\"og:type\" content=\"article\" \/>\n<meta property=\"og:title\" content=\"Briefe \u00fcber Deutschland - ZEIT der Leser\" \/>\n<meta property=\"og:description\" content=\"Lieber Julian, erinnerst Du Dich noch an meinen gelben Pullover? Mommy hatte ihn zu hei\u00df gewaschen, da passte er pl\u00f6tzlich Dir. Dieser Pullover erinnerte mich immer an Genscher, unseren damaligen Au\u00dfenminister. Er wurde verehrt wie ein Halbgott, und doch kann ich von ihm keinen markanten Satz wiedergeben, au\u00dfer dem in der Prager Botschaft, den niemand [&hellip;]\" \/>\n<meta property=\"og:url\" content=\"https:\/\/blog.zeit.de\/zeit-der-leser\/2010\/03\/30\/briefe-uber-deutschland\/\" \/>\n<meta property=\"og:site_name\" content=\"ZEIT der Leser\" \/>\n<meta property=\"article:published_time\" content=\"2010-03-30T13:42:43+00:00\" \/>\n<meta property=\"article:modified_time\" content=\"2010-03-31T08:32:12+00:00\" \/>\n<meta name=\"author\" content=\"Zeit der Leser\" \/>\n<meta name=\"twitter:card\" content=\"summary_large_image\" \/>\n<meta name=\"twitter:label1\" content=\"Geschrieben von\" \/>\n\t<meta name=\"twitter:data1\" content=\"Zeit der Leser\" \/>\n\t<meta name=\"twitter:label2\" content=\"Gesch\u00e4tzte Lesezeit\" \/>\n\t<meta name=\"twitter:data2\" content=\"1\u00a0Minute\" \/>\n<script type=\"application\/ld+json\" class=\"yoast-schema-graph\">{\"@context\":\"https:\/\/schema.org\",\"@graph\":[{\"@type\":\"WebPage\",\"@id\":\"https:\/\/blog.zeit.de\/zeit-der-leser\/2010\/03\/30\/briefe-uber-deutschland\/\",\"url\":\"https:\/\/blog.zeit.de\/zeit-der-leser\/2010\/03\/30\/briefe-uber-deutschland\/\",\"name\":\"Briefe \u00fcber Deutschland - ZEIT der Leser\",\"isPartOf\":{\"@id\":\"https:\/\/blog.zeit.de\/zeit-der-leser\/#website\"},\"datePublished\":\"2010-03-30T13:42:43+00:00\",\"dateModified\":\"2010-03-31T08:32:12+00:00\",\"author\":{\"@id\":\"https:\/\/blog.zeit.de\/zeit-der-leser\/#\/schema\/person\/e248c7ff5a10552f6a3bd5e9385b3667\"},\"breadcrumb\":{\"@id\":\"https:\/\/blog.zeit.de\/zeit-der-leser\/2010\/03\/30\/briefe-uber-deutschland\/#breadcrumb\"},\"inLanguage\":\"de\",\"potentialAction\":[{\"@type\":\"ReadAction\",\"target\":[\"https:\/\/blog.zeit.de\/zeit-der-leser\/2010\/03\/30\/briefe-uber-deutschland\/\"]}]},{\"@type\":\"BreadcrumbList\",\"@id\":\"https:\/\/blog.zeit.de\/zeit-der-leser\/2010\/03\/30\/briefe-uber-deutschland\/#breadcrumb\",\"itemListElement\":[{\"@type\":\"ListItem\",\"position\":1,\"name\":\"Startseite\",\"item\":\"https:\/\/blog.zeit.de\/zeit-der-leser\/\"},{\"@type\":\"ListItem\",\"position\":2,\"name\":\"Briefe \u00fcber Deutschland\"}]},{\"@type\":\"WebSite\",\"@id\":\"https:\/\/blog.zeit.de\/zeit-der-leser\/#website\",\"url\":\"https:\/\/blog.zeit.de\/zeit-der-leser\/\",\"name\":\"ZEIT der Leser\",\"description\":\"Ein Blog mit Ihren Notizen, Gedichten und Bildern f\u00fcr die gedruckte ZEIT\",\"potentialAction\":[{\"@type\":\"SearchAction\",\"target\":{\"@type\":\"EntryPoint\",\"urlTemplate\":\"https:\/\/blog.zeit.de\/zeit-der-leser\/?s={search_term_string}\"},\"query-input\":\"required name=search_term_string\"}],\"inLanguage\":\"de\"},{\"@type\":\"Person\",\"@id\":\"https:\/\/blog.zeit.de\/zeit-der-leser\/#\/schema\/person\/e248c7ff5a10552f6a3bd5e9385b3667\",\"name\":\"Zeit der Leser\",\"image\":{\"@type\":\"ImageObject\",\"inLanguage\":\"de\",\"@id\":\"https:\/\/blog.zeit.de\/zeit-der-leser\/#\/schema\/person\/image\/\",\"url\":\"https:\/\/secure.gravatar.com\/avatar\/529bb2731085995bda6c8ba0e4da7e528ea8be4e6c7abdd217f176e2309035f6?s=96&d=mm&r=g\",\"contentUrl\":\"https:\/\/secure.gravatar.com\/avatar\/529bb2731085995bda6c8ba0e4da7e528ea8be4e6c7abdd217f176e2309035f6?s=96&d=mm&r=g\",\"caption\":\"Zeit der Leser\"},\"url\":\"https:\/\/blog.zeit.de\/zeit-der-leser\/author\/zeit-der-leser\/\"}]}<\/script>\n<!-- \/ Yoast SEO plugin. -->","yoast_head_json":{"title":"Briefe \u00fcber Deutschland - ZEIT der Leser","robots":{"index":"index","follow":"follow","max-snippet":"max-snippet:-1","max-image-preview":"max-image-preview:large","max-video-preview":"max-video-preview:-1"},"canonical":"https:\/\/blog.zeit.de\/zeit-der-leser\/2010\/03\/30\/briefe-uber-deutschland\/","og_locale":"de_DE","og_type":"article","og_title":"Briefe \u00fcber Deutschland - ZEIT der Leser","og_description":"Lieber Julian, erinnerst Du Dich noch an meinen gelben Pullover? Mommy hatte ihn zu hei\u00df gewaschen, da passte er pl\u00f6tzlich Dir. Dieser Pullover erinnerte mich immer an Genscher, unseren damaligen Au\u00dfenminister. Er wurde verehrt wie ein Halbgott, und doch kann ich von ihm keinen markanten Satz wiedergeben, au\u00dfer dem in der Prager Botschaft, den niemand [&hellip;]","og_url":"https:\/\/blog.zeit.de\/zeit-der-leser\/2010\/03\/30\/briefe-uber-deutschland\/","og_site_name":"ZEIT der Leser","article_published_time":"2010-03-30T13:42:43+00:00","article_modified_time":"2010-03-31T08:32:12+00:00","author":"Zeit der Leser","twitter_card":"summary_large_image","twitter_misc":{"Geschrieben von":"Zeit der Leser","Gesch\u00e4tzte Lesezeit":"1\u00a0Minute"},"schema":{"@context":"https:\/\/schema.org","@graph":[{"@type":"WebPage","@id":"https:\/\/blog.zeit.de\/zeit-der-leser\/2010\/03\/30\/briefe-uber-deutschland\/","url":"https:\/\/blog.zeit.de\/zeit-der-leser\/2010\/03\/30\/briefe-uber-deutschland\/","name":"Briefe \u00fcber Deutschland - ZEIT der Leser","isPartOf":{"@id":"https:\/\/blog.zeit.de\/zeit-der-leser\/#website"},"datePublished":"2010-03-30T13:42:43+00:00","dateModified":"2010-03-31T08:32:12+00:00","author":{"@id":"https:\/\/blog.zeit.de\/zeit-der-leser\/#\/schema\/person\/e248c7ff5a10552f6a3bd5e9385b3667"},"breadcrumb":{"@id":"https:\/\/blog.zeit.de\/zeit-der-leser\/2010\/03\/30\/briefe-uber-deutschland\/#breadcrumb"},"inLanguage":"de","potentialAction":[{"@type":"ReadAction","target":["https:\/\/blog.zeit.de\/zeit-der-leser\/2010\/03\/30\/briefe-uber-deutschland\/"]}]},{"@type":"BreadcrumbList","@id":"https:\/\/blog.zeit.de\/zeit-der-leser\/2010\/03\/30\/briefe-uber-deutschland\/#breadcrumb","itemListElement":[{"@type":"ListItem","position":1,"name":"Startseite","item":"https:\/\/blog.zeit.de\/zeit-der-leser\/"},{"@type":"ListItem","position":2,"name":"Briefe \u00fcber Deutschland"}]},{"@type":"WebSite","@id":"https:\/\/blog.zeit.de\/zeit-der-leser\/#website","url":"https:\/\/blog.zeit.de\/zeit-der-leser\/","name":"ZEIT der Leser","description":"Ein Blog mit Ihren Notizen, Gedichten und Bildern f\u00fcr die gedruckte ZEIT","potentialAction":[{"@type":"SearchAction","target":{"@type":"EntryPoint","urlTemplate":"https:\/\/blog.zeit.de\/zeit-der-leser\/?s={search_term_string}"},"query-input":"required name=search_term_string"}],"inLanguage":"de"},{"@type":"Person","@id":"https:\/\/blog.zeit.de\/zeit-der-leser\/#\/schema\/person\/e248c7ff5a10552f6a3bd5e9385b3667","name":"Zeit der Leser","image":{"@type":"ImageObject","inLanguage":"de","@id":"https:\/\/blog.zeit.de\/zeit-der-leser\/#\/schema\/person\/image\/","url":"https:\/\/secure.gravatar.com\/avatar\/529bb2731085995bda6c8ba0e4da7e528ea8be4e6c7abdd217f176e2309035f6?s=96&d=mm&r=g","contentUrl":"https:\/\/secure.gravatar.com\/avatar\/529bb2731085995bda6c8ba0e4da7e528ea8be4e6c7abdd217f176e2309035f6?s=96&d=mm&r=g","caption":"Zeit der Leser"},"url":"https:\/\/blog.zeit.de\/zeit-der-leser\/author\/zeit-der-leser\/"}]}},"jetpack_featured_media_url":"","jetpack_sharing_enabled":true,"_links":{"self":[{"href":"https:\/\/blog.zeit.de\/zeit-der-leser\/wp-json\/wp\/v2\/posts\/48","targetHints":{"allow":["GET"]}}],"collection":[{"href":"https:\/\/blog.zeit.de\/zeit-der-leser\/wp-json\/wp\/v2\/posts"}],"about":[{"href":"https:\/\/blog.zeit.de\/zeit-der-leser\/wp-json\/wp\/v2\/types\/post"}],"author":[{"embeddable":true,"href":"https:\/\/blog.zeit.de\/zeit-der-leser\/wp-json\/wp\/v2\/users\/264"}],"replies":[{"embeddable":true,"href":"https:\/\/blog.zeit.de\/zeit-der-leser\/wp-json\/wp\/v2\/comments?post=48"}],"version-history":[{"count":0,"href":"https:\/\/blog.zeit.de\/zeit-der-leser\/wp-json\/wp\/v2\/posts\/48\/revisions"}],"wp:attachment":[{"href":"https:\/\/blog.zeit.de\/zeit-der-leser\/wp-json\/wp\/v2\/media?parent=48"}],"wp:term":[{"taxonomy":"category","embeddable":true,"href":"https:\/\/blog.zeit.de\/zeit-der-leser\/wp-json\/wp\/v2\/categories?post=48"},{"taxonomy":"post_tag","embeddable":true,"href":"https:\/\/blog.zeit.de\/zeit-der-leser\/wp-json\/wp\/v2\/tags?post=48"}],"curies":[{"name":"wp","href":"https:\/\/api.w.org\/{rel}","templated":true}]}}