{"id":4813,"date":"2011-04-05T09:56:27","date_gmt":"2011-04-05T07:56:27","guid":{"rendered":"http:\/\/blog.zeit.de\/zeit-der-leser\/?p=4813"},"modified":"2011-04-05T08:56:19","modified_gmt":"2011-04-05T06:56:19","slug":"schone-gruse-3","status":"publish","type":"post","link":"https:\/\/blog.zeit.de\/zeit-der-leser\/2011\/04\/05\/schone-gruse-3\/","title":{"rendered":"Sch\u00f6ne Gr\u00fc\u00dfe"},"content":{"rendered":"<p><figure id=\"attachment_4814\" aria-describedby=\"caption-attachment-4814\" style=\"width: 180px\" class=\"wp-caption alignleft\"><a href=\"https:\/\/blog.zeit.de\/zeit-der-leser\/files\/2011\/04\/s88-schoene-gruesse.jpg\"><img loading=\"lazy\" decoding=\"async\" class=\"size-full wp-image-4814\" title=\"s88-schoene-gruesse\" src=\"https:\/\/blog.zeit.de\/zeit-der-leser\/files\/2011\/04\/s88-schoene-gruesse.jpg\" alt=\"\" width=\"180\" height=\"262\" \/><\/a><figcaption id=\"caption-attachment-4814\" class=\"wp-caption-text\">\u00ae Privat<\/figcaption><\/figure><\/p>\n<p>Lieber Friedrich K\u00fchling,<br \/>\nvon Dir kann man lernen, dass am Anfang das Wort war und nicht die Zahl, dass Fragen meist spannender sind als Antworten, dass Besonnenheit im Wirtschaftsleben so manches Problem l\u00f6st, dass Zeugnisse nur ein Puzzleteil im Leben eines Mitarbeiters sind, dass Unternehmenskultur die Summe von Selbstver\u00adst\u00e4ndlichkeiten ist, dass Firma und Familie prima zusammen\u00ad passen und wie ungeheuer weit Freundlichkeit tr\u00e4gt. Alles Gute zum 60. Geburtstag!<\/p>\n<p><em>Familie Po\u0308ppelmann, Lohne<\/em><\/p>\n","protected":false},"excerpt":{"rendered":"<p>Lieber Friedrich K\u00fchling, von Dir kann man lernen, dass am Anfang das Wort war und nicht die Zahl, dass Fragen meist spannender sind als Antworten, dass Besonnenheit im Wirtschaftsleben so manches Problem l\u00f6st, dass Zeugnisse nur ein Puzzleteil im Leben eines Mitarbeiters sind, dass Unternehmenskultur die Summe von Selbstver\u00adst\u00e4ndlichkeiten ist, dass Firma und Familie prima [&hellip;]<\/p>\n","protected":false},"author":265,"featured_media":0,"comment_status":"open","ping_status":"open","sticky":false,"template":"","format":"standard","meta":{"_jetpack_memberships_contains_paid_content":false,"footnotes":""},"categories":[1875],"tags":[],"class_list":["post-4813","post","type-post","status-publish","format-standard","hentry","category-schone-gruse"],"yoast_head":"<!-- This site is optimized with the Yoast SEO plugin v21.0 - https:\/\/yoast.com\/wordpress\/plugins\/seo\/ -->\n<title>Sch\u00f6ne Gr\u00fc\u00dfe - ZEIT der Leser<\/title>\n<meta name=\"robots\" content=\"index, follow, max-snippet:-1, max-image-preview:large, max-video-preview:-1\" \/>\n<link rel=\"canonical\" href=\"https:\/\/blog.zeit.de\/zeit-der-leser\/2011\/04\/05\/schone-gruse-3\/\" \/>\n<meta property=\"og:locale\" content=\"de_DE\" \/>\n<meta property=\"og:type\" content=\"article\" \/>\n<meta property=\"og:title\" content=\"Sch\u00f6ne Gr\u00fc\u00dfe - ZEIT der Leser\" \/>\n<meta property=\"og:description\" content=\"Lieber Friedrich K\u00fchling, von Dir kann man lernen, dass am Anfang das Wort war und nicht die Zahl, dass Fragen meist spannender sind als Antworten, dass Besonnenheit im Wirtschaftsleben so manches Problem l\u00f6st, dass Zeugnisse nur ein Puzzleteil im Leben eines Mitarbeiters sind, dass Unternehmenskultur die Summe von Selbstver\u00adst\u00e4ndlichkeiten ist, dass Firma und Familie prima [&hellip;]\" \/>\n<meta property=\"og:url\" content=\"https:\/\/blog.zeit.de\/zeit-der-leser\/2011\/04\/05\/schone-gruse-3\/\" \/>\n<meta property=\"og:site_name\" content=\"ZEIT der Leser\" \/>\n<meta property=\"article:published_time\" content=\"2011-04-05T07:56:27+00:00\" \/>\n<meta property=\"article:modified_time\" content=\"2011-04-05T06:56:19+00:00\" \/>\n<meta property=\"og:image\" content=\"https:\/\/blog.zeit.de\/zeit-der-leser\/files\/2011\/04\/s88-schoene-gruesse.jpg\" \/>\n<meta name=\"author\" content=\"&quot;Zeit der Leser&quot;-Redaktion\" \/>\n<meta name=\"twitter:card\" content=\"summary_large_image\" \/>\n<meta name=\"twitter:label1\" content=\"Geschrieben von\" \/>\n\t<meta name=\"twitter:data1\" content=\"\"Zeit der Leser\"-Redaktion\" \/>\n<script type=\"application\/ld+json\" class=\"yoast-schema-graph\">{\"@context\":\"https:\/\/schema.org\",\"@graph\":[{\"@type\":\"WebPage\",\"@id\":\"https:\/\/blog.zeit.de\/zeit-der-leser\/2011\/04\/05\/schone-gruse-3\/\",\"url\":\"https:\/\/blog.zeit.de\/zeit-der-leser\/2011\/04\/05\/schone-gruse-3\/\",\"name\":\"Sch\u00f6ne Gr\u00fc\u00dfe - ZEIT der Leser\",\"isPartOf\":{\"@id\":\"https:\/\/blog.zeit.de\/zeit-der-leser\/#website\"},\"datePublished\":\"2011-04-05T07:56:27+00:00\",\"dateModified\":\"2011-04-05T06:56:19+00:00\",\"author\":{\"@id\":\"https:\/\/blog.zeit.de\/zeit-der-leser\/#\/schema\/person\/583b14e5ad6368c23af846ecbde9f20f\"},\"breadcrumb\":{\"@id\":\"https:\/\/blog.zeit.de\/zeit-der-leser\/2011\/04\/05\/schone-gruse-3\/#breadcrumb\"},\"inLanguage\":\"de\",\"potentialAction\":[{\"@type\":\"ReadAction\",\"target\":[\"https:\/\/blog.zeit.de\/zeit-der-leser\/2011\/04\/05\/schone-gruse-3\/\"]}]},{\"@type\":\"BreadcrumbList\",\"@id\":\"https:\/\/blog.zeit.de\/zeit-der-leser\/2011\/04\/05\/schone-gruse-3\/#breadcrumb\",\"itemListElement\":[{\"@type\":\"ListItem\",\"position\":1,\"name\":\"Startseite\",\"item\":\"https:\/\/blog.zeit.de\/zeit-der-leser\/\"},{\"@type\":\"ListItem\",\"position\":2,\"name\":\"Sch\u00f6ne Gr\u00fc\u00dfe\"}]},{\"@type\":\"WebSite\",\"@id\":\"https:\/\/blog.zeit.de\/zeit-der-leser\/#website\",\"url\":\"https:\/\/blog.zeit.de\/zeit-der-leser\/\",\"name\":\"ZEIT der Leser\",\"description\":\"Ein Blog mit Ihren Notizen, Gedichten und Bildern f\u00fcr die gedruckte ZEIT\",\"potentialAction\":[{\"@type\":\"SearchAction\",\"target\":{\"@type\":\"EntryPoint\",\"urlTemplate\":\"https:\/\/blog.zeit.de\/zeit-der-leser\/?s={search_term_string}\"},\"query-input\":\"required name=search_term_string\"}],\"inLanguage\":\"de\"},{\"@type\":\"Person\",\"@id\":\"https:\/\/blog.zeit.de\/zeit-der-leser\/#\/schema\/person\/583b14e5ad6368c23af846ecbde9f20f\",\"name\":\"\\\"Zeit der Leser\\\"-Redaktion\",\"image\":{\"@type\":\"ImageObject\",\"inLanguage\":\"de\",\"@id\":\"https:\/\/blog.zeit.de\/zeit-der-leser\/#\/schema\/person\/image\/\",\"url\":\"https:\/\/secure.gravatar.com\/avatar\/e801a681bd3bbf2345131a815930b48d9f8e0a94de1346b624840dc850f67ad0?s=96&d=mm&r=g\",\"contentUrl\":\"https:\/\/secure.gravatar.com\/avatar\/e801a681bd3bbf2345131a815930b48d9f8e0a94de1346b624840dc850f67ad0?s=96&d=mm&r=g\",\"caption\":\"\\\"Zeit der Leser\\\"-Redaktion\"},\"url\":\"https:\/\/blog.zeit.de\/zeit-der-leser\/author\/zeit-der-leser-redaktion\/\"}]}<\/script>\n<!-- \/ Yoast SEO plugin. -->","yoast_head_json":{"title":"Sch\u00f6ne Gr\u00fc\u00dfe - ZEIT der Leser","robots":{"index":"index","follow":"follow","max-snippet":"max-snippet:-1","max-image-preview":"max-image-preview:large","max-video-preview":"max-video-preview:-1"},"canonical":"https:\/\/blog.zeit.de\/zeit-der-leser\/2011\/04\/05\/schone-gruse-3\/","og_locale":"de_DE","og_type":"article","og_title":"Sch\u00f6ne Gr\u00fc\u00dfe - ZEIT der Leser","og_description":"Lieber Friedrich K\u00fchling, von Dir kann man lernen, dass am Anfang das Wort war und nicht die Zahl, dass Fragen meist spannender sind als Antworten, dass Besonnenheit im Wirtschaftsleben so manches Problem l\u00f6st, dass Zeugnisse nur ein Puzzleteil im Leben eines Mitarbeiters sind, dass Unternehmenskultur die Summe von Selbstver\u00adst\u00e4ndlichkeiten ist, dass Firma und Familie prima [&hellip;]","og_url":"https:\/\/blog.zeit.de\/zeit-der-leser\/2011\/04\/05\/schone-gruse-3\/","og_site_name":"ZEIT der Leser","article_published_time":"2011-04-05T07:56:27+00:00","article_modified_time":"2011-04-05T06:56:19+00:00","og_image":[{"url":"https:\/\/blog.zeit.de\/zeit-der-leser\/files\/2011\/04\/s88-schoene-gruesse.jpg"}],"author":"\"Zeit der Leser\"-Redaktion","twitter_card":"summary_large_image","twitter_misc":{"Geschrieben von":"\"Zeit der Leser\"-Redaktion"},"schema":{"@context":"https:\/\/schema.org","@graph":[{"@type":"WebPage","@id":"https:\/\/blog.zeit.de\/zeit-der-leser\/2011\/04\/05\/schone-gruse-3\/","url":"https:\/\/blog.zeit.de\/zeit-der-leser\/2011\/04\/05\/schone-gruse-3\/","name":"Sch\u00f6ne Gr\u00fc\u00dfe - ZEIT der Leser","isPartOf":{"@id":"https:\/\/blog.zeit.de\/zeit-der-leser\/#website"},"datePublished":"2011-04-05T07:56:27+00:00","dateModified":"2011-04-05T06:56:19+00:00","author":{"@id":"https:\/\/blog.zeit.de\/zeit-der-leser\/#\/schema\/person\/583b14e5ad6368c23af846ecbde9f20f"},"breadcrumb":{"@id":"https:\/\/blog.zeit.de\/zeit-der-leser\/2011\/04\/05\/schone-gruse-3\/#breadcrumb"},"inLanguage":"de","potentialAction":[{"@type":"ReadAction","target":["https:\/\/blog.zeit.de\/zeit-der-leser\/2011\/04\/05\/schone-gruse-3\/"]}]},{"@type":"BreadcrumbList","@id":"https:\/\/blog.zeit.de\/zeit-der-leser\/2011\/04\/05\/schone-gruse-3\/#breadcrumb","itemListElement":[{"@type":"ListItem","position":1,"name":"Startseite","item":"https:\/\/blog.zeit.de\/zeit-der-leser\/"},{"@type":"ListItem","position":2,"name":"Sch\u00f6ne Gr\u00fc\u00dfe"}]},{"@type":"WebSite","@id":"https:\/\/blog.zeit.de\/zeit-der-leser\/#website","url":"https:\/\/blog.zeit.de\/zeit-der-leser\/","name":"ZEIT der Leser","description":"Ein Blog mit Ihren Notizen, Gedichten und Bildern f\u00fcr die gedruckte ZEIT","potentialAction":[{"@type":"SearchAction","target":{"@type":"EntryPoint","urlTemplate":"https:\/\/blog.zeit.de\/zeit-der-leser\/?s={search_term_string}"},"query-input":"required name=search_term_string"}],"inLanguage":"de"},{"@type":"Person","@id":"https:\/\/blog.zeit.de\/zeit-der-leser\/#\/schema\/person\/583b14e5ad6368c23af846ecbde9f20f","name":"\"Zeit der Leser\"-Redaktion","image":{"@type":"ImageObject","inLanguage":"de","@id":"https:\/\/blog.zeit.de\/zeit-der-leser\/#\/schema\/person\/image\/","url":"https:\/\/secure.gravatar.com\/avatar\/e801a681bd3bbf2345131a815930b48d9f8e0a94de1346b624840dc850f67ad0?s=96&d=mm&r=g","contentUrl":"https:\/\/secure.gravatar.com\/avatar\/e801a681bd3bbf2345131a815930b48d9f8e0a94de1346b624840dc850f67ad0?s=96&d=mm&r=g","caption":"\"Zeit der Leser\"-Redaktion"},"url":"https:\/\/blog.zeit.de\/zeit-der-leser\/author\/zeit-der-leser-redaktion\/"}]}},"jetpack_featured_media_url":"","jetpack_sharing_enabled":true,"_links":{"self":[{"href":"https:\/\/blog.zeit.de\/zeit-der-leser\/wp-json\/wp\/v2\/posts\/4813","targetHints":{"allow":["GET"]}}],"collection":[{"href":"https:\/\/blog.zeit.de\/zeit-der-leser\/wp-json\/wp\/v2\/posts"}],"about":[{"href":"https:\/\/blog.zeit.de\/zeit-der-leser\/wp-json\/wp\/v2\/types\/post"}],"author":[{"embeddable":true,"href":"https:\/\/blog.zeit.de\/zeit-der-leser\/wp-json\/wp\/v2\/users\/265"}],"replies":[{"embeddable":true,"href":"https:\/\/blog.zeit.de\/zeit-der-leser\/wp-json\/wp\/v2\/comments?post=4813"}],"version-history":[{"count":4,"href":"https:\/\/blog.zeit.de\/zeit-der-leser\/wp-json\/wp\/v2\/posts\/4813\/revisions"}],"predecessor-version":[{"id":4817,"href":"https:\/\/blog.zeit.de\/zeit-der-leser\/wp-json\/wp\/v2\/posts\/4813\/revisions\/4817"}],"wp:attachment":[{"href":"https:\/\/blog.zeit.de\/zeit-der-leser\/wp-json\/wp\/v2\/media?parent=4813"}],"wp:term":[{"taxonomy":"category","embeddable":true,"href":"https:\/\/blog.zeit.de\/zeit-der-leser\/wp-json\/wp\/v2\/categories?post=4813"},{"taxonomy":"post_tag","embeddable":true,"href":"https:\/\/blog.zeit.de\/zeit-der-leser\/wp-json\/wp\/v2\/tags?post=4813"}],"curies":[{"name":"wp","href":"https:\/\/api.w.org\/{rel}","templated":true}]}}