{"id":4875,"date":"2011-04-09T18:30:02","date_gmt":"2011-04-09T16:30:02","guid":{"rendered":"http:\/\/blog.zeit.de\/zeit-der-leser\/?p=4875"},"modified":"2011-04-05T17:04:34","modified_gmt":"2011-04-05T15:04:34","slug":"ein-gedicht-3","status":"publish","type":"post","link":"https:\/\/blog.zeit.de\/zeit-der-leser\/2011\/04\/09\/ein-gedicht-3\/","title":{"rendered":"Ein Gedicht!"},"content":{"rendered":"<p><em>Die Autorin besucht die 12. Klasse des Gymnasium Kenzingen. Im Unterricht sollten die Sch\u00fcler mit Wortschnipseln aus Zeitungen ein dadaistisches Gedicht entwerfen. Daf\u00fcr schnitten die Sch\u00fcler W\u00f6rter aus, die ihnen zusagten, zogen verdeckt einzelne W\u00f6rter heraus und klebten sie auf ein Blatt. Zum Schluss konnten sie den Text noch erg\u00e4nzen. Da Annika Z\u00f6llner am Donnerstag immer die ZEIT mit in die Schule nimmt, konnte sie diese nun einmal im Unterricht gebrauchen.<br \/>\nDabei entstand dieses Gedicht:<\/em><\/p>\n<p>einer zwischen das Licht<\/p>\n<p>GAU, der Hafen, das Image unter dirigierten gewann<br \/>\ndas eigene Kleinerwerden der gro\u00dfen Nacht<br \/>\nZweifeln in Stille durch Glauben<br \/>\nsehr verst\u00f6rend Zero-Kunst, Liebe<br \/>\ndie Natur, die Flucht, bessere tapfere Herzen<br \/>\nWelt-Egoismus in einer Begegnung<br \/>\n&amp; der Allein \u00fcbersetzt<\/p>\n<p><em>Annika Z\u00f6llner, Endingen am Kaiserstuhl<\/em><\/p>\n","protected":false},"excerpt":{"rendered":"<p>Die Autorin besucht die 12. Klasse des Gymnasium Kenzingen. Im Unterricht sollten die Sch\u00fcler mit Wortschnipseln aus Zeitungen ein dadaistisches Gedicht entwerfen. Daf\u00fcr schnitten die Sch\u00fcler W\u00f6rter aus, die ihnen zusagten, zogen verdeckt einzelne W\u00f6rter heraus und klebten sie auf ein Blatt. Zum Schluss konnten sie den Text noch erg\u00e4nzen. Da Annika Z\u00f6llner am Donnerstag [&hellip;]<\/p>\n","protected":false},"author":265,"featured_media":0,"comment_status":"open","ping_status":"open","sticky":false,"template":"","format":"standard","meta":{"_jetpack_memberships_contains_paid_content":false,"footnotes":""},"categories":[5684],"tags":[],"class_list":["post-4875","post","type-post","status-publish","format-standard","hentry","category-ein-gedicht"],"yoast_head":"<!-- This site is optimized with the Yoast SEO plugin v21.0 - https:\/\/yoast.com\/wordpress\/plugins\/seo\/ -->\n<title>Ein Gedicht! - ZEIT der Leser<\/title>\n<meta name=\"robots\" content=\"index, follow, max-snippet:-1, max-image-preview:large, max-video-preview:-1\" \/>\n<link rel=\"canonical\" href=\"https:\/\/blog.zeit.de\/zeit-der-leser\/2011\/04\/09\/ein-gedicht-3\/\" \/>\n<meta property=\"og:locale\" content=\"de_DE\" \/>\n<meta property=\"og:type\" content=\"article\" \/>\n<meta property=\"og:title\" content=\"Ein Gedicht! - ZEIT der Leser\" \/>\n<meta property=\"og:description\" content=\"Die Autorin besucht die 12. Klasse des Gymnasium Kenzingen. Im Unterricht sollten die Sch\u00fcler mit Wortschnipseln aus Zeitungen ein dadaistisches Gedicht entwerfen. Daf\u00fcr schnitten die Sch\u00fcler W\u00f6rter aus, die ihnen zusagten, zogen verdeckt einzelne W\u00f6rter heraus und klebten sie auf ein Blatt. Zum Schluss konnten sie den Text noch erg\u00e4nzen. Da Annika Z\u00f6llner am Donnerstag [&hellip;]\" \/>\n<meta property=\"og:url\" content=\"https:\/\/blog.zeit.de\/zeit-der-leser\/2011\/04\/09\/ein-gedicht-3\/\" \/>\n<meta property=\"og:site_name\" content=\"ZEIT der Leser\" \/>\n<meta property=\"article:published_time\" content=\"2011-04-09T16:30:02+00:00\" \/>\n<meta property=\"article:modified_time\" content=\"2011-04-05T15:04:34+00:00\" \/>\n<meta name=\"author\" content=\"&quot;Zeit der Leser&quot;-Redaktion\" \/>\n<meta name=\"twitter:card\" content=\"summary_large_image\" \/>\n<meta name=\"twitter:label1\" content=\"Geschrieben von\" \/>\n\t<meta name=\"twitter:data1\" content=\"\"Zeit der Leser\"-Redaktion\" \/>\n\t<meta name=\"twitter:label2\" content=\"Gesch\u00e4tzte Lesezeit\" \/>\n\t<meta name=\"twitter:data2\" content=\"1\u00a0Minute\" \/>\n<script type=\"application\/ld+json\" class=\"yoast-schema-graph\">{\"@context\":\"https:\/\/schema.org\",\"@graph\":[{\"@type\":\"WebPage\",\"@id\":\"https:\/\/blog.zeit.de\/zeit-der-leser\/2011\/04\/09\/ein-gedicht-3\/\",\"url\":\"https:\/\/blog.zeit.de\/zeit-der-leser\/2011\/04\/09\/ein-gedicht-3\/\",\"name\":\"Ein Gedicht! - ZEIT der Leser\",\"isPartOf\":{\"@id\":\"https:\/\/blog.zeit.de\/zeit-der-leser\/#website\"},\"datePublished\":\"2011-04-09T16:30:02+00:00\",\"dateModified\":\"2011-04-05T15:04:34+00:00\",\"author\":{\"@id\":\"https:\/\/blog.zeit.de\/zeit-der-leser\/#\/schema\/person\/583b14e5ad6368c23af846ecbde9f20f\"},\"breadcrumb\":{\"@id\":\"https:\/\/blog.zeit.de\/zeit-der-leser\/2011\/04\/09\/ein-gedicht-3\/#breadcrumb\"},\"inLanguage\":\"de\",\"potentialAction\":[{\"@type\":\"ReadAction\",\"target\":[\"https:\/\/blog.zeit.de\/zeit-der-leser\/2011\/04\/09\/ein-gedicht-3\/\"]}]},{\"@type\":\"BreadcrumbList\",\"@id\":\"https:\/\/blog.zeit.de\/zeit-der-leser\/2011\/04\/09\/ein-gedicht-3\/#breadcrumb\",\"itemListElement\":[{\"@type\":\"ListItem\",\"position\":1,\"name\":\"Startseite\",\"item\":\"https:\/\/blog.zeit.de\/zeit-der-leser\/\"},{\"@type\":\"ListItem\",\"position\":2,\"name\":\"Ein Gedicht!\"}]},{\"@type\":\"WebSite\",\"@id\":\"https:\/\/blog.zeit.de\/zeit-der-leser\/#website\",\"url\":\"https:\/\/blog.zeit.de\/zeit-der-leser\/\",\"name\":\"ZEIT der Leser\",\"description\":\"Ein Blog mit Ihren Notizen, Gedichten und Bildern f\u00fcr die gedruckte ZEIT\",\"potentialAction\":[{\"@type\":\"SearchAction\",\"target\":{\"@type\":\"EntryPoint\",\"urlTemplate\":\"https:\/\/blog.zeit.de\/zeit-der-leser\/?s={search_term_string}\"},\"query-input\":\"required name=search_term_string\"}],\"inLanguage\":\"de\"},{\"@type\":\"Person\",\"@id\":\"https:\/\/blog.zeit.de\/zeit-der-leser\/#\/schema\/person\/583b14e5ad6368c23af846ecbde9f20f\",\"name\":\"\\\"Zeit der Leser\\\"-Redaktion\",\"image\":{\"@type\":\"ImageObject\",\"inLanguage\":\"de\",\"@id\":\"https:\/\/blog.zeit.de\/zeit-der-leser\/#\/schema\/person\/image\/\",\"url\":\"https:\/\/secure.gravatar.com\/avatar\/e801a681bd3bbf2345131a815930b48d9f8e0a94de1346b624840dc850f67ad0?s=96&d=mm&r=g\",\"contentUrl\":\"https:\/\/secure.gravatar.com\/avatar\/e801a681bd3bbf2345131a815930b48d9f8e0a94de1346b624840dc850f67ad0?s=96&d=mm&r=g\",\"caption\":\"\\\"Zeit der Leser\\\"-Redaktion\"},\"url\":\"https:\/\/blog.zeit.de\/zeit-der-leser\/author\/zeit-der-leser-redaktion\/\"}]}<\/script>\n<!-- \/ Yoast SEO plugin. -->","yoast_head_json":{"title":"Ein Gedicht! - ZEIT der Leser","robots":{"index":"index","follow":"follow","max-snippet":"max-snippet:-1","max-image-preview":"max-image-preview:large","max-video-preview":"max-video-preview:-1"},"canonical":"https:\/\/blog.zeit.de\/zeit-der-leser\/2011\/04\/09\/ein-gedicht-3\/","og_locale":"de_DE","og_type":"article","og_title":"Ein Gedicht! - ZEIT der Leser","og_description":"Die Autorin besucht die 12. Klasse des Gymnasium Kenzingen. Im Unterricht sollten die Sch\u00fcler mit Wortschnipseln aus Zeitungen ein dadaistisches Gedicht entwerfen. Daf\u00fcr schnitten die Sch\u00fcler W\u00f6rter aus, die ihnen zusagten, zogen verdeckt einzelne W\u00f6rter heraus und klebten sie auf ein Blatt. Zum Schluss konnten sie den Text noch erg\u00e4nzen. Da Annika Z\u00f6llner am Donnerstag [&hellip;]","og_url":"https:\/\/blog.zeit.de\/zeit-der-leser\/2011\/04\/09\/ein-gedicht-3\/","og_site_name":"ZEIT der Leser","article_published_time":"2011-04-09T16:30:02+00:00","article_modified_time":"2011-04-05T15:04:34+00:00","author":"\"Zeit der Leser\"-Redaktion","twitter_card":"summary_large_image","twitter_misc":{"Geschrieben von":"\"Zeit der Leser\"-Redaktion","Gesch\u00e4tzte Lesezeit":"1\u00a0Minute"},"schema":{"@context":"https:\/\/schema.org","@graph":[{"@type":"WebPage","@id":"https:\/\/blog.zeit.de\/zeit-der-leser\/2011\/04\/09\/ein-gedicht-3\/","url":"https:\/\/blog.zeit.de\/zeit-der-leser\/2011\/04\/09\/ein-gedicht-3\/","name":"Ein Gedicht! - ZEIT der Leser","isPartOf":{"@id":"https:\/\/blog.zeit.de\/zeit-der-leser\/#website"},"datePublished":"2011-04-09T16:30:02+00:00","dateModified":"2011-04-05T15:04:34+00:00","author":{"@id":"https:\/\/blog.zeit.de\/zeit-der-leser\/#\/schema\/person\/583b14e5ad6368c23af846ecbde9f20f"},"breadcrumb":{"@id":"https:\/\/blog.zeit.de\/zeit-der-leser\/2011\/04\/09\/ein-gedicht-3\/#breadcrumb"},"inLanguage":"de","potentialAction":[{"@type":"ReadAction","target":["https:\/\/blog.zeit.de\/zeit-der-leser\/2011\/04\/09\/ein-gedicht-3\/"]}]},{"@type":"BreadcrumbList","@id":"https:\/\/blog.zeit.de\/zeit-der-leser\/2011\/04\/09\/ein-gedicht-3\/#breadcrumb","itemListElement":[{"@type":"ListItem","position":1,"name":"Startseite","item":"https:\/\/blog.zeit.de\/zeit-der-leser\/"},{"@type":"ListItem","position":2,"name":"Ein Gedicht!"}]},{"@type":"WebSite","@id":"https:\/\/blog.zeit.de\/zeit-der-leser\/#website","url":"https:\/\/blog.zeit.de\/zeit-der-leser\/","name":"ZEIT der Leser","description":"Ein Blog mit Ihren Notizen, Gedichten und Bildern f\u00fcr die gedruckte ZEIT","potentialAction":[{"@type":"SearchAction","target":{"@type":"EntryPoint","urlTemplate":"https:\/\/blog.zeit.de\/zeit-der-leser\/?s={search_term_string}"},"query-input":"required name=search_term_string"}],"inLanguage":"de"},{"@type":"Person","@id":"https:\/\/blog.zeit.de\/zeit-der-leser\/#\/schema\/person\/583b14e5ad6368c23af846ecbde9f20f","name":"\"Zeit der Leser\"-Redaktion","image":{"@type":"ImageObject","inLanguage":"de","@id":"https:\/\/blog.zeit.de\/zeit-der-leser\/#\/schema\/person\/image\/","url":"https:\/\/secure.gravatar.com\/avatar\/e801a681bd3bbf2345131a815930b48d9f8e0a94de1346b624840dc850f67ad0?s=96&d=mm&r=g","contentUrl":"https:\/\/secure.gravatar.com\/avatar\/e801a681bd3bbf2345131a815930b48d9f8e0a94de1346b624840dc850f67ad0?s=96&d=mm&r=g","caption":"\"Zeit der Leser\"-Redaktion"},"url":"https:\/\/blog.zeit.de\/zeit-der-leser\/author\/zeit-der-leser-redaktion\/"}]}},"jetpack_featured_media_url":"","jetpack_sharing_enabled":true,"_links":{"self":[{"href":"https:\/\/blog.zeit.de\/zeit-der-leser\/wp-json\/wp\/v2\/posts\/4875","targetHints":{"allow":["GET"]}}],"collection":[{"href":"https:\/\/blog.zeit.de\/zeit-der-leser\/wp-json\/wp\/v2\/posts"}],"about":[{"href":"https:\/\/blog.zeit.de\/zeit-der-leser\/wp-json\/wp\/v2\/types\/post"}],"author":[{"embeddable":true,"href":"https:\/\/blog.zeit.de\/zeit-der-leser\/wp-json\/wp\/v2\/users\/265"}],"replies":[{"embeddable":true,"href":"https:\/\/blog.zeit.de\/zeit-der-leser\/wp-json\/wp\/v2\/comments?post=4875"}],"version-history":[{"count":5,"href":"https:\/\/blog.zeit.de\/zeit-der-leser\/wp-json\/wp\/v2\/posts\/4875\/revisions"}],"predecessor-version":[{"id":4882,"href":"https:\/\/blog.zeit.de\/zeit-der-leser\/wp-json\/wp\/v2\/posts\/4875\/revisions\/4882"}],"wp:attachment":[{"href":"https:\/\/blog.zeit.de\/zeit-der-leser\/wp-json\/wp\/v2\/media?parent=4875"}],"wp:term":[{"taxonomy":"category","embeddable":true,"href":"https:\/\/blog.zeit.de\/zeit-der-leser\/wp-json\/wp\/v2\/categories?post=4875"},{"taxonomy":"post_tag","embeddable":true,"href":"https:\/\/blog.zeit.de\/zeit-der-leser\/wp-json\/wp\/v2\/tags?post=4875"}],"curies":[{"name":"wp","href":"https:\/\/api.w.org\/{rel}","templated":true}]}}