{"id":4912,"date":"2011-04-10T14:31:14","date_gmt":"2011-04-10T12:31:14","guid":{"rendered":"http:\/\/blog.zeit.de\/zeit-der-leser\/?p=4912"},"modified":"2011-04-07T10:34:13","modified_gmt":"2011-04-07T08:34:13","slug":"schone-gruse-4","status":"publish","type":"post","link":"https:\/\/blog.zeit.de\/zeit-der-leser\/2011\/04\/10\/schone-gruse-4\/","title":{"rendered":"Sch\u00f6ne Gr\u00fc\u00dfe"},"content":{"rendered":"<p><figure id=\"attachment_4913\" aria-describedby=\"caption-attachment-4913\" style=\"width: 300px\" class=\"wp-caption alignleft\"><a href=\"https:\/\/blog.zeit.de\/zeit-der-leser\/files\/2011\/04\/st\u00fchle-gruesse.jpg\"><img loading=\"lazy\" decoding=\"async\" class=\"size-medium wp-image-4913\" title=\"st\u00fchle-gruesse\" src=\"https:\/\/blog.zeit.de\/zeit-der-leser\/files\/2011\/04\/st\u00fchle-gruesse-300x228.jpg\" alt=\"\" width=\"300\" height=\"228\" srcset=\"https:\/\/blog.zeit.de\/zeit-der-leser\/files\/2011\/04\/st\u00fchle-gruesse-300x228.jpg 300w, https:\/\/blog.zeit.de\/zeit-der-leser\/files\/2011\/04\/st\u00fchle-gruesse.jpg 540w\" sizes=\"auto, (max-width: 300px) 100vw, 300px\" \/><\/a><figcaption id=\"caption-attachment-4913\" class=\"wp-caption-text\">Foto: privat<\/figcaption><\/figure><\/p>\n<p>Eigentlich k\u00f6nnte ich auch als Beitrag fu\u0308r die Spal\u00adte Was mein Leben reicher macht schreiben: \u00bbDie Gedanken an vier wundersch\u00f6ne Jahre mit Dir\u00ab. Vier Jahre, an deren Ende die Trennung stand. Aber ich mache es anders: Ich lasse Dich hier gr\u00fc\u00dfen und danke Dir fu\u0308r unsere gemeinsame Zeit. Und ich schicke Dir dieses Foto von den zwei blauen St\u00fch\u00adlen. Erinnerst Du Dich noch an unseren Camping\u00adurlaub, bei dem es so furchtbar viel geregnet hat?<\/p>\n<p><em>Sarah Abandowitz, M\u00fcnchen<\/em><\/p>\n","protected":false},"excerpt":{"rendered":"<p>Eigentlich k\u00f6nnte ich auch als Beitrag fu\u0308r die Spal\u00adte Was mein Leben reicher macht schreiben: \u00bbDie Gedanken an vier wundersch\u00f6ne Jahre mit Dir\u00ab. Vier Jahre, an deren Ende die Trennung stand. Aber ich mache es anders: Ich lasse Dich hier gr\u00fc\u00dfen und danke Dir fu\u0308r unsere gemeinsame Zeit. Und ich schicke Dir dieses Foto von [&hellip;]<\/p>\n","protected":false},"author":265,"featured_media":0,"comment_status":"open","ping_status":"open","sticky":false,"template":"","format":"standard","meta":{"_jetpack_memberships_contains_paid_content":false,"footnotes":""},"categories":[1875],"tags":[],"class_list":["post-4912","post","type-post","status-publish","format-standard","hentry","category-schone-gruse"],"yoast_head":"<!-- This site is optimized with the Yoast SEO plugin v21.0 - https:\/\/yoast.com\/wordpress\/plugins\/seo\/ -->\n<title>Sch\u00f6ne Gr\u00fc\u00dfe - ZEIT der Leser<\/title>\n<meta name=\"robots\" content=\"index, follow, max-snippet:-1, max-image-preview:large, max-video-preview:-1\" \/>\n<link rel=\"canonical\" href=\"https:\/\/blog.zeit.de\/zeit-der-leser\/2011\/04\/10\/schone-gruse-4\/\" \/>\n<meta property=\"og:locale\" content=\"de_DE\" \/>\n<meta property=\"og:type\" content=\"article\" \/>\n<meta property=\"og:title\" content=\"Sch\u00f6ne Gr\u00fc\u00dfe - ZEIT der Leser\" \/>\n<meta property=\"og:description\" content=\"Eigentlich k\u00f6nnte ich auch als Beitrag fu\u0308r die Spal\u00adte Was mein Leben reicher macht schreiben: \u00bbDie Gedanken an vier wundersch\u00f6ne Jahre mit Dir\u00ab. Vier Jahre, an deren Ende die Trennung stand. Aber ich mache es anders: Ich lasse Dich hier gr\u00fc\u00dfen und danke Dir fu\u0308r unsere gemeinsame Zeit. Und ich schicke Dir dieses Foto von [&hellip;]\" \/>\n<meta property=\"og:url\" content=\"https:\/\/blog.zeit.de\/zeit-der-leser\/2011\/04\/10\/schone-gruse-4\/\" \/>\n<meta property=\"og:site_name\" content=\"ZEIT der Leser\" \/>\n<meta property=\"article:published_time\" content=\"2011-04-10T12:31:14+00:00\" \/>\n<meta property=\"article:modified_time\" content=\"2011-04-07T08:34:13+00:00\" \/>\n<meta name=\"author\" content=\"&quot;Zeit der Leser&quot;-Redaktion\" \/>\n<meta name=\"twitter:card\" content=\"summary_large_image\" \/>\n<meta name=\"twitter:label1\" content=\"Geschrieben von\" \/>\n\t<meta name=\"twitter:data1\" content=\"\"Zeit der Leser\"-Redaktion\" \/>\n<script type=\"application\/ld+json\" class=\"yoast-schema-graph\">{\"@context\":\"https:\/\/schema.org\",\"@graph\":[{\"@type\":\"WebPage\",\"@id\":\"https:\/\/blog.zeit.de\/zeit-der-leser\/2011\/04\/10\/schone-gruse-4\/\",\"url\":\"https:\/\/blog.zeit.de\/zeit-der-leser\/2011\/04\/10\/schone-gruse-4\/\",\"name\":\"Sch\u00f6ne Gr\u00fc\u00dfe - ZEIT der Leser\",\"isPartOf\":{\"@id\":\"https:\/\/blog.zeit.de\/zeit-der-leser\/#website\"},\"datePublished\":\"2011-04-10T12:31:14+00:00\",\"dateModified\":\"2011-04-07T08:34:13+00:00\",\"author\":{\"@id\":\"https:\/\/blog.zeit.de\/zeit-der-leser\/#\/schema\/person\/583b14e5ad6368c23af846ecbde9f20f\"},\"breadcrumb\":{\"@id\":\"https:\/\/blog.zeit.de\/zeit-der-leser\/2011\/04\/10\/schone-gruse-4\/#breadcrumb\"},\"inLanguage\":\"de\",\"potentialAction\":[{\"@type\":\"ReadAction\",\"target\":[\"https:\/\/blog.zeit.de\/zeit-der-leser\/2011\/04\/10\/schone-gruse-4\/\"]}]},{\"@type\":\"BreadcrumbList\",\"@id\":\"https:\/\/blog.zeit.de\/zeit-der-leser\/2011\/04\/10\/schone-gruse-4\/#breadcrumb\",\"itemListElement\":[{\"@type\":\"ListItem\",\"position\":1,\"name\":\"Startseite\",\"item\":\"https:\/\/blog.zeit.de\/zeit-der-leser\/\"},{\"@type\":\"ListItem\",\"position\":2,\"name\":\"Sch\u00f6ne Gr\u00fc\u00dfe\"}]},{\"@type\":\"WebSite\",\"@id\":\"https:\/\/blog.zeit.de\/zeit-der-leser\/#website\",\"url\":\"https:\/\/blog.zeit.de\/zeit-der-leser\/\",\"name\":\"ZEIT der Leser\",\"description\":\"Ein Blog mit Ihren Notizen, Gedichten und Bildern f\u00fcr die gedruckte ZEIT\",\"potentialAction\":[{\"@type\":\"SearchAction\",\"target\":{\"@type\":\"EntryPoint\",\"urlTemplate\":\"https:\/\/blog.zeit.de\/zeit-der-leser\/?s={search_term_string}\"},\"query-input\":\"required name=search_term_string\"}],\"inLanguage\":\"de\"},{\"@type\":\"Person\",\"@id\":\"https:\/\/blog.zeit.de\/zeit-der-leser\/#\/schema\/person\/583b14e5ad6368c23af846ecbde9f20f\",\"name\":\"\\\"Zeit der Leser\\\"-Redaktion\",\"image\":{\"@type\":\"ImageObject\",\"inLanguage\":\"de\",\"@id\":\"https:\/\/blog.zeit.de\/zeit-der-leser\/#\/schema\/person\/image\/\",\"url\":\"https:\/\/secure.gravatar.com\/avatar\/e801a681bd3bbf2345131a815930b48d9f8e0a94de1346b624840dc850f67ad0?s=96&d=mm&r=g\",\"contentUrl\":\"https:\/\/secure.gravatar.com\/avatar\/e801a681bd3bbf2345131a815930b48d9f8e0a94de1346b624840dc850f67ad0?s=96&d=mm&r=g\",\"caption\":\"\\\"Zeit der Leser\\\"-Redaktion\"},\"url\":\"https:\/\/blog.zeit.de\/zeit-der-leser\/author\/zeit-der-leser-redaktion\/\"}]}<\/script>\n<!-- \/ Yoast SEO plugin. -->","yoast_head_json":{"title":"Sch\u00f6ne Gr\u00fc\u00dfe - ZEIT der Leser","robots":{"index":"index","follow":"follow","max-snippet":"max-snippet:-1","max-image-preview":"max-image-preview:large","max-video-preview":"max-video-preview:-1"},"canonical":"https:\/\/blog.zeit.de\/zeit-der-leser\/2011\/04\/10\/schone-gruse-4\/","og_locale":"de_DE","og_type":"article","og_title":"Sch\u00f6ne Gr\u00fc\u00dfe - ZEIT der Leser","og_description":"Eigentlich k\u00f6nnte ich auch als Beitrag fu\u0308r die Spal\u00adte Was mein Leben reicher macht schreiben: \u00bbDie Gedanken an vier wundersch\u00f6ne Jahre mit Dir\u00ab. Vier Jahre, an deren Ende die Trennung stand. Aber ich mache es anders: Ich lasse Dich hier gr\u00fc\u00dfen und danke Dir fu\u0308r unsere gemeinsame Zeit. Und ich schicke Dir dieses Foto von [&hellip;]","og_url":"https:\/\/blog.zeit.de\/zeit-der-leser\/2011\/04\/10\/schone-gruse-4\/","og_site_name":"ZEIT der Leser","article_published_time":"2011-04-10T12:31:14+00:00","article_modified_time":"2011-04-07T08:34:13+00:00","author":"\"Zeit der Leser\"-Redaktion","twitter_card":"summary_large_image","twitter_misc":{"Geschrieben von":"\"Zeit der Leser\"-Redaktion"},"schema":{"@context":"https:\/\/schema.org","@graph":[{"@type":"WebPage","@id":"https:\/\/blog.zeit.de\/zeit-der-leser\/2011\/04\/10\/schone-gruse-4\/","url":"https:\/\/blog.zeit.de\/zeit-der-leser\/2011\/04\/10\/schone-gruse-4\/","name":"Sch\u00f6ne Gr\u00fc\u00dfe - ZEIT der Leser","isPartOf":{"@id":"https:\/\/blog.zeit.de\/zeit-der-leser\/#website"},"datePublished":"2011-04-10T12:31:14+00:00","dateModified":"2011-04-07T08:34:13+00:00","author":{"@id":"https:\/\/blog.zeit.de\/zeit-der-leser\/#\/schema\/person\/583b14e5ad6368c23af846ecbde9f20f"},"breadcrumb":{"@id":"https:\/\/blog.zeit.de\/zeit-der-leser\/2011\/04\/10\/schone-gruse-4\/#breadcrumb"},"inLanguage":"de","potentialAction":[{"@type":"ReadAction","target":["https:\/\/blog.zeit.de\/zeit-der-leser\/2011\/04\/10\/schone-gruse-4\/"]}]},{"@type":"BreadcrumbList","@id":"https:\/\/blog.zeit.de\/zeit-der-leser\/2011\/04\/10\/schone-gruse-4\/#breadcrumb","itemListElement":[{"@type":"ListItem","position":1,"name":"Startseite","item":"https:\/\/blog.zeit.de\/zeit-der-leser\/"},{"@type":"ListItem","position":2,"name":"Sch\u00f6ne Gr\u00fc\u00dfe"}]},{"@type":"WebSite","@id":"https:\/\/blog.zeit.de\/zeit-der-leser\/#website","url":"https:\/\/blog.zeit.de\/zeit-der-leser\/","name":"ZEIT der Leser","description":"Ein Blog mit Ihren Notizen, Gedichten und Bildern f\u00fcr die gedruckte ZEIT","potentialAction":[{"@type":"SearchAction","target":{"@type":"EntryPoint","urlTemplate":"https:\/\/blog.zeit.de\/zeit-der-leser\/?s={search_term_string}"},"query-input":"required name=search_term_string"}],"inLanguage":"de"},{"@type":"Person","@id":"https:\/\/blog.zeit.de\/zeit-der-leser\/#\/schema\/person\/583b14e5ad6368c23af846ecbde9f20f","name":"\"Zeit der Leser\"-Redaktion","image":{"@type":"ImageObject","inLanguage":"de","@id":"https:\/\/blog.zeit.de\/zeit-der-leser\/#\/schema\/person\/image\/","url":"https:\/\/secure.gravatar.com\/avatar\/e801a681bd3bbf2345131a815930b48d9f8e0a94de1346b624840dc850f67ad0?s=96&d=mm&r=g","contentUrl":"https:\/\/secure.gravatar.com\/avatar\/e801a681bd3bbf2345131a815930b48d9f8e0a94de1346b624840dc850f67ad0?s=96&d=mm&r=g","caption":"\"Zeit der Leser\"-Redaktion"},"url":"https:\/\/blog.zeit.de\/zeit-der-leser\/author\/zeit-der-leser-redaktion\/"}]}},"jetpack_featured_media_url":"","jetpack_sharing_enabled":true,"_links":{"self":[{"href":"https:\/\/blog.zeit.de\/zeit-der-leser\/wp-json\/wp\/v2\/posts\/4912","targetHints":{"allow":["GET"]}}],"collection":[{"href":"https:\/\/blog.zeit.de\/zeit-der-leser\/wp-json\/wp\/v2\/posts"}],"about":[{"href":"https:\/\/blog.zeit.de\/zeit-der-leser\/wp-json\/wp\/v2\/types\/post"}],"author":[{"embeddable":true,"href":"https:\/\/blog.zeit.de\/zeit-der-leser\/wp-json\/wp\/v2\/users\/265"}],"replies":[{"embeddable":true,"href":"https:\/\/blog.zeit.de\/zeit-der-leser\/wp-json\/wp\/v2\/comments?post=4912"}],"version-history":[{"count":3,"href":"https:\/\/blog.zeit.de\/zeit-der-leser\/wp-json\/wp\/v2\/posts\/4912\/revisions"}],"predecessor-version":[{"id":4916,"href":"https:\/\/blog.zeit.de\/zeit-der-leser\/wp-json\/wp\/v2\/posts\/4912\/revisions\/4916"}],"wp:attachment":[{"href":"https:\/\/blog.zeit.de\/zeit-der-leser\/wp-json\/wp\/v2\/media?parent=4912"}],"wp:term":[{"taxonomy":"category","embeddable":true,"href":"https:\/\/blog.zeit.de\/zeit-der-leser\/wp-json\/wp\/v2\/categories?post=4912"},{"taxonomy":"post_tag","embeddable":true,"href":"https:\/\/blog.zeit.de\/zeit-der-leser\/wp-json\/wp\/v2\/tags?post=4912"}],"curies":[{"name":"wp","href":"https:\/\/api.w.org\/{rel}","templated":true}]}}