{"id":4952,"date":"2011-04-13T10:00:33","date_gmt":"2011-04-13T08:00:33","guid":{"rendered":"http:\/\/blog.zeit.de\/zeit-der-leser\/?p=4952"},"modified":"2011-04-07T10:57:49","modified_gmt":"2011-04-07T08:57:49","slug":"wiedergefunden-3","status":"publish","type":"post","link":"https:\/\/blog.zeit.de\/zeit-der-leser\/2011\/04\/13\/wiedergefunden-3\/","title":{"rendered":"Wiedergefunden"},"content":{"rendered":"<p><a href=\"https:\/\/blog.zeit.de\/zeit-der-leser\/files\/2011\/04\/s86-wiedergefunden.jpg\"><img loading=\"lazy\" decoding=\"async\" src=\"https:\/\/blog.zeit.de\/zeit-der-leser\/files\/2011\/04\/s86-wiedergefunden.jpg\" alt=\"\" title=\"s86-wiedergefunden\" width=\"540\" height=\"617\" class=\"aligncenter size-full wp-image-4953\" srcset=\"https:\/\/blog.zeit.de\/zeit-der-leser\/files\/2011\/04\/s86-wiedergefunden.jpg 540w, https:\/\/blog.zeit.de\/zeit-der-leser\/files\/2011\/04\/s86-wiedergefunden-262x300.jpg 262w\" sizes=\"auto, (max-width: 540px) 100vw, 540px\" \/><\/a>In den Unterlagen unseres Autohauses habe ich dieses Dokument gefunden: Da hat der ber\u00fchmte, inzwischen leider verstorbene Schriftsteller Walter Kempowski im Jahr 1965 einen 1200er K\u00e4fer bestellt. Mein Vater hat damals alles per Hand aus\u00adgef\u00fcllt, einschlie\u00dflich Beruf (\u00bbLehrer\u00ab) und dreistelliger Tele\u00adfonnummer des K\u00e4ufers. Abge\u00adwickelt wurde die Bestellung \u00fcber unseren Gro\u00dfh\u00e4ndler in Zeven. Wie einfach und voller Vertrauen m\u00fcssen diese Zeiten damals gewe\u00adsen sein! Fast wehm\u00fctig blickt man zur\u00fcck. Frau Kempowski habe ich nat\u00fcrlich gefragt, ob sie mit der Ver\u00f6ffent\u00adlichung dieses Zeitdokuments ein\u00adverstanden sei. \u00bbAch\u00ab, sagte sie, \u00bbdas ist doch eine Sache zum Schmun\u00adzeln! Das muss ja kurz nach dem Schuljahreswechsel gewesen sein mit dem neuen K\u00e4fer und kurz nach unserem Umzug von Breddorf nach Nartum.\u00ab<\/p>\n<p><em>Wolf Warncke, Tarmstedt, Niedersachsen<\/em><\/p>\n","protected":false},"excerpt":{"rendered":"<p>In den Unterlagen unseres Autohauses habe ich dieses Dokument gefunden: Da hat der ber\u00fchmte, inzwischen leider verstorbene Schriftsteller Walter Kempowski im Jahr 1965 einen 1200er K\u00e4fer bestellt. Mein Vater hat damals alles per Hand aus\u00adgef\u00fcllt, einschlie\u00dflich Beruf (\u00bbLehrer\u00ab) und dreistelliger Tele\u00adfonnummer des K\u00e4ufers. Abge\u00adwickelt wurde die Bestellung \u00fcber unseren Gro\u00dfh\u00e4ndler in Zeven. Wie einfach und [&hellip;]<\/p>\n","protected":false},"author":265,"featured_media":0,"comment_status":"open","ping_status":"open","sticky":false,"template":"","format":"standard","meta":{"_jetpack_memberships_contains_paid_content":false,"footnotes":""},"categories":[1876],"tags":[],"class_list":["post-4952","post","type-post","status-publish","format-standard","hentry","category-wiedergefunden"],"yoast_head":"<!-- This site is optimized with the Yoast SEO plugin v21.0 - https:\/\/yoast.com\/wordpress\/plugins\/seo\/ -->\n<title>Wiedergefunden - ZEIT der Leser<\/title>\n<meta name=\"robots\" content=\"index, follow, max-snippet:-1, max-image-preview:large, max-video-preview:-1\" \/>\n<link rel=\"canonical\" href=\"https:\/\/blog.zeit.de\/zeit-der-leser\/2011\/04\/13\/wiedergefunden-3\/\" \/>\n<meta property=\"og:locale\" content=\"de_DE\" \/>\n<meta property=\"og:type\" content=\"article\" \/>\n<meta property=\"og:title\" content=\"Wiedergefunden - ZEIT der Leser\" \/>\n<meta property=\"og:description\" content=\"In den Unterlagen unseres Autohauses habe ich dieses Dokument gefunden: Da hat der ber\u00fchmte, inzwischen leider verstorbene Schriftsteller Walter Kempowski im Jahr 1965 einen 1200er K\u00e4fer bestellt. Mein Vater hat damals alles per Hand aus\u00adgef\u00fcllt, einschlie\u00dflich Beruf (\u00bbLehrer\u00ab) und dreistelliger Tele\u00adfonnummer des K\u00e4ufers. Abge\u00adwickelt wurde die Bestellung \u00fcber unseren Gro\u00dfh\u00e4ndler in Zeven. Wie einfach und [&hellip;]\" \/>\n<meta property=\"og:url\" content=\"https:\/\/blog.zeit.de\/zeit-der-leser\/2011\/04\/13\/wiedergefunden-3\/\" \/>\n<meta property=\"og:site_name\" content=\"ZEIT der Leser\" \/>\n<meta property=\"article:published_time\" content=\"2011-04-13T08:00:33+00:00\" \/>\n<meta property=\"article:modified_time\" content=\"2011-04-07T08:57:49+00:00\" \/>\n<meta property=\"og:image\" content=\"https:\/\/blog.zeit.de\/zeit-der-leser\/files\/2011\/04\/s86-wiedergefunden.jpg\" \/>\n<meta name=\"author\" content=\"&quot;Zeit der Leser&quot;-Redaktion\" \/>\n<meta name=\"twitter:card\" content=\"summary_large_image\" \/>\n<meta name=\"twitter:label1\" content=\"Geschrieben von\" \/>\n\t<meta name=\"twitter:data1\" content=\"\"Zeit der Leser\"-Redaktion\" \/>\n\t<meta name=\"twitter:label2\" content=\"Gesch\u00e4tzte Lesezeit\" \/>\n\t<meta name=\"twitter:data2\" content=\"1\u00a0Minute\" \/>\n<script type=\"application\/ld+json\" class=\"yoast-schema-graph\">{\"@context\":\"https:\/\/schema.org\",\"@graph\":[{\"@type\":\"WebPage\",\"@id\":\"https:\/\/blog.zeit.de\/zeit-der-leser\/2011\/04\/13\/wiedergefunden-3\/\",\"url\":\"https:\/\/blog.zeit.de\/zeit-der-leser\/2011\/04\/13\/wiedergefunden-3\/\",\"name\":\"Wiedergefunden - ZEIT der Leser\",\"isPartOf\":{\"@id\":\"https:\/\/blog.zeit.de\/zeit-der-leser\/#website\"},\"datePublished\":\"2011-04-13T08:00:33+00:00\",\"dateModified\":\"2011-04-07T08:57:49+00:00\",\"author\":{\"@id\":\"https:\/\/blog.zeit.de\/zeit-der-leser\/#\/schema\/person\/583b14e5ad6368c23af846ecbde9f20f\"},\"breadcrumb\":{\"@id\":\"https:\/\/blog.zeit.de\/zeit-der-leser\/2011\/04\/13\/wiedergefunden-3\/#breadcrumb\"},\"inLanguage\":\"de\",\"potentialAction\":[{\"@type\":\"ReadAction\",\"target\":[\"https:\/\/blog.zeit.de\/zeit-der-leser\/2011\/04\/13\/wiedergefunden-3\/\"]}]},{\"@type\":\"BreadcrumbList\",\"@id\":\"https:\/\/blog.zeit.de\/zeit-der-leser\/2011\/04\/13\/wiedergefunden-3\/#breadcrumb\",\"itemListElement\":[{\"@type\":\"ListItem\",\"position\":1,\"name\":\"Startseite\",\"item\":\"https:\/\/blog.zeit.de\/zeit-der-leser\/\"},{\"@type\":\"ListItem\",\"position\":2,\"name\":\"Wiedergefunden\"}]},{\"@type\":\"WebSite\",\"@id\":\"https:\/\/blog.zeit.de\/zeit-der-leser\/#website\",\"url\":\"https:\/\/blog.zeit.de\/zeit-der-leser\/\",\"name\":\"ZEIT der Leser\",\"description\":\"Ein Blog mit Ihren Notizen, Gedichten und Bildern f\u00fcr die gedruckte ZEIT\",\"potentialAction\":[{\"@type\":\"SearchAction\",\"target\":{\"@type\":\"EntryPoint\",\"urlTemplate\":\"https:\/\/blog.zeit.de\/zeit-der-leser\/?s={search_term_string}\"},\"query-input\":\"required name=search_term_string\"}],\"inLanguage\":\"de\"},{\"@type\":\"Person\",\"@id\":\"https:\/\/blog.zeit.de\/zeit-der-leser\/#\/schema\/person\/583b14e5ad6368c23af846ecbde9f20f\",\"name\":\"\\\"Zeit der Leser\\\"-Redaktion\",\"image\":{\"@type\":\"ImageObject\",\"inLanguage\":\"de\",\"@id\":\"https:\/\/blog.zeit.de\/zeit-der-leser\/#\/schema\/person\/image\/\",\"url\":\"https:\/\/secure.gravatar.com\/avatar\/e801a681bd3bbf2345131a815930b48d9f8e0a94de1346b624840dc850f67ad0?s=96&d=mm&r=g\",\"contentUrl\":\"https:\/\/secure.gravatar.com\/avatar\/e801a681bd3bbf2345131a815930b48d9f8e0a94de1346b624840dc850f67ad0?s=96&d=mm&r=g\",\"caption\":\"\\\"Zeit der Leser\\\"-Redaktion\"},\"url\":\"https:\/\/blog.zeit.de\/zeit-der-leser\/author\/zeit-der-leser-redaktion\/\"}]}<\/script>\n<!-- \/ Yoast SEO plugin. -->","yoast_head_json":{"title":"Wiedergefunden - ZEIT der Leser","robots":{"index":"index","follow":"follow","max-snippet":"max-snippet:-1","max-image-preview":"max-image-preview:large","max-video-preview":"max-video-preview:-1"},"canonical":"https:\/\/blog.zeit.de\/zeit-der-leser\/2011\/04\/13\/wiedergefunden-3\/","og_locale":"de_DE","og_type":"article","og_title":"Wiedergefunden - ZEIT der Leser","og_description":"In den Unterlagen unseres Autohauses habe ich dieses Dokument gefunden: Da hat der ber\u00fchmte, inzwischen leider verstorbene Schriftsteller Walter Kempowski im Jahr 1965 einen 1200er K\u00e4fer bestellt. Mein Vater hat damals alles per Hand aus\u00adgef\u00fcllt, einschlie\u00dflich Beruf (\u00bbLehrer\u00ab) und dreistelliger Tele\u00adfonnummer des K\u00e4ufers. Abge\u00adwickelt wurde die Bestellung \u00fcber unseren Gro\u00dfh\u00e4ndler in Zeven. Wie einfach und [&hellip;]","og_url":"https:\/\/blog.zeit.de\/zeit-der-leser\/2011\/04\/13\/wiedergefunden-3\/","og_site_name":"ZEIT der Leser","article_published_time":"2011-04-13T08:00:33+00:00","article_modified_time":"2011-04-07T08:57:49+00:00","og_image":[{"url":"https:\/\/blog.zeit.de\/zeit-der-leser\/files\/2011\/04\/s86-wiedergefunden.jpg"}],"author":"\"Zeit der Leser\"-Redaktion","twitter_card":"summary_large_image","twitter_misc":{"Geschrieben von":"\"Zeit der Leser\"-Redaktion","Gesch\u00e4tzte Lesezeit":"1\u00a0Minute"},"schema":{"@context":"https:\/\/schema.org","@graph":[{"@type":"WebPage","@id":"https:\/\/blog.zeit.de\/zeit-der-leser\/2011\/04\/13\/wiedergefunden-3\/","url":"https:\/\/blog.zeit.de\/zeit-der-leser\/2011\/04\/13\/wiedergefunden-3\/","name":"Wiedergefunden - ZEIT der Leser","isPartOf":{"@id":"https:\/\/blog.zeit.de\/zeit-der-leser\/#website"},"datePublished":"2011-04-13T08:00:33+00:00","dateModified":"2011-04-07T08:57:49+00:00","author":{"@id":"https:\/\/blog.zeit.de\/zeit-der-leser\/#\/schema\/person\/583b14e5ad6368c23af846ecbde9f20f"},"breadcrumb":{"@id":"https:\/\/blog.zeit.de\/zeit-der-leser\/2011\/04\/13\/wiedergefunden-3\/#breadcrumb"},"inLanguage":"de","potentialAction":[{"@type":"ReadAction","target":["https:\/\/blog.zeit.de\/zeit-der-leser\/2011\/04\/13\/wiedergefunden-3\/"]}]},{"@type":"BreadcrumbList","@id":"https:\/\/blog.zeit.de\/zeit-der-leser\/2011\/04\/13\/wiedergefunden-3\/#breadcrumb","itemListElement":[{"@type":"ListItem","position":1,"name":"Startseite","item":"https:\/\/blog.zeit.de\/zeit-der-leser\/"},{"@type":"ListItem","position":2,"name":"Wiedergefunden"}]},{"@type":"WebSite","@id":"https:\/\/blog.zeit.de\/zeit-der-leser\/#website","url":"https:\/\/blog.zeit.de\/zeit-der-leser\/","name":"ZEIT der Leser","description":"Ein Blog mit Ihren Notizen, Gedichten und Bildern f\u00fcr die gedruckte ZEIT","potentialAction":[{"@type":"SearchAction","target":{"@type":"EntryPoint","urlTemplate":"https:\/\/blog.zeit.de\/zeit-der-leser\/?s={search_term_string}"},"query-input":"required name=search_term_string"}],"inLanguage":"de"},{"@type":"Person","@id":"https:\/\/blog.zeit.de\/zeit-der-leser\/#\/schema\/person\/583b14e5ad6368c23af846ecbde9f20f","name":"\"Zeit der Leser\"-Redaktion","image":{"@type":"ImageObject","inLanguage":"de","@id":"https:\/\/blog.zeit.de\/zeit-der-leser\/#\/schema\/person\/image\/","url":"https:\/\/secure.gravatar.com\/avatar\/e801a681bd3bbf2345131a815930b48d9f8e0a94de1346b624840dc850f67ad0?s=96&d=mm&r=g","contentUrl":"https:\/\/secure.gravatar.com\/avatar\/e801a681bd3bbf2345131a815930b48d9f8e0a94de1346b624840dc850f67ad0?s=96&d=mm&r=g","caption":"\"Zeit der Leser\"-Redaktion"},"url":"https:\/\/blog.zeit.de\/zeit-der-leser\/author\/zeit-der-leser-redaktion\/"}]}},"jetpack_featured_media_url":"","jetpack_sharing_enabled":true,"_links":{"self":[{"href":"https:\/\/blog.zeit.de\/zeit-der-leser\/wp-json\/wp\/v2\/posts\/4952","targetHints":{"allow":["GET"]}}],"collection":[{"href":"https:\/\/blog.zeit.de\/zeit-der-leser\/wp-json\/wp\/v2\/posts"}],"about":[{"href":"https:\/\/blog.zeit.de\/zeit-der-leser\/wp-json\/wp\/v2\/types\/post"}],"author":[{"embeddable":true,"href":"https:\/\/blog.zeit.de\/zeit-der-leser\/wp-json\/wp\/v2\/users\/265"}],"replies":[{"embeddable":true,"href":"https:\/\/blog.zeit.de\/zeit-der-leser\/wp-json\/wp\/v2\/comments?post=4952"}],"version-history":[{"count":3,"href":"https:\/\/blog.zeit.de\/zeit-der-leser\/wp-json\/wp\/v2\/posts\/4952\/revisions"}],"predecessor-version":[{"id":4956,"href":"https:\/\/blog.zeit.de\/zeit-der-leser\/wp-json\/wp\/v2\/posts\/4952\/revisions\/4956"}],"wp:attachment":[{"href":"https:\/\/blog.zeit.de\/zeit-der-leser\/wp-json\/wp\/v2\/media?parent=4952"}],"wp:term":[{"taxonomy":"category","embeddable":true,"href":"https:\/\/blog.zeit.de\/zeit-der-leser\/wp-json\/wp\/v2\/categories?post=4952"},{"taxonomy":"post_tag","embeddable":true,"href":"https:\/\/blog.zeit.de\/zeit-der-leser\/wp-json\/wp\/v2\/tags?post=4952"}],"curies":[{"name":"wp","href":"https:\/\/api.w.org\/{rel}","templated":true}]}}