{"id":4964,"date":"2011-04-11T15:31:15","date_gmt":"2011-04-11T13:31:15","guid":{"rendered":"http:\/\/blog.zeit.de\/zeit-der-leser\/?p=4964"},"modified":"2011-04-11T15:30:45","modified_gmt":"2011-04-11T13:30:45","slug":"65-jahre-die-zeit-5","status":"publish","type":"post","link":"https:\/\/blog.zeit.de\/zeit-der-leser\/2011\/04\/11\/65-jahre-die-zeit-5\/","title":{"rendered":"65 Jahre DIE ZEIT"},"content":{"rendered":"<p><strong> <\/strong><\/p>\n<p>Am 1. April 2011 besuchte Ellen Dietrich, Ressortleiterin der Bildredaktion der ZEIT, den Maler Oskar W. Rug in Beerfelden bei Mannheim. <em>\u201eIch bin Bildermacher<\/em>\u201c,\u00a0 sagt Oskar W. Rug, 51<em>, \u201eund ich bin immer begeistert von den fantasievollen \u00dcberschriften in der ZEIT.\u201c<\/em><\/p>\n<p><figure id=\"attachment_4965\" aria-describedby=\"caption-attachment-4965\" style=\"width: 540px\" class=\"wp-caption aligncenter\"><a href=\"https:\/\/blog.zeit.de\/zeit-der-leser\/files\/2011\/04\/Im-Labyrinth-des-Denkens.jpg\"><img loading=\"lazy\" decoding=\"async\" class=\"size-full wp-image-4965\" title=\"Im Labyrinth des Denkens\" src=\"https:\/\/blog.zeit.de\/zeit-der-leser\/files\/2011\/04\/Im-Labyrinth-des-Denkens.jpg\" alt=\"\" width=\"540\" height=\"304\" srcset=\"https:\/\/blog.zeit.de\/zeit-der-leser\/files\/2011\/04\/Im-Labyrinth-des-Denkens.jpg 540w, https:\/\/blog.zeit.de\/zeit-der-leser\/files\/2011\/04\/Im-Labyrinth-des-Denkens-300x168.jpg 300w\" sizes=\"auto, (max-width: 540px) 100vw, 540px\" \/><\/a><figcaption id=\"caption-attachment-4965\" class=\"wp-caption-text\">Im Labyrinth des Denkens<\/figcaption><\/figure><\/p>\n<p>Seit 25 Jahren liest und sammelt er die Hamburger Wochenzeitung. Einzelne Zeitungsseiten verarbeitet er zu surrealen Bild-Text-Collagen auf Hartfaserplatten und ver\u00e4ndert sie mit Acrylfarbe und Pastellkreide. Der Objekt-K\u00fcnstler konstruiert auch h\u00f6lzerne K\u00e4sten, die beim \u00d6ffnen des Deckels eine kleine Wunderkammer preisgeben. Die bis zu 4000 Euro kostspieligen, quadratmetergro\u00dfen Collagen sind nach Wortspielereien aus der ZEIT benannt, z. B.: \u201eDer Herr der Puppen\u201c, \u201eBitte nicht aussteigen\u201c oder \u201eBlumenkinder bis zum Horizont\u201c:<\/p>\n<p><figure id=\"attachment_4966\" aria-describedby=\"caption-attachment-4966\" style=\"width: 540px\" class=\"wp-caption aligncenter\"><a href=\"https:\/\/blog.zeit.de\/zeit-der-leser\/files\/2011\/04\/Blumenkinder-bis-zum-Horizont.jpg\"><img loading=\"lazy\" decoding=\"async\" class=\"size-full wp-image-4966\" title=\"Blumenkinder bis zum Horizont\" src=\"https:\/\/blog.zeit.de\/zeit-der-leser\/files\/2011\/04\/Blumenkinder-bis-zum-Horizont.jpg\" alt=\"\" width=\"540\" height=\"304\" srcset=\"https:\/\/blog.zeit.de\/zeit-der-leser\/files\/2011\/04\/Blumenkinder-bis-zum-Horizont.jpg 540w, https:\/\/blog.zeit.de\/zeit-der-leser\/files\/2011\/04\/Blumenkinder-bis-zum-Horizont-300x168.jpg 300w\" sizes=\"auto, (max-width: 540px) 100vw, 540px\" \/><\/a><figcaption id=\"caption-attachment-4966\" class=\"wp-caption-text\">Blumenkinder bis zum Horizont<\/figcaption><\/figure><\/p>\n<p>Trotz wachsenden Erfolgs bleibt Oskar W. Rug ruhig und entspannt: <em>\u201eMeine Arbeiten werden erst durch die Gedanken des Betrachters vollendet.\u201c <\/em>International bekannt wie seine k\u00fcnstlerischen Vorbilder Kurt Schwitters und Robert Rauschenberg ist der Maler noch nicht. Aber die bunten Kompositionen in seiner Galerie k\u00fcnden von Fernweh, unerf\u00fcllten Tr\u00e4umen und einer dicken Portion Humor. Sein neuestes Werk hei\u00dft: \u201e<strong><em>Werde einfach reich und ber\u00fchmt, mein Sohn!<\/em><\/strong>\u201c nach einer ZEIT-Wissensseite. Noch unvollendet lehnt es an der Wand im Atelier.<\/p>\n<p><figure id=\"attachment_4967\" aria-describedby=\"caption-attachment-4967\" style=\"width: 180px\" class=\"wp-caption aligncenter\"><a href=\"https:\/\/blog.zeit.de\/zeit-der-leser\/files\/2011\/04\/Werde-einfach-reich-2011.jpg\"><img loading=\"lazy\" decoding=\"async\" class=\"size-full wp-image-4967 \" title=\"Werde einfach reich\" src=\"https:\/\/blog.zeit.de\/zeit-der-leser\/files\/2011\/04\/Werde-einfach-reich-2011.jpg\" alt=\"\" width=\"180\" height=\"240\" \/><\/a><figcaption id=\"caption-attachment-4967\" class=\"wp-caption-text\">Werde einfach reich...2011<\/figcaption><\/figure><\/p>\n<p>Oskar W. Rug vermittelte Ellen Dietrich bei ihrem Besuch ein umfassendes Bild seiner Kunst: <em>\u201eEs entwickelte sich ein sehr lebendiger Dialog \u00fcber die Zeit\/ZEIT, die Kunst, Gott und die Welt. Eine sehr bereichernde und wertvolle Erfahrung, die mich sicherlich bei meinem weiteren k\u00fcnstlerischen Schaffen begleiten wird \u2013 ebenso wie die ZEIT.\u201c<\/em><\/p>\n","protected":false},"excerpt":{"rendered":"<p>Am 1. April 2011 besuchte Ellen Dietrich, Ressortleiterin der Bildredaktion der ZEIT, den Maler Oskar W. Rug in Beerfelden bei Mannheim. \u201eIch bin Bildermacher\u201c,\u00a0 sagt Oskar W. Rug, 51, \u201eund ich bin immer begeistert von den fantasievollen \u00dcberschriften in der ZEIT.\u201c Seit 25 Jahren liest und sammelt er die Hamburger Wochenzeitung. Einzelne Zeitungsseiten verarbeitet er [&hellip;]<\/p>\n","protected":false},"author":323,"featured_media":0,"comment_status":"open","ping_status":"open","sticky":false,"template":"","format":"standard","meta":{"_jetpack_memberships_contains_paid_content":false,"footnotes":""},"categories":[5686],"tags":[],"class_list":["post-4964","post","type-post","status-publish","format-standard","hentry","category-65-jahre-die-zeit"],"yoast_head":"<!-- This site is optimized with the Yoast SEO plugin v21.0 - https:\/\/yoast.com\/wordpress\/plugins\/seo\/ -->\n<title>65 Jahre DIE ZEIT - ZEIT der Leser<\/title>\n<meta name=\"robots\" content=\"index, follow, max-snippet:-1, max-image-preview:large, max-video-preview:-1\" \/>\n<link rel=\"canonical\" href=\"https:\/\/blog.zeit.de\/zeit-der-leser\/2011\/04\/11\/65-jahre-die-zeit-5\/\" \/>\n<meta property=\"og:locale\" content=\"de_DE\" \/>\n<meta property=\"og:type\" content=\"article\" \/>\n<meta property=\"og:title\" content=\"65 Jahre DIE ZEIT - ZEIT der Leser\" \/>\n<meta property=\"og:description\" content=\"Am 1. April 2011 besuchte Ellen Dietrich, Ressortleiterin der Bildredaktion der ZEIT, den Maler Oskar W. Rug in Beerfelden bei Mannheim. \u201eIch bin Bildermacher\u201c,\u00a0 sagt Oskar W. Rug, 51, \u201eund ich bin immer begeistert von den fantasievollen \u00dcberschriften in der ZEIT.\u201c Seit 25 Jahren liest und sammelt er die Hamburger Wochenzeitung. Einzelne Zeitungsseiten verarbeitet er [&hellip;]\" \/>\n<meta property=\"og:url\" content=\"https:\/\/blog.zeit.de\/zeit-der-leser\/2011\/04\/11\/65-jahre-die-zeit-5\/\" \/>\n<meta property=\"og:site_name\" content=\"ZEIT der Leser\" \/>\n<meta property=\"article:published_time\" content=\"2011-04-11T13:31:15+00:00\" \/>\n<meta property=\"article:modified_time\" content=\"2011-04-11T13:30:45+00:00\" \/>\n<meta property=\"og:image\" content=\"https:\/\/blog.zeit.de\/zeit-der-leser\/files\/2011\/04\/Im-Labyrinth-des-Denkens.jpg\" \/>\n<meta name=\"author\" content=\"Franziska Kelch\" \/>\n<meta name=\"twitter:card\" content=\"summary_large_image\" \/>\n<meta name=\"twitter:label1\" content=\"Geschrieben von\" \/>\n\t<meta name=\"twitter:data1\" content=\"Franziska Kelch\" \/>\n\t<meta name=\"twitter:label2\" content=\"Gesch\u00e4tzte Lesezeit\" \/>\n\t<meta name=\"twitter:data2\" content=\"1\u00a0Minute\" \/>\n<script type=\"application\/ld+json\" class=\"yoast-schema-graph\">{\"@context\":\"https:\/\/schema.org\",\"@graph\":[{\"@type\":\"WebPage\",\"@id\":\"https:\/\/blog.zeit.de\/zeit-der-leser\/2011\/04\/11\/65-jahre-die-zeit-5\/\",\"url\":\"https:\/\/blog.zeit.de\/zeit-der-leser\/2011\/04\/11\/65-jahre-die-zeit-5\/\",\"name\":\"65 Jahre DIE ZEIT - ZEIT der Leser\",\"isPartOf\":{\"@id\":\"https:\/\/blog.zeit.de\/zeit-der-leser\/#website\"},\"datePublished\":\"2011-04-11T13:31:15+00:00\",\"dateModified\":\"2011-04-11T13:30:45+00:00\",\"author\":{\"@id\":\"https:\/\/blog.zeit.de\/zeit-der-leser\/#\/schema\/person\/eaa3c3ed8f838c4aafcd25e9710fcc68\"},\"breadcrumb\":{\"@id\":\"https:\/\/blog.zeit.de\/zeit-der-leser\/2011\/04\/11\/65-jahre-die-zeit-5\/#breadcrumb\"},\"inLanguage\":\"de\",\"potentialAction\":[{\"@type\":\"ReadAction\",\"target\":[\"https:\/\/blog.zeit.de\/zeit-der-leser\/2011\/04\/11\/65-jahre-die-zeit-5\/\"]}]},{\"@type\":\"BreadcrumbList\",\"@id\":\"https:\/\/blog.zeit.de\/zeit-der-leser\/2011\/04\/11\/65-jahre-die-zeit-5\/#breadcrumb\",\"itemListElement\":[{\"@type\":\"ListItem\",\"position\":1,\"name\":\"Startseite\",\"item\":\"https:\/\/blog.zeit.de\/zeit-der-leser\/\"},{\"@type\":\"ListItem\",\"position\":2,\"name\":\"65 Jahre DIE ZEIT\"}]},{\"@type\":\"WebSite\",\"@id\":\"https:\/\/blog.zeit.de\/zeit-der-leser\/#website\",\"url\":\"https:\/\/blog.zeit.de\/zeit-der-leser\/\",\"name\":\"ZEIT der Leser\",\"description\":\"Ein Blog mit Ihren Notizen, Gedichten und Bildern f\u00fcr die gedruckte ZEIT\",\"potentialAction\":[{\"@type\":\"SearchAction\",\"target\":{\"@type\":\"EntryPoint\",\"urlTemplate\":\"https:\/\/blog.zeit.de\/zeit-der-leser\/?s={search_term_string}\"},\"query-input\":\"required name=search_term_string\"}],\"inLanguage\":\"de\"},{\"@type\":\"Person\",\"@id\":\"https:\/\/blog.zeit.de\/zeit-der-leser\/#\/schema\/person\/eaa3c3ed8f838c4aafcd25e9710fcc68\",\"name\":\"Franziska Kelch\",\"image\":{\"@type\":\"ImageObject\",\"inLanguage\":\"de\",\"@id\":\"https:\/\/blog.zeit.de\/zeit-der-leser\/#\/schema\/person\/image\/\",\"url\":\"https:\/\/secure.gravatar.com\/avatar\/d7ae2b2bfc4c5c08ed3435dc2ecf53fcb6d4234c0aa486b8b64ce6549a61a378?s=96&d=mm&r=g\",\"contentUrl\":\"https:\/\/secure.gravatar.com\/avatar\/d7ae2b2bfc4c5c08ed3435dc2ecf53fcb6d4234c0aa486b8b64ce6549a61a378?s=96&d=mm&r=g\",\"caption\":\"Franziska Kelch\"},\"url\":\"https:\/\/blog.zeit.de\/zeit-der-leser\/author\/franziska-kelch\/\"}]}<\/script>\n<!-- \/ Yoast SEO plugin. -->","yoast_head_json":{"title":"65 Jahre DIE ZEIT - ZEIT der Leser","robots":{"index":"index","follow":"follow","max-snippet":"max-snippet:-1","max-image-preview":"max-image-preview:large","max-video-preview":"max-video-preview:-1"},"canonical":"https:\/\/blog.zeit.de\/zeit-der-leser\/2011\/04\/11\/65-jahre-die-zeit-5\/","og_locale":"de_DE","og_type":"article","og_title":"65 Jahre DIE ZEIT - ZEIT der Leser","og_description":"Am 1. April 2011 besuchte Ellen Dietrich, Ressortleiterin der Bildredaktion der ZEIT, den Maler Oskar W. Rug in Beerfelden bei Mannheim. \u201eIch bin Bildermacher\u201c,\u00a0 sagt Oskar W. Rug, 51, \u201eund ich bin immer begeistert von den fantasievollen \u00dcberschriften in der ZEIT.\u201c Seit 25 Jahren liest und sammelt er die Hamburger Wochenzeitung. Einzelne Zeitungsseiten verarbeitet er [&hellip;]","og_url":"https:\/\/blog.zeit.de\/zeit-der-leser\/2011\/04\/11\/65-jahre-die-zeit-5\/","og_site_name":"ZEIT der Leser","article_published_time":"2011-04-11T13:31:15+00:00","article_modified_time":"2011-04-11T13:30:45+00:00","og_image":[{"url":"https:\/\/blog.zeit.de\/zeit-der-leser\/files\/2011\/04\/Im-Labyrinth-des-Denkens.jpg"}],"author":"Franziska Kelch","twitter_card":"summary_large_image","twitter_misc":{"Geschrieben von":"Franziska Kelch","Gesch\u00e4tzte Lesezeit":"1\u00a0Minute"},"schema":{"@context":"https:\/\/schema.org","@graph":[{"@type":"WebPage","@id":"https:\/\/blog.zeit.de\/zeit-der-leser\/2011\/04\/11\/65-jahre-die-zeit-5\/","url":"https:\/\/blog.zeit.de\/zeit-der-leser\/2011\/04\/11\/65-jahre-die-zeit-5\/","name":"65 Jahre DIE ZEIT - ZEIT der Leser","isPartOf":{"@id":"https:\/\/blog.zeit.de\/zeit-der-leser\/#website"},"datePublished":"2011-04-11T13:31:15+00:00","dateModified":"2011-04-11T13:30:45+00:00","author":{"@id":"https:\/\/blog.zeit.de\/zeit-der-leser\/#\/schema\/person\/eaa3c3ed8f838c4aafcd25e9710fcc68"},"breadcrumb":{"@id":"https:\/\/blog.zeit.de\/zeit-der-leser\/2011\/04\/11\/65-jahre-die-zeit-5\/#breadcrumb"},"inLanguage":"de","potentialAction":[{"@type":"ReadAction","target":["https:\/\/blog.zeit.de\/zeit-der-leser\/2011\/04\/11\/65-jahre-die-zeit-5\/"]}]},{"@type":"BreadcrumbList","@id":"https:\/\/blog.zeit.de\/zeit-der-leser\/2011\/04\/11\/65-jahre-die-zeit-5\/#breadcrumb","itemListElement":[{"@type":"ListItem","position":1,"name":"Startseite","item":"https:\/\/blog.zeit.de\/zeit-der-leser\/"},{"@type":"ListItem","position":2,"name":"65 Jahre DIE ZEIT"}]},{"@type":"WebSite","@id":"https:\/\/blog.zeit.de\/zeit-der-leser\/#website","url":"https:\/\/blog.zeit.de\/zeit-der-leser\/","name":"ZEIT der Leser","description":"Ein Blog mit Ihren Notizen, Gedichten und Bildern f\u00fcr die gedruckte ZEIT","potentialAction":[{"@type":"SearchAction","target":{"@type":"EntryPoint","urlTemplate":"https:\/\/blog.zeit.de\/zeit-der-leser\/?s={search_term_string}"},"query-input":"required name=search_term_string"}],"inLanguage":"de"},{"@type":"Person","@id":"https:\/\/blog.zeit.de\/zeit-der-leser\/#\/schema\/person\/eaa3c3ed8f838c4aafcd25e9710fcc68","name":"Franziska Kelch","image":{"@type":"ImageObject","inLanguage":"de","@id":"https:\/\/blog.zeit.de\/zeit-der-leser\/#\/schema\/person\/image\/","url":"https:\/\/secure.gravatar.com\/avatar\/d7ae2b2bfc4c5c08ed3435dc2ecf53fcb6d4234c0aa486b8b64ce6549a61a378?s=96&d=mm&r=g","contentUrl":"https:\/\/secure.gravatar.com\/avatar\/d7ae2b2bfc4c5c08ed3435dc2ecf53fcb6d4234c0aa486b8b64ce6549a61a378?s=96&d=mm&r=g","caption":"Franziska Kelch"},"url":"https:\/\/blog.zeit.de\/zeit-der-leser\/author\/franziska-kelch\/"}]}},"jetpack_featured_media_url":"","jetpack_sharing_enabled":true,"_links":{"self":[{"href":"https:\/\/blog.zeit.de\/zeit-der-leser\/wp-json\/wp\/v2\/posts\/4964","targetHints":{"allow":["GET"]}}],"collection":[{"href":"https:\/\/blog.zeit.de\/zeit-der-leser\/wp-json\/wp\/v2\/posts"}],"about":[{"href":"https:\/\/blog.zeit.de\/zeit-der-leser\/wp-json\/wp\/v2\/types\/post"}],"author":[{"embeddable":true,"href":"https:\/\/blog.zeit.de\/zeit-der-leser\/wp-json\/wp\/v2\/users\/323"}],"replies":[{"embeddable":true,"href":"https:\/\/blog.zeit.de\/zeit-der-leser\/wp-json\/wp\/v2\/comments?post=4964"}],"version-history":[{"count":6,"href":"https:\/\/blog.zeit.de\/zeit-der-leser\/wp-json\/wp\/v2\/posts\/4964\/revisions"}],"predecessor-version":[{"id":4973,"href":"https:\/\/blog.zeit.de\/zeit-der-leser\/wp-json\/wp\/v2\/posts\/4964\/revisions\/4973"}],"wp:attachment":[{"href":"https:\/\/blog.zeit.de\/zeit-der-leser\/wp-json\/wp\/v2\/media?parent=4964"}],"wp:term":[{"taxonomy":"category","embeddable":true,"href":"https:\/\/blog.zeit.de\/zeit-der-leser\/wp-json\/wp\/v2\/categories?post=4964"},{"taxonomy":"post_tag","embeddable":true,"href":"https:\/\/blog.zeit.de\/zeit-der-leser\/wp-json\/wp\/v2\/tags?post=4964"}],"curies":[{"name":"wp","href":"https:\/\/api.w.org\/{rel}","templated":true}]}}