{"id":4977,"date":"2011-04-13T11:00:25","date_gmt":"2011-04-13T09:00:25","guid":{"rendered":"http:\/\/blog.zeit.de\/zeit-der-leser\/?p=4977"},"modified":"2011-04-12T17:19:20","modified_gmt":"2011-04-12T15:19:20","slug":"65-jahre-die-zeit-6","status":"publish","type":"post","link":"https:\/\/blog.zeit.de\/zeit-der-leser\/2011\/04\/13\/65-jahre-die-zeit-6\/","title":{"rendered":"65 Jahre DIE ZEIT"},"content":{"rendered":"<p>In Br\u00fcssel traf sich Europa- und Nato-Korrespondent Jochen Bittner mit dem EU-B\u00fcro des Landes Berlin und den Kollegen vom Landesb\u00fcro Brandenburg und sprach \u00fcber die dr\u00e4ngendsten Herausforderungen Europas: Wie rauskommen aus der Euro-Krise? Was tun gegen\u00fcber Libyen? Wie m\u00e4chtig darf Br\u00fcssel werden gegen\u00fcber Berlin, unserer gewohnten Arena f\u00fcr Politik und Demokratie?<\/p>\n<p><em><a href=\"https:\/\/blog.zeit.de\/zeit-der-leser\/files\/2011\/04\/Laptop-020_65-Jahre-Zeit.jpg\"><img loading=\"lazy\" decoding=\"async\" class=\"aligncenter size-full wp-image-4978\" title=\"Laptop 020_65 Jahre Zeit\" src=\"https:\/\/blog.zeit.de\/zeit-der-leser\/files\/2011\/04\/Laptop-020_65-Jahre-Zeit.jpg\" alt=\"\" width=\"540\" height=\"304\" srcset=\"https:\/\/blog.zeit.de\/zeit-der-leser\/files\/2011\/04\/Laptop-020_65-Jahre-Zeit.jpg 540w, https:\/\/blog.zeit.de\/zeit-der-leser\/files\/2011\/04\/Laptop-020_65-Jahre-Zeit-300x168.jpg 300w\" sizes=\"auto, (max-width: 540px) 100vw, 540px\" \/><\/a>\u201eEs war au\u00dferordentlich anregend, zu dem gro\u00dfen Thema der Zukunft der EU und ihren Verwerfungen die Auffassungen von Herrn Bittner und den Kolleginnen und Kollegen zu h\u00f6ren und zu diskutieren. Eine gro\u00dfartige Idee unserer Kollegin Stefanie Hornung und der ZEIT, aber auch ein tolles Format, die Berufseurop\u00e4er, sei es Journalisten und Referenten der Landesverwaltung, informell ins Gespr\u00e4ch zu bringen und auch kontroverse Blickrichtungen auszutauschen\u201c,<\/em> berichtete die Mitarbeiterin Andrea G\u00e4rtner im Anschluss.<\/p>\n<p><a href=\"https:\/\/blog.zeit.de\/zeit-der-leser\/files\/2011\/04\/Laptop-023_65-Jahre-Zeit.jpg\"><img loading=\"lazy\" decoding=\"async\" class=\"aligncenter size-full wp-image-4980\" title=\"Laptop 023_65 Jahre Zeit\" src=\"https:\/\/blog.zeit.de\/zeit-der-leser\/files\/2011\/04\/Laptop-023_65-Jahre-Zeit.jpg\" alt=\"\" width=\"540\" height=\"304\" srcset=\"https:\/\/blog.zeit.de\/zeit-der-leser\/files\/2011\/04\/Laptop-023_65-Jahre-Zeit.jpg 540w, https:\/\/blog.zeit.de\/zeit-der-leser\/files\/2011\/04\/Laptop-023_65-Jahre-Zeit-300x168.jpg 300w\" sizes=\"auto, (max-width: 540px) 100vw, 540px\" \/><\/a>Auch Jochen Bittner war begeistert: <em>\u201eWas Journalisten ja selten passiert, ist, dass sie sich mal keine schlauen Fragen ausdenken m\u00fcssen, sondern mit ihnen beworfen werden. So war das im Berliner EU-B\u00fcro.\u201c<\/em><\/p>\n","protected":false},"excerpt":{"rendered":"<p>In Br\u00fcssel traf sich Europa- und Nato-Korrespondent Jochen Bittner mit dem EU-B\u00fcro des Landes Berlin und den Kollegen vom Landesb\u00fcro Brandenburg und sprach \u00fcber die dr\u00e4ngendsten Herausforderungen Europas: Wie rauskommen aus der Euro-Krise? Was tun gegen\u00fcber Libyen? Wie m\u00e4chtig darf Br\u00fcssel werden gegen\u00fcber Berlin, unserer gewohnten Arena f\u00fcr Politik und Demokratie? \u201eEs war au\u00dferordentlich anregend, [&hellip;]<\/p>\n","protected":false},"author":265,"featured_media":0,"comment_status":"open","ping_status":"open","sticky":false,"template":"","format":"standard","meta":{"_jetpack_memberships_contains_paid_content":false,"footnotes":""},"categories":[5686],"tags":[],"class_list":["post-4977","post","type-post","status-publish","format-standard","hentry","category-65-jahre-die-zeit"],"yoast_head":"<!-- This site is optimized with the Yoast SEO plugin v21.0 - https:\/\/yoast.com\/wordpress\/plugins\/seo\/ -->\n<title>65 Jahre DIE ZEIT - ZEIT der Leser<\/title>\n<meta name=\"robots\" content=\"index, follow, max-snippet:-1, max-image-preview:large, max-video-preview:-1\" \/>\n<link rel=\"canonical\" href=\"https:\/\/blog.zeit.de\/zeit-der-leser\/2011\/04\/13\/65-jahre-die-zeit-6\/\" \/>\n<meta property=\"og:locale\" content=\"de_DE\" \/>\n<meta property=\"og:type\" content=\"article\" \/>\n<meta property=\"og:title\" content=\"65 Jahre DIE ZEIT - ZEIT der Leser\" \/>\n<meta property=\"og:description\" content=\"In Br\u00fcssel traf sich Europa- und Nato-Korrespondent Jochen Bittner mit dem EU-B\u00fcro des Landes Berlin und den Kollegen vom Landesb\u00fcro Brandenburg und sprach \u00fcber die dr\u00e4ngendsten Herausforderungen Europas: Wie rauskommen aus der Euro-Krise? Was tun gegen\u00fcber Libyen? Wie m\u00e4chtig darf Br\u00fcssel werden gegen\u00fcber Berlin, unserer gewohnten Arena f\u00fcr Politik und Demokratie? \u201eEs war au\u00dferordentlich anregend, [&hellip;]\" \/>\n<meta property=\"og:url\" content=\"https:\/\/blog.zeit.de\/zeit-der-leser\/2011\/04\/13\/65-jahre-die-zeit-6\/\" \/>\n<meta property=\"og:site_name\" content=\"ZEIT der Leser\" \/>\n<meta property=\"article:published_time\" content=\"2011-04-13T09:00:25+00:00\" \/>\n<meta property=\"article:modified_time\" content=\"2011-04-12T15:19:20+00:00\" \/>\n<meta property=\"og:image\" content=\"https:\/\/blog.zeit.de\/zeit-der-leser\/files\/2011\/04\/Laptop-020_65-Jahre-Zeit.jpg\" \/>\n<meta name=\"author\" content=\"&quot;Zeit der Leser&quot;-Redaktion\" \/>\n<meta name=\"twitter:card\" content=\"summary_large_image\" \/>\n<meta name=\"twitter:label1\" content=\"Geschrieben von\" \/>\n\t<meta name=\"twitter:data1\" content=\"\"Zeit der Leser\"-Redaktion\" \/>\n\t<meta name=\"twitter:label2\" content=\"Gesch\u00e4tzte Lesezeit\" \/>\n\t<meta name=\"twitter:data2\" content=\"1\u00a0Minute\" \/>\n<script type=\"application\/ld+json\" class=\"yoast-schema-graph\">{\"@context\":\"https:\/\/schema.org\",\"@graph\":[{\"@type\":\"WebPage\",\"@id\":\"https:\/\/blog.zeit.de\/zeit-der-leser\/2011\/04\/13\/65-jahre-die-zeit-6\/\",\"url\":\"https:\/\/blog.zeit.de\/zeit-der-leser\/2011\/04\/13\/65-jahre-die-zeit-6\/\",\"name\":\"65 Jahre DIE ZEIT - ZEIT der Leser\",\"isPartOf\":{\"@id\":\"https:\/\/blog.zeit.de\/zeit-der-leser\/#website\"},\"datePublished\":\"2011-04-13T09:00:25+00:00\",\"dateModified\":\"2011-04-12T15:19:20+00:00\",\"author\":{\"@id\":\"https:\/\/blog.zeit.de\/zeit-der-leser\/#\/schema\/person\/583b14e5ad6368c23af846ecbde9f20f\"},\"breadcrumb\":{\"@id\":\"https:\/\/blog.zeit.de\/zeit-der-leser\/2011\/04\/13\/65-jahre-die-zeit-6\/#breadcrumb\"},\"inLanguage\":\"de\",\"potentialAction\":[{\"@type\":\"ReadAction\",\"target\":[\"https:\/\/blog.zeit.de\/zeit-der-leser\/2011\/04\/13\/65-jahre-die-zeit-6\/\"]}]},{\"@type\":\"BreadcrumbList\",\"@id\":\"https:\/\/blog.zeit.de\/zeit-der-leser\/2011\/04\/13\/65-jahre-die-zeit-6\/#breadcrumb\",\"itemListElement\":[{\"@type\":\"ListItem\",\"position\":1,\"name\":\"Startseite\",\"item\":\"https:\/\/blog.zeit.de\/zeit-der-leser\/\"},{\"@type\":\"ListItem\",\"position\":2,\"name\":\"65 Jahre DIE ZEIT\"}]},{\"@type\":\"WebSite\",\"@id\":\"https:\/\/blog.zeit.de\/zeit-der-leser\/#website\",\"url\":\"https:\/\/blog.zeit.de\/zeit-der-leser\/\",\"name\":\"ZEIT der Leser\",\"description\":\"Ein Blog mit Ihren Notizen, Gedichten und Bildern f\u00fcr die gedruckte ZEIT\",\"potentialAction\":[{\"@type\":\"SearchAction\",\"target\":{\"@type\":\"EntryPoint\",\"urlTemplate\":\"https:\/\/blog.zeit.de\/zeit-der-leser\/?s={search_term_string}\"},\"query-input\":\"required name=search_term_string\"}],\"inLanguage\":\"de\"},{\"@type\":\"Person\",\"@id\":\"https:\/\/blog.zeit.de\/zeit-der-leser\/#\/schema\/person\/583b14e5ad6368c23af846ecbde9f20f\",\"name\":\"\\\"Zeit der Leser\\\"-Redaktion\",\"image\":{\"@type\":\"ImageObject\",\"inLanguage\":\"de\",\"@id\":\"https:\/\/blog.zeit.de\/zeit-der-leser\/#\/schema\/person\/image\/\",\"url\":\"https:\/\/secure.gravatar.com\/avatar\/e801a681bd3bbf2345131a815930b48d9f8e0a94de1346b624840dc850f67ad0?s=96&d=mm&r=g\",\"contentUrl\":\"https:\/\/secure.gravatar.com\/avatar\/e801a681bd3bbf2345131a815930b48d9f8e0a94de1346b624840dc850f67ad0?s=96&d=mm&r=g\",\"caption\":\"\\\"Zeit der Leser\\\"-Redaktion\"},\"url\":\"https:\/\/blog.zeit.de\/zeit-der-leser\/author\/zeit-der-leser-redaktion\/\"}]}<\/script>\n<!-- \/ Yoast SEO plugin. -->","yoast_head_json":{"title":"65 Jahre DIE ZEIT - ZEIT der Leser","robots":{"index":"index","follow":"follow","max-snippet":"max-snippet:-1","max-image-preview":"max-image-preview:large","max-video-preview":"max-video-preview:-1"},"canonical":"https:\/\/blog.zeit.de\/zeit-der-leser\/2011\/04\/13\/65-jahre-die-zeit-6\/","og_locale":"de_DE","og_type":"article","og_title":"65 Jahre DIE ZEIT - ZEIT der Leser","og_description":"In Br\u00fcssel traf sich Europa- und Nato-Korrespondent Jochen Bittner mit dem EU-B\u00fcro des Landes Berlin und den Kollegen vom Landesb\u00fcro Brandenburg und sprach \u00fcber die dr\u00e4ngendsten Herausforderungen Europas: Wie rauskommen aus der Euro-Krise? Was tun gegen\u00fcber Libyen? Wie m\u00e4chtig darf Br\u00fcssel werden gegen\u00fcber Berlin, unserer gewohnten Arena f\u00fcr Politik und Demokratie? \u201eEs war au\u00dferordentlich anregend, [&hellip;]","og_url":"https:\/\/blog.zeit.de\/zeit-der-leser\/2011\/04\/13\/65-jahre-die-zeit-6\/","og_site_name":"ZEIT der Leser","article_published_time":"2011-04-13T09:00:25+00:00","article_modified_time":"2011-04-12T15:19:20+00:00","og_image":[{"url":"https:\/\/blog.zeit.de\/zeit-der-leser\/files\/2011\/04\/Laptop-020_65-Jahre-Zeit.jpg"}],"author":"\"Zeit der Leser\"-Redaktion","twitter_card":"summary_large_image","twitter_misc":{"Geschrieben von":"\"Zeit der Leser\"-Redaktion","Gesch\u00e4tzte Lesezeit":"1\u00a0Minute"},"schema":{"@context":"https:\/\/schema.org","@graph":[{"@type":"WebPage","@id":"https:\/\/blog.zeit.de\/zeit-der-leser\/2011\/04\/13\/65-jahre-die-zeit-6\/","url":"https:\/\/blog.zeit.de\/zeit-der-leser\/2011\/04\/13\/65-jahre-die-zeit-6\/","name":"65 Jahre DIE ZEIT - ZEIT der Leser","isPartOf":{"@id":"https:\/\/blog.zeit.de\/zeit-der-leser\/#website"},"datePublished":"2011-04-13T09:00:25+00:00","dateModified":"2011-04-12T15:19:20+00:00","author":{"@id":"https:\/\/blog.zeit.de\/zeit-der-leser\/#\/schema\/person\/583b14e5ad6368c23af846ecbde9f20f"},"breadcrumb":{"@id":"https:\/\/blog.zeit.de\/zeit-der-leser\/2011\/04\/13\/65-jahre-die-zeit-6\/#breadcrumb"},"inLanguage":"de","potentialAction":[{"@type":"ReadAction","target":["https:\/\/blog.zeit.de\/zeit-der-leser\/2011\/04\/13\/65-jahre-die-zeit-6\/"]}]},{"@type":"BreadcrumbList","@id":"https:\/\/blog.zeit.de\/zeit-der-leser\/2011\/04\/13\/65-jahre-die-zeit-6\/#breadcrumb","itemListElement":[{"@type":"ListItem","position":1,"name":"Startseite","item":"https:\/\/blog.zeit.de\/zeit-der-leser\/"},{"@type":"ListItem","position":2,"name":"65 Jahre DIE ZEIT"}]},{"@type":"WebSite","@id":"https:\/\/blog.zeit.de\/zeit-der-leser\/#website","url":"https:\/\/blog.zeit.de\/zeit-der-leser\/","name":"ZEIT der Leser","description":"Ein Blog mit Ihren Notizen, Gedichten und Bildern f\u00fcr die gedruckte ZEIT","potentialAction":[{"@type":"SearchAction","target":{"@type":"EntryPoint","urlTemplate":"https:\/\/blog.zeit.de\/zeit-der-leser\/?s={search_term_string}"},"query-input":"required name=search_term_string"}],"inLanguage":"de"},{"@type":"Person","@id":"https:\/\/blog.zeit.de\/zeit-der-leser\/#\/schema\/person\/583b14e5ad6368c23af846ecbde9f20f","name":"\"Zeit der Leser\"-Redaktion","image":{"@type":"ImageObject","inLanguage":"de","@id":"https:\/\/blog.zeit.de\/zeit-der-leser\/#\/schema\/person\/image\/","url":"https:\/\/secure.gravatar.com\/avatar\/e801a681bd3bbf2345131a815930b48d9f8e0a94de1346b624840dc850f67ad0?s=96&d=mm&r=g","contentUrl":"https:\/\/secure.gravatar.com\/avatar\/e801a681bd3bbf2345131a815930b48d9f8e0a94de1346b624840dc850f67ad0?s=96&d=mm&r=g","caption":"\"Zeit der Leser\"-Redaktion"},"url":"https:\/\/blog.zeit.de\/zeit-der-leser\/author\/zeit-der-leser-redaktion\/"}]}},"jetpack_featured_media_url":"","jetpack_sharing_enabled":true,"_links":{"self":[{"href":"https:\/\/blog.zeit.de\/zeit-der-leser\/wp-json\/wp\/v2\/posts\/4977","targetHints":{"allow":["GET"]}}],"collection":[{"href":"https:\/\/blog.zeit.de\/zeit-der-leser\/wp-json\/wp\/v2\/posts"}],"about":[{"href":"https:\/\/blog.zeit.de\/zeit-der-leser\/wp-json\/wp\/v2\/types\/post"}],"author":[{"embeddable":true,"href":"https:\/\/blog.zeit.de\/zeit-der-leser\/wp-json\/wp\/v2\/users\/265"}],"replies":[{"embeddable":true,"href":"https:\/\/blog.zeit.de\/zeit-der-leser\/wp-json\/wp\/v2\/comments?post=4977"}],"version-history":[{"count":7,"href":"https:\/\/blog.zeit.de\/zeit-der-leser\/wp-json\/wp\/v2\/posts\/4977\/revisions"}],"predecessor-version":[{"id":4984,"href":"https:\/\/blog.zeit.de\/zeit-der-leser\/wp-json\/wp\/v2\/posts\/4977\/revisions\/4984"}],"wp:attachment":[{"href":"https:\/\/blog.zeit.de\/zeit-der-leser\/wp-json\/wp\/v2\/media?parent=4977"}],"wp:term":[{"taxonomy":"category","embeddable":true,"href":"https:\/\/blog.zeit.de\/zeit-der-leser\/wp-json\/wp\/v2\/categories?post=4977"},{"taxonomy":"post_tag","embeddable":true,"href":"https:\/\/blog.zeit.de\/zeit-der-leser\/wp-json\/wp\/v2\/tags?post=4977"}],"curies":[{"name":"wp","href":"https:\/\/api.w.org\/{rel}","templated":true}]}}