{"id":4987,"date":"2011-04-14T09:10:46","date_gmt":"2011-04-14T07:10:46","guid":{"rendered":"http:\/\/blog.zeit.de\/zeit-der-leser\/?p=4987"},"modified":"2015-02-24T18:25:47","modified_gmt":"2015-02-24T17:25:47","slug":"mein-wort-schatz-sommerfrische","status":"publish","type":"post","link":"https:\/\/blog.zeit.de\/zeit-der-leser\/2011\/04\/14\/mein-wort-schatz-sommerfrische\/","title":{"rendered":"Sommerfrische: Mein Wort-Schatz"},"content":{"rendered":"<p>Dass sich unsere Sprache st\u00e4ndig ver\u00e4ndert und wir einen anderen Wortschatz verwenden als unsere Eltern und Gro\u00dfeltern, das ist eine unstrittige und unab\u00e4nderbare Tatsache. Der gut gemeinte Versuch einiger Gruppen, diese Ver\u00e4nderungen aufzuhalten oder gar r\u00fcckg\u00e4ngig zu machen, ist ein vergebliches Bem\u00fchen. Doch wie man sich gern an sch\u00f6ne Erlebnisse zur\u00fcckbesinnt, so kann man sich auch an lieb gewordene Sprach- und Worterlebnisse zur\u00fcckerinnern. Vermutlich wird jeder von uns einen Schatz an Worten bewahren, den er nicht mehr verwendet, vielleicht etwas abgegriffen, aber noch mit einem Glanz versehen, der erfreuen kann. Ich h\u00fcte einen Wortschatz, aus dem zu mir ein Wort her\u00fcberschimmert, ein Wort, das f\u00fcr mich wie Poesie klingt und den Inbegriff von Heiterkeit und Frohsinn verk\u00f6rpert. Es ist das Wort <strong>Sommerfrische<\/strong>. Meine Eltern fuhren mit uns Kindern in den zwanziger und drei\u00dfiger Jahren des vorigen Jahrhunderts in die Sommerfrische. Besitzt dieses Wort nicht eine herrliche Melodie? Wie fad ist dagegen das Wort Urlaub! Ich bin aber gen\u00f6tigt, es zu benutzen, denn stellen Sie sich vor, ich gehe in ein Reiseb\u00fcro und bitte um einen Vorschlag fu\u0308r meine Sommerfrische! Dem vernichtenden Blick des Urlaubsberaters m\u00f6chte ich mich nicht aussetzen. Welches Wort h\u00fcten Sie als Ihren Wort-Schatz?<\/p>\n<p><strong>Ulrich Bratfisch<\/strong>, Dortmund<\/p>\n","protected":false},"excerpt":{"rendered":"<p>Dass sich unsere Sprache st\u00e4ndig ver\u00e4ndert und wir einen anderen Wortschatz verwenden als unsere Eltern und Gro\u00dfeltern, das ist eine unstrittige und unab\u00e4nderbare Tatsache. Der gut gemeinte Versuch einiger Gruppen, diese Ver\u00e4nderungen aufzuhalten oder gar r\u00fcckg\u00e4ngig zu machen, ist ein vergebliches Bem\u00fchen. Doch wie man sich gern an sch\u00f6ne Erlebnisse zur\u00fcckbesinnt, so kann man sich [&hellip;]<\/p>\n","protected":false},"author":265,"featured_media":0,"comment_status":"open","ping_status":"open","sticky":false,"template":"","format":"standard","meta":{"_jetpack_memberships_contains_paid_content":false,"footnotes":""},"categories":[5687],"tags":[],"class_list":["post-4987","post","type-post","status-publish","format-standard","hentry","category-mein-wort-schatz"],"yoast_head":"<!-- This site is optimized with the Yoast SEO plugin v21.0 - https:\/\/yoast.com\/wordpress\/plugins\/seo\/ -->\n<title>Sommerfrische: Mein Wort-Schatz - ZEIT der Leser<\/title>\n<meta name=\"robots\" content=\"index, follow, max-snippet:-1, max-image-preview:large, max-video-preview:-1\" \/>\n<link rel=\"canonical\" href=\"https:\/\/blog.zeit.de\/zeit-der-leser\/2011\/04\/14\/mein-wort-schatz-sommerfrische\/\" \/>\n<meta property=\"og:locale\" content=\"de_DE\" \/>\n<meta property=\"og:type\" content=\"article\" \/>\n<meta property=\"og:title\" content=\"Sommerfrische: Mein Wort-Schatz - ZEIT der Leser\" \/>\n<meta property=\"og:description\" content=\"Dass sich unsere Sprache st\u00e4ndig ver\u00e4ndert und wir einen anderen Wortschatz verwenden als unsere Eltern und Gro\u00dfeltern, das ist eine unstrittige und unab\u00e4nderbare Tatsache. Der gut gemeinte Versuch einiger Gruppen, diese Ver\u00e4nderungen aufzuhalten oder gar r\u00fcckg\u00e4ngig zu machen, ist ein vergebliches Bem\u00fchen. Doch wie man sich gern an sch\u00f6ne Erlebnisse zur\u00fcckbesinnt, so kann man sich [&hellip;]\" \/>\n<meta property=\"og:url\" content=\"https:\/\/blog.zeit.de\/zeit-der-leser\/2011\/04\/14\/mein-wort-schatz-sommerfrische\/\" \/>\n<meta property=\"og:site_name\" content=\"ZEIT der Leser\" \/>\n<meta property=\"article:published_time\" content=\"2011-04-14T07:10:46+00:00\" \/>\n<meta property=\"article:modified_time\" content=\"2015-02-24T17:25:47+00:00\" \/>\n<meta name=\"author\" content=\"&quot;Zeit der Leser&quot;-Redaktion\" \/>\n<meta name=\"twitter:card\" content=\"summary_large_image\" \/>\n<meta name=\"twitter:label1\" content=\"Geschrieben von\" \/>\n\t<meta name=\"twitter:data1\" content=\"\"Zeit der Leser\"-Redaktion\" \/>\n\t<meta name=\"twitter:label2\" content=\"Gesch\u00e4tzte Lesezeit\" \/>\n\t<meta name=\"twitter:data2\" content=\"1\u00a0Minute\" \/>\n<script type=\"application\/ld+json\" class=\"yoast-schema-graph\">{\"@context\":\"https:\/\/schema.org\",\"@graph\":[{\"@type\":\"WebPage\",\"@id\":\"https:\/\/blog.zeit.de\/zeit-der-leser\/2011\/04\/14\/mein-wort-schatz-sommerfrische\/\",\"url\":\"https:\/\/blog.zeit.de\/zeit-der-leser\/2011\/04\/14\/mein-wort-schatz-sommerfrische\/\",\"name\":\"Sommerfrische: Mein Wort-Schatz - ZEIT der Leser\",\"isPartOf\":{\"@id\":\"https:\/\/blog.zeit.de\/zeit-der-leser\/#website\"},\"datePublished\":\"2011-04-14T07:10:46+00:00\",\"dateModified\":\"2015-02-24T17:25:47+00:00\",\"author\":{\"@id\":\"https:\/\/blog.zeit.de\/zeit-der-leser\/#\/schema\/person\/583b14e5ad6368c23af846ecbde9f20f\"},\"breadcrumb\":{\"@id\":\"https:\/\/blog.zeit.de\/zeit-der-leser\/2011\/04\/14\/mein-wort-schatz-sommerfrische\/#breadcrumb\"},\"inLanguage\":\"de\",\"potentialAction\":[{\"@type\":\"ReadAction\",\"target\":[\"https:\/\/blog.zeit.de\/zeit-der-leser\/2011\/04\/14\/mein-wort-schatz-sommerfrische\/\"]}]},{\"@type\":\"BreadcrumbList\",\"@id\":\"https:\/\/blog.zeit.de\/zeit-der-leser\/2011\/04\/14\/mein-wort-schatz-sommerfrische\/#breadcrumb\",\"itemListElement\":[{\"@type\":\"ListItem\",\"position\":1,\"name\":\"Startseite\",\"item\":\"https:\/\/blog.zeit.de\/zeit-der-leser\/\"},{\"@type\":\"ListItem\",\"position\":2,\"name\":\"Sommerfrische: Mein Wort-Schatz\"}]},{\"@type\":\"WebSite\",\"@id\":\"https:\/\/blog.zeit.de\/zeit-der-leser\/#website\",\"url\":\"https:\/\/blog.zeit.de\/zeit-der-leser\/\",\"name\":\"ZEIT der Leser\",\"description\":\"Ein Blog mit Ihren Notizen, Gedichten und Bildern f\u00fcr die gedruckte ZEIT\",\"potentialAction\":[{\"@type\":\"SearchAction\",\"target\":{\"@type\":\"EntryPoint\",\"urlTemplate\":\"https:\/\/blog.zeit.de\/zeit-der-leser\/?s={search_term_string}\"},\"query-input\":\"required name=search_term_string\"}],\"inLanguage\":\"de\"},{\"@type\":\"Person\",\"@id\":\"https:\/\/blog.zeit.de\/zeit-der-leser\/#\/schema\/person\/583b14e5ad6368c23af846ecbde9f20f\",\"name\":\"\\\"Zeit der Leser\\\"-Redaktion\",\"image\":{\"@type\":\"ImageObject\",\"inLanguage\":\"de\",\"@id\":\"https:\/\/blog.zeit.de\/zeit-der-leser\/#\/schema\/person\/image\/\",\"url\":\"https:\/\/secure.gravatar.com\/avatar\/e801a681bd3bbf2345131a815930b48d9f8e0a94de1346b624840dc850f67ad0?s=96&d=mm&r=g\",\"contentUrl\":\"https:\/\/secure.gravatar.com\/avatar\/e801a681bd3bbf2345131a815930b48d9f8e0a94de1346b624840dc850f67ad0?s=96&d=mm&r=g\",\"caption\":\"\\\"Zeit der Leser\\\"-Redaktion\"},\"url\":\"https:\/\/blog.zeit.de\/zeit-der-leser\/author\/zeit-der-leser-redaktion\/\"}]}<\/script>\n<!-- \/ Yoast SEO plugin. -->","yoast_head_json":{"title":"Sommerfrische: Mein Wort-Schatz - ZEIT der Leser","robots":{"index":"index","follow":"follow","max-snippet":"max-snippet:-1","max-image-preview":"max-image-preview:large","max-video-preview":"max-video-preview:-1"},"canonical":"https:\/\/blog.zeit.de\/zeit-der-leser\/2011\/04\/14\/mein-wort-schatz-sommerfrische\/","og_locale":"de_DE","og_type":"article","og_title":"Sommerfrische: Mein Wort-Schatz - ZEIT der Leser","og_description":"Dass sich unsere Sprache st\u00e4ndig ver\u00e4ndert und wir einen anderen Wortschatz verwenden als unsere Eltern und Gro\u00dfeltern, das ist eine unstrittige und unab\u00e4nderbare Tatsache. Der gut gemeinte Versuch einiger Gruppen, diese Ver\u00e4nderungen aufzuhalten oder gar r\u00fcckg\u00e4ngig zu machen, ist ein vergebliches Bem\u00fchen. Doch wie man sich gern an sch\u00f6ne Erlebnisse zur\u00fcckbesinnt, so kann man sich [&hellip;]","og_url":"https:\/\/blog.zeit.de\/zeit-der-leser\/2011\/04\/14\/mein-wort-schatz-sommerfrische\/","og_site_name":"ZEIT der Leser","article_published_time":"2011-04-14T07:10:46+00:00","article_modified_time":"2015-02-24T17:25:47+00:00","author":"\"Zeit der Leser\"-Redaktion","twitter_card":"summary_large_image","twitter_misc":{"Geschrieben von":"\"Zeit der Leser\"-Redaktion","Gesch\u00e4tzte Lesezeit":"1\u00a0Minute"},"schema":{"@context":"https:\/\/schema.org","@graph":[{"@type":"WebPage","@id":"https:\/\/blog.zeit.de\/zeit-der-leser\/2011\/04\/14\/mein-wort-schatz-sommerfrische\/","url":"https:\/\/blog.zeit.de\/zeit-der-leser\/2011\/04\/14\/mein-wort-schatz-sommerfrische\/","name":"Sommerfrische: Mein Wort-Schatz - ZEIT der Leser","isPartOf":{"@id":"https:\/\/blog.zeit.de\/zeit-der-leser\/#website"},"datePublished":"2011-04-14T07:10:46+00:00","dateModified":"2015-02-24T17:25:47+00:00","author":{"@id":"https:\/\/blog.zeit.de\/zeit-der-leser\/#\/schema\/person\/583b14e5ad6368c23af846ecbde9f20f"},"breadcrumb":{"@id":"https:\/\/blog.zeit.de\/zeit-der-leser\/2011\/04\/14\/mein-wort-schatz-sommerfrische\/#breadcrumb"},"inLanguage":"de","potentialAction":[{"@type":"ReadAction","target":["https:\/\/blog.zeit.de\/zeit-der-leser\/2011\/04\/14\/mein-wort-schatz-sommerfrische\/"]}]},{"@type":"BreadcrumbList","@id":"https:\/\/blog.zeit.de\/zeit-der-leser\/2011\/04\/14\/mein-wort-schatz-sommerfrische\/#breadcrumb","itemListElement":[{"@type":"ListItem","position":1,"name":"Startseite","item":"https:\/\/blog.zeit.de\/zeit-der-leser\/"},{"@type":"ListItem","position":2,"name":"Sommerfrische: Mein Wort-Schatz"}]},{"@type":"WebSite","@id":"https:\/\/blog.zeit.de\/zeit-der-leser\/#website","url":"https:\/\/blog.zeit.de\/zeit-der-leser\/","name":"ZEIT der Leser","description":"Ein Blog mit Ihren Notizen, Gedichten und Bildern f\u00fcr die gedruckte ZEIT","potentialAction":[{"@type":"SearchAction","target":{"@type":"EntryPoint","urlTemplate":"https:\/\/blog.zeit.de\/zeit-der-leser\/?s={search_term_string}"},"query-input":"required name=search_term_string"}],"inLanguage":"de"},{"@type":"Person","@id":"https:\/\/blog.zeit.de\/zeit-der-leser\/#\/schema\/person\/583b14e5ad6368c23af846ecbde9f20f","name":"\"Zeit der Leser\"-Redaktion","image":{"@type":"ImageObject","inLanguage":"de","@id":"https:\/\/blog.zeit.de\/zeit-der-leser\/#\/schema\/person\/image\/","url":"https:\/\/secure.gravatar.com\/avatar\/e801a681bd3bbf2345131a815930b48d9f8e0a94de1346b624840dc850f67ad0?s=96&d=mm&r=g","contentUrl":"https:\/\/secure.gravatar.com\/avatar\/e801a681bd3bbf2345131a815930b48d9f8e0a94de1346b624840dc850f67ad0?s=96&d=mm&r=g","caption":"\"Zeit der Leser\"-Redaktion"},"url":"https:\/\/blog.zeit.de\/zeit-der-leser\/author\/zeit-der-leser-redaktion\/"}]}},"jetpack_featured_media_url":"","jetpack_sharing_enabled":true,"_links":{"self":[{"href":"https:\/\/blog.zeit.de\/zeit-der-leser\/wp-json\/wp\/v2\/posts\/4987","targetHints":{"allow":["GET"]}}],"collection":[{"href":"https:\/\/blog.zeit.de\/zeit-der-leser\/wp-json\/wp\/v2\/posts"}],"about":[{"href":"https:\/\/blog.zeit.de\/zeit-der-leser\/wp-json\/wp\/v2\/types\/post"}],"author":[{"embeddable":true,"href":"https:\/\/blog.zeit.de\/zeit-der-leser\/wp-json\/wp\/v2\/users\/265"}],"replies":[{"embeddable":true,"href":"https:\/\/blog.zeit.de\/zeit-der-leser\/wp-json\/wp\/v2\/comments?post=4987"}],"version-history":[{"count":5,"href":"https:\/\/blog.zeit.de\/zeit-der-leser\/wp-json\/wp\/v2\/posts\/4987\/revisions"}],"predecessor-version":[{"id":19894,"href":"https:\/\/blog.zeit.de\/zeit-der-leser\/wp-json\/wp\/v2\/posts\/4987\/revisions\/19894"}],"wp:attachment":[{"href":"https:\/\/blog.zeit.de\/zeit-der-leser\/wp-json\/wp\/v2\/media?parent=4987"}],"wp:term":[{"taxonomy":"category","embeddable":true,"href":"https:\/\/blog.zeit.de\/zeit-der-leser\/wp-json\/wp\/v2\/categories?post=4987"},{"taxonomy":"post_tag","embeddable":true,"href":"https:\/\/blog.zeit.de\/zeit-der-leser\/wp-json\/wp\/v2\/tags?post=4987"}],"curies":[{"name":"wp","href":"https:\/\/api.w.org\/{rel}","templated":true}]}}