{"id":5000,"date":"2011-04-15T09:18:43","date_gmt":"2011-04-15T07:18:43","guid":{"rendered":"http:\/\/blog.zeit.de\/zeit-der-leser\/?p=5000"},"modified":"2011-04-13T16:22:26","modified_gmt":"2011-04-13T14:22:26","slug":"eine-kleine-weltreise-13","status":"publish","type":"post","link":"https:\/\/blog.zeit.de\/zeit-der-leser\/2011\/04\/15\/eine-kleine-weltreise-13\/","title":{"rendered":"Eine kleine Weltreise"},"content":{"rendered":"<p><em>&#8230; aus traurigem Anlass\u00ab unternimmt Sabine Kr\u00f6ner, 55: Im vergangenen Jahr ist ihr Mann in den Freitod gegangen, jetzt will sie durch neue Eindr\u00fccke Abstand gewinnen. Von Buenos Aires aus ist sie per Schiff um die S\u00fcdspitze Amerikas in die S\u00fcdsee gefahren, \u00fcber Australien, Indonesien, Singapur, Malaysia, Myanmar, Indien, die arabische Halbinsel und durch den Sueskanal geht es weiter bis nach Venedig.<\/em><\/p>\n<p>Nun sollte ich so langsam auch mal etwas Positives \u00fcber diese Seereise schreiben! Nat\u00fcrlich k\u00f6nnte ich erz\u00e4hlen, wie perfekt die Reederei alles organisiert hat. Aber viel wichtiger sind die Dinge, die sich ein jeder selbst erarbeitet.<br \/>\nEine Einzelreisende wie ich n\u00e4mlich ist auf Gedeih und Verderb auf den Kontakt mit den Mitreisenden angewiesen. Sonst droht Einzelhaft in der Kabine. Die wunderbare Katharina sagt, wir seien die WG von Tisch eins. Dabei machen wir neun Menschen, die sich hier zusammengefunden haben, uns nur sehr selten fein, um im Restaurant zu speisen. Wir lungern lieber am Pooldeck rum, lesen, baden, tr\u00e4umen, reden, sch\u00e4kern mit den Stewards. Nat\u00fcrlich sind wir daf\u00fcr inzwischen schiffsbekannt. Die Kassenbons f\u00fcr jedes Getr\u00e4nk unterschreiben wir auch mal gegenseitig. Am Morgen sind wir die Ersten, die aus den Kabinen kommen. Eigentlich k\u00f6nnten wir auch Kaffee kochen, dann g\u00e4be es ihn schon fr\u00fcher. Zu sp\u00e4ter Nachtstunde schlie\u00dfen wir die Bar ab, nachdem wir den Steward ins Bett geschickt haben. Bei Ausfl\u00fcgen nehmen wir immer den letzten Bus, der ist n\u00e4mlich nicht so voll, und wir k\u00f6nnen l\u00e4nger schlafen. Nun ist diese Reise aber so konzipiert, dass es Passagiere gibt, die die \u00bbgro\u00dfe Weltreise\u00ab ab Akaba oder die \u00bbkleine Weltreise\u00ab ab Buenos Aires machen. Andere bleiben nur f\u00fcr eine oder mehrere Teilstrecken. In Singapur wird deshalb auch unsere WG schrumpfen, dann sind wir nur noch zu f\u00fcnft. Aber vielleicht bekommen wir ja wieder Zuwachs. Wir sind munter und aufgeschlossen, tolerieren kleinere Schw\u00e4chen, verleihen lebensnotwendige Utensilien und Geld, verschenken Waschpulver und Hosen, kennen die besten Witze und rauchen. Wer das aush\u00e4lt, sei uns herzlich willkommen.<\/p>\n<p><em>Sabine Kr\u00f6ner, zzt. 5\u00b0 31\u2019 S\u00fcd, 116\u00b0 43\u2019 Ost<\/em><\/p>\n","protected":false},"excerpt":{"rendered":"<p>&#8230; aus traurigem Anlass\u00ab unternimmt Sabine Kr\u00f6ner, 55: Im vergangenen Jahr ist ihr Mann in den Freitod gegangen, jetzt will sie durch neue Eindr\u00fccke Abstand gewinnen. Von Buenos Aires aus ist sie per Schiff um die S\u00fcdspitze Amerikas in die S\u00fcdsee gefahren, \u00fcber Australien, Indonesien, Singapur, Malaysia, Myanmar, Indien, die arabische Halbinsel und durch den [&hellip;]<\/p>\n","protected":false},"author":265,"featured_media":0,"comment_status":"open","ping_status":"open","sticky":false,"template":"","format":"standard","meta":{"_jetpack_memberships_contains_paid_content":false,"footnotes":""},"categories":[5685],"tags":[],"class_list":["post-5000","post","type-post","status-publish","format-standard","hentry","category-eine-kleine-weltreise"],"yoast_head":"<!-- This site is optimized with the Yoast SEO plugin v21.0 - https:\/\/yoast.com\/wordpress\/plugins\/seo\/ -->\n<title>Eine kleine Weltreise - ZEIT der Leser<\/title>\n<meta name=\"robots\" content=\"index, follow, max-snippet:-1, max-image-preview:large, max-video-preview:-1\" \/>\n<link rel=\"canonical\" href=\"https:\/\/blog.zeit.de\/zeit-der-leser\/2011\/04\/15\/eine-kleine-weltreise-13\/\" \/>\n<meta property=\"og:locale\" content=\"de_DE\" \/>\n<meta property=\"og:type\" content=\"article\" \/>\n<meta property=\"og:title\" content=\"Eine kleine Weltreise - ZEIT der Leser\" \/>\n<meta property=\"og:description\" content=\"&#8230; aus traurigem Anlass\u00ab unternimmt Sabine Kr\u00f6ner, 55: Im vergangenen Jahr ist ihr Mann in den Freitod gegangen, jetzt will sie durch neue Eindr\u00fccke Abstand gewinnen. Von Buenos Aires aus ist sie per Schiff um die S\u00fcdspitze Amerikas in die S\u00fcdsee gefahren, \u00fcber Australien, Indonesien, Singapur, Malaysia, Myanmar, Indien, die arabische Halbinsel und durch den [&hellip;]\" \/>\n<meta property=\"og:url\" content=\"https:\/\/blog.zeit.de\/zeit-der-leser\/2011\/04\/15\/eine-kleine-weltreise-13\/\" \/>\n<meta property=\"og:site_name\" content=\"ZEIT der Leser\" \/>\n<meta property=\"article:published_time\" content=\"2011-04-15T07:18:43+00:00\" \/>\n<meta property=\"article:modified_time\" content=\"2011-04-13T14:22:26+00:00\" \/>\n<meta name=\"author\" content=\"&quot;Zeit der Leser&quot;-Redaktion\" \/>\n<meta name=\"twitter:card\" content=\"summary_large_image\" \/>\n<meta name=\"twitter:label1\" content=\"Geschrieben von\" \/>\n\t<meta name=\"twitter:data1\" content=\"\"Zeit der Leser\"-Redaktion\" \/>\n\t<meta name=\"twitter:label2\" content=\"Gesch\u00e4tzte Lesezeit\" \/>\n\t<meta name=\"twitter:data2\" content=\"2\u00a0Minuten\" \/>\n<script type=\"application\/ld+json\" class=\"yoast-schema-graph\">{\"@context\":\"https:\/\/schema.org\",\"@graph\":[{\"@type\":\"WebPage\",\"@id\":\"https:\/\/blog.zeit.de\/zeit-der-leser\/2011\/04\/15\/eine-kleine-weltreise-13\/\",\"url\":\"https:\/\/blog.zeit.de\/zeit-der-leser\/2011\/04\/15\/eine-kleine-weltreise-13\/\",\"name\":\"Eine kleine Weltreise - ZEIT der Leser\",\"isPartOf\":{\"@id\":\"https:\/\/blog.zeit.de\/zeit-der-leser\/#website\"},\"datePublished\":\"2011-04-15T07:18:43+00:00\",\"dateModified\":\"2011-04-13T14:22:26+00:00\",\"author\":{\"@id\":\"https:\/\/blog.zeit.de\/zeit-der-leser\/#\/schema\/person\/583b14e5ad6368c23af846ecbde9f20f\"},\"breadcrumb\":{\"@id\":\"https:\/\/blog.zeit.de\/zeit-der-leser\/2011\/04\/15\/eine-kleine-weltreise-13\/#breadcrumb\"},\"inLanguage\":\"de\",\"potentialAction\":[{\"@type\":\"ReadAction\",\"target\":[\"https:\/\/blog.zeit.de\/zeit-der-leser\/2011\/04\/15\/eine-kleine-weltreise-13\/\"]}]},{\"@type\":\"BreadcrumbList\",\"@id\":\"https:\/\/blog.zeit.de\/zeit-der-leser\/2011\/04\/15\/eine-kleine-weltreise-13\/#breadcrumb\",\"itemListElement\":[{\"@type\":\"ListItem\",\"position\":1,\"name\":\"Startseite\",\"item\":\"https:\/\/blog.zeit.de\/zeit-der-leser\/\"},{\"@type\":\"ListItem\",\"position\":2,\"name\":\"Eine kleine Weltreise\"}]},{\"@type\":\"WebSite\",\"@id\":\"https:\/\/blog.zeit.de\/zeit-der-leser\/#website\",\"url\":\"https:\/\/blog.zeit.de\/zeit-der-leser\/\",\"name\":\"ZEIT der Leser\",\"description\":\"Ein Blog mit Ihren Notizen, Gedichten und Bildern f\u00fcr die gedruckte ZEIT\",\"potentialAction\":[{\"@type\":\"SearchAction\",\"target\":{\"@type\":\"EntryPoint\",\"urlTemplate\":\"https:\/\/blog.zeit.de\/zeit-der-leser\/?s={search_term_string}\"},\"query-input\":\"required name=search_term_string\"}],\"inLanguage\":\"de\"},{\"@type\":\"Person\",\"@id\":\"https:\/\/blog.zeit.de\/zeit-der-leser\/#\/schema\/person\/583b14e5ad6368c23af846ecbde9f20f\",\"name\":\"\\\"Zeit der Leser\\\"-Redaktion\",\"image\":{\"@type\":\"ImageObject\",\"inLanguage\":\"de\",\"@id\":\"https:\/\/blog.zeit.de\/zeit-der-leser\/#\/schema\/person\/image\/\",\"url\":\"https:\/\/secure.gravatar.com\/avatar\/e801a681bd3bbf2345131a815930b48d9f8e0a94de1346b624840dc850f67ad0?s=96&d=mm&r=g\",\"contentUrl\":\"https:\/\/secure.gravatar.com\/avatar\/e801a681bd3bbf2345131a815930b48d9f8e0a94de1346b624840dc850f67ad0?s=96&d=mm&r=g\",\"caption\":\"\\\"Zeit der Leser\\\"-Redaktion\"},\"url\":\"https:\/\/blog.zeit.de\/zeit-der-leser\/author\/zeit-der-leser-redaktion\/\"}]}<\/script>\n<!-- \/ Yoast SEO plugin. -->","yoast_head_json":{"title":"Eine kleine Weltreise - ZEIT der Leser","robots":{"index":"index","follow":"follow","max-snippet":"max-snippet:-1","max-image-preview":"max-image-preview:large","max-video-preview":"max-video-preview:-1"},"canonical":"https:\/\/blog.zeit.de\/zeit-der-leser\/2011\/04\/15\/eine-kleine-weltreise-13\/","og_locale":"de_DE","og_type":"article","og_title":"Eine kleine Weltreise - ZEIT der Leser","og_description":"&#8230; aus traurigem Anlass\u00ab unternimmt Sabine Kr\u00f6ner, 55: Im vergangenen Jahr ist ihr Mann in den Freitod gegangen, jetzt will sie durch neue Eindr\u00fccke Abstand gewinnen. Von Buenos Aires aus ist sie per Schiff um die S\u00fcdspitze Amerikas in die S\u00fcdsee gefahren, \u00fcber Australien, Indonesien, Singapur, Malaysia, Myanmar, Indien, die arabische Halbinsel und durch den [&hellip;]","og_url":"https:\/\/blog.zeit.de\/zeit-der-leser\/2011\/04\/15\/eine-kleine-weltreise-13\/","og_site_name":"ZEIT der Leser","article_published_time":"2011-04-15T07:18:43+00:00","article_modified_time":"2011-04-13T14:22:26+00:00","author":"\"Zeit der Leser\"-Redaktion","twitter_card":"summary_large_image","twitter_misc":{"Geschrieben von":"\"Zeit der Leser\"-Redaktion","Gesch\u00e4tzte Lesezeit":"2\u00a0Minuten"},"schema":{"@context":"https:\/\/schema.org","@graph":[{"@type":"WebPage","@id":"https:\/\/blog.zeit.de\/zeit-der-leser\/2011\/04\/15\/eine-kleine-weltreise-13\/","url":"https:\/\/blog.zeit.de\/zeit-der-leser\/2011\/04\/15\/eine-kleine-weltreise-13\/","name":"Eine kleine Weltreise - ZEIT der Leser","isPartOf":{"@id":"https:\/\/blog.zeit.de\/zeit-der-leser\/#website"},"datePublished":"2011-04-15T07:18:43+00:00","dateModified":"2011-04-13T14:22:26+00:00","author":{"@id":"https:\/\/blog.zeit.de\/zeit-der-leser\/#\/schema\/person\/583b14e5ad6368c23af846ecbde9f20f"},"breadcrumb":{"@id":"https:\/\/blog.zeit.de\/zeit-der-leser\/2011\/04\/15\/eine-kleine-weltreise-13\/#breadcrumb"},"inLanguage":"de","potentialAction":[{"@type":"ReadAction","target":["https:\/\/blog.zeit.de\/zeit-der-leser\/2011\/04\/15\/eine-kleine-weltreise-13\/"]}]},{"@type":"BreadcrumbList","@id":"https:\/\/blog.zeit.de\/zeit-der-leser\/2011\/04\/15\/eine-kleine-weltreise-13\/#breadcrumb","itemListElement":[{"@type":"ListItem","position":1,"name":"Startseite","item":"https:\/\/blog.zeit.de\/zeit-der-leser\/"},{"@type":"ListItem","position":2,"name":"Eine kleine Weltreise"}]},{"@type":"WebSite","@id":"https:\/\/blog.zeit.de\/zeit-der-leser\/#website","url":"https:\/\/blog.zeit.de\/zeit-der-leser\/","name":"ZEIT der Leser","description":"Ein Blog mit Ihren Notizen, Gedichten und Bildern f\u00fcr die gedruckte ZEIT","potentialAction":[{"@type":"SearchAction","target":{"@type":"EntryPoint","urlTemplate":"https:\/\/blog.zeit.de\/zeit-der-leser\/?s={search_term_string}"},"query-input":"required name=search_term_string"}],"inLanguage":"de"},{"@type":"Person","@id":"https:\/\/blog.zeit.de\/zeit-der-leser\/#\/schema\/person\/583b14e5ad6368c23af846ecbde9f20f","name":"\"Zeit der Leser\"-Redaktion","image":{"@type":"ImageObject","inLanguage":"de","@id":"https:\/\/blog.zeit.de\/zeit-der-leser\/#\/schema\/person\/image\/","url":"https:\/\/secure.gravatar.com\/avatar\/e801a681bd3bbf2345131a815930b48d9f8e0a94de1346b624840dc850f67ad0?s=96&d=mm&r=g","contentUrl":"https:\/\/secure.gravatar.com\/avatar\/e801a681bd3bbf2345131a815930b48d9f8e0a94de1346b624840dc850f67ad0?s=96&d=mm&r=g","caption":"\"Zeit der Leser\"-Redaktion"},"url":"https:\/\/blog.zeit.de\/zeit-der-leser\/author\/zeit-der-leser-redaktion\/"}]}},"jetpack_featured_media_url":"","jetpack_sharing_enabled":true,"_links":{"self":[{"href":"https:\/\/blog.zeit.de\/zeit-der-leser\/wp-json\/wp\/v2\/posts\/5000","targetHints":{"allow":["GET"]}}],"collection":[{"href":"https:\/\/blog.zeit.de\/zeit-der-leser\/wp-json\/wp\/v2\/posts"}],"about":[{"href":"https:\/\/blog.zeit.de\/zeit-der-leser\/wp-json\/wp\/v2\/types\/post"}],"author":[{"embeddable":true,"href":"https:\/\/blog.zeit.de\/zeit-der-leser\/wp-json\/wp\/v2\/users\/265"}],"replies":[{"embeddable":true,"href":"https:\/\/blog.zeit.de\/zeit-der-leser\/wp-json\/wp\/v2\/comments?post=5000"}],"version-history":[{"count":6,"href":"https:\/\/blog.zeit.de\/zeit-der-leser\/wp-json\/wp\/v2\/posts\/5000\/revisions"}],"predecessor-version":[{"id":5003,"href":"https:\/\/blog.zeit.de\/zeit-der-leser\/wp-json\/wp\/v2\/posts\/5000\/revisions\/5003"}],"wp:attachment":[{"href":"https:\/\/blog.zeit.de\/zeit-der-leser\/wp-json\/wp\/v2\/media?parent=5000"}],"wp:term":[{"taxonomy":"category","embeddable":true,"href":"https:\/\/blog.zeit.de\/zeit-der-leser\/wp-json\/wp\/v2\/categories?post=5000"},{"taxonomy":"post_tag","embeddable":true,"href":"https:\/\/blog.zeit.de\/zeit-der-leser\/wp-json\/wp\/v2\/tags?post=5000"}],"curies":[{"name":"wp","href":"https:\/\/api.w.org\/{rel}","templated":true}]}}