{"id":5040,"date":"2011-04-17T10:00:42","date_gmt":"2011-04-17T08:00:42","guid":{"rendered":"http:\/\/blog.zeit.de\/zeit-der-leser\/?p=5040"},"modified":"2011-04-13T16:47:55","modified_gmt":"2011-04-13T14:47:55","slug":"kritzelei-der-woche-6","status":"publish","type":"post","link":"https:\/\/blog.zeit.de\/zeit-der-leser\/2011\/04\/17\/kritzelei-der-woche-6\/","title":{"rendered":"Kritzelei der Woche"},"content":{"rendered":"<div class=\"mceTemp mceIEcenter\">\n<dl id=\"attachment_5041\" class=\"wp-caption aligncenter\" style=\"width: 550px;\">\n<dt class=\"wp-caption-dt\"><a href=\"https:\/\/blog.zeit.de\/zeit-der-leser\/files\/2011\/04\/spanisch_kritzelei.jpg\"><img loading=\"lazy\" decoding=\"async\" class=\"size-full wp-image-5041\" title=\"spanisch_kritzelei\" src=\"https:\/\/blog.zeit.de\/zeit-der-leser\/files\/2011\/04\/spanisch_kritzelei.jpg\" alt=\"\" width=\"540\" height=\"481\" srcset=\"https:\/\/blog.zeit.de\/zeit-der-leser\/files\/2011\/04\/spanisch_kritzelei.jpg 540w, https:\/\/blog.zeit.de\/zeit-der-leser\/files\/2011\/04\/spanisch_kritzelei-300x267.jpg 300w\" sizes=\"auto, (max-width: 540px) 100vw, 540px\" \/><\/a><\/dt>\n<\/dl>\n<\/div>\n<p>Sue\u00f1o ist das spanische Wort f\u00fcr \u00bbTraum\u00ab. Und w\u00e4hrend eines Tagtraums, mitten in einer Spanischstunde, ist diese Kritzelei entstanden. Thema des Unterrichts waren lateinamerikanische Kurzgeschichten und der magische Realismus, der ihnen stilistisch eigen ist. Eigentlich interessiert mich Spanisch, und f\u00fcr gew\u00f6hnlich schreibe und male ich nur so vor mich hin und h\u00f6re zu dabei. Aber diesmal versank ich in meine Gedanken. Als mich mein Sitznachbar vorsichtig antippte, lag dieses Bild vor mir.<\/p>\n<p><em>Max Poschmann, Bielefeld<\/em><\/p>\n","protected":false},"excerpt":{"rendered":"<p>Sue\u00f1o ist das spanische Wort f\u00fcr \u00bbTraum\u00ab. Und w\u00e4hrend eines Tagtraums, mitten in einer Spanischstunde, ist diese Kritzelei entstanden. Thema des Unterrichts waren lateinamerikanische Kurzgeschichten und der magische Realismus, der ihnen stilistisch eigen ist. Eigentlich interessiert mich Spanisch, und f\u00fcr gew\u00f6hnlich schreibe und male ich nur so vor mich hin und h\u00f6re zu dabei. Aber [&hellip;]<\/p>\n","protected":false},"author":265,"featured_media":0,"comment_status":"open","ping_status":"open","sticky":false,"template":"","format":"standard","meta":{"_jetpack_memberships_contains_paid_content":false,"footnotes":""},"categories":[1874],"tags":[],"class_list":["post-5040","post","type-post","status-publish","format-standard","hentry","category-kritzelei-der-woche"],"yoast_head":"<!-- This site is optimized with the Yoast SEO plugin v21.0 - https:\/\/yoast.com\/wordpress\/plugins\/seo\/ -->\n<title>Kritzelei der Woche - ZEIT der Leser<\/title>\n<meta name=\"robots\" content=\"index, follow, max-snippet:-1, max-image-preview:large, max-video-preview:-1\" \/>\n<link rel=\"canonical\" href=\"https:\/\/blog.zeit.de\/zeit-der-leser\/2011\/04\/17\/kritzelei-der-woche-6\/\" \/>\n<meta property=\"og:locale\" content=\"de_DE\" \/>\n<meta property=\"og:type\" content=\"article\" \/>\n<meta property=\"og:title\" content=\"Kritzelei der Woche - ZEIT der Leser\" \/>\n<meta property=\"og:description\" content=\"Sue\u00f1o ist das spanische Wort f\u00fcr \u00bbTraum\u00ab. Und w\u00e4hrend eines Tagtraums, mitten in einer Spanischstunde, ist diese Kritzelei entstanden. Thema des Unterrichts waren lateinamerikanische Kurzgeschichten und der magische Realismus, der ihnen stilistisch eigen ist. Eigentlich interessiert mich Spanisch, und f\u00fcr gew\u00f6hnlich schreibe und male ich nur so vor mich hin und h\u00f6re zu dabei. Aber [&hellip;]\" \/>\n<meta property=\"og:url\" content=\"https:\/\/blog.zeit.de\/zeit-der-leser\/2011\/04\/17\/kritzelei-der-woche-6\/\" \/>\n<meta property=\"og:site_name\" content=\"ZEIT der Leser\" \/>\n<meta property=\"article:published_time\" content=\"2011-04-17T08:00:42+00:00\" \/>\n<meta property=\"article:modified_time\" content=\"2011-04-13T14:47:55+00:00\" \/>\n<meta property=\"og:image\" content=\"https:\/\/blog.zeit.de\/zeit-der-leser\/files\/2011\/04\/spanisch_kritzelei.jpg\" \/>\n<meta name=\"author\" content=\"&quot;Zeit der Leser&quot;-Redaktion\" \/>\n<meta name=\"twitter:card\" content=\"summary_large_image\" \/>\n<meta name=\"twitter:label1\" content=\"Geschrieben von\" \/>\n\t<meta name=\"twitter:data1\" content=\"\"Zeit der Leser\"-Redaktion\" \/>\n<script type=\"application\/ld+json\" class=\"yoast-schema-graph\">{\"@context\":\"https:\/\/schema.org\",\"@graph\":[{\"@type\":\"WebPage\",\"@id\":\"https:\/\/blog.zeit.de\/zeit-der-leser\/2011\/04\/17\/kritzelei-der-woche-6\/\",\"url\":\"https:\/\/blog.zeit.de\/zeit-der-leser\/2011\/04\/17\/kritzelei-der-woche-6\/\",\"name\":\"Kritzelei der Woche - ZEIT der Leser\",\"isPartOf\":{\"@id\":\"https:\/\/blog.zeit.de\/zeit-der-leser\/#website\"},\"datePublished\":\"2011-04-17T08:00:42+00:00\",\"dateModified\":\"2011-04-13T14:47:55+00:00\",\"author\":{\"@id\":\"https:\/\/blog.zeit.de\/zeit-der-leser\/#\/schema\/person\/583b14e5ad6368c23af846ecbde9f20f\"},\"breadcrumb\":{\"@id\":\"https:\/\/blog.zeit.de\/zeit-der-leser\/2011\/04\/17\/kritzelei-der-woche-6\/#breadcrumb\"},\"inLanguage\":\"de\",\"potentialAction\":[{\"@type\":\"ReadAction\",\"target\":[\"https:\/\/blog.zeit.de\/zeit-der-leser\/2011\/04\/17\/kritzelei-der-woche-6\/\"]}]},{\"@type\":\"BreadcrumbList\",\"@id\":\"https:\/\/blog.zeit.de\/zeit-der-leser\/2011\/04\/17\/kritzelei-der-woche-6\/#breadcrumb\",\"itemListElement\":[{\"@type\":\"ListItem\",\"position\":1,\"name\":\"Startseite\",\"item\":\"https:\/\/blog.zeit.de\/zeit-der-leser\/\"},{\"@type\":\"ListItem\",\"position\":2,\"name\":\"Kritzelei der Woche\"}]},{\"@type\":\"WebSite\",\"@id\":\"https:\/\/blog.zeit.de\/zeit-der-leser\/#website\",\"url\":\"https:\/\/blog.zeit.de\/zeit-der-leser\/\",\"name\":\"ZEIT der Leser\",\"description\":\"Ein Blog mit Ihren Notizen, Gedichten und Bildern f\u00fcr die gedruckte ZEIT\",\"potentialAction\":[{\"@type\":\"SearchAction\",\"target\":{\"@type\":\"EntryPoint\",\"urlTemplate\":\"https:\/\/blog.zeit.de\/zeit-der-leser\/?s={search_term_string}\"},\"query-input\":\"required name=search_term_string\"}],\"inLanguage\":\"de\"},{\"@type\":\"Person\",\"@id\":\"https:\/\/blog.zeit.de\/zeit-der-leser\/#\/schema\/person\/583b14e5ad6368c23af846ecbde9f20f\",\"name\":\"\\\"Zeit der Leser\\\"-Redaktion\",\"image\":{\"@type\":\"ImageObject\",\"inLanguage\":\"de\",\"@id\":\"https:\/\/blog.zeit.de\/zeit-der-leser\/#\/schema\/person\/image\/\",\"url\":\"https:\/\/secure.gravatar.com\/avatar\/e801a681bd3bbf2345131a815930b48d9f8e0a94de1346b624840dc850f67ad0?s=96&d=mm&r=g\",\"contentUrl\":\"https:\/\/secure.gravatar.com\/avatar\/e801a681bd3bbf2345131a815930b48d9f8e0a94de1346b624840dc850f67ad0?s=96&d=mm&r=g\",\"caption\":\"\\\"Zeit der Leser\\\"-Redaktion\"},\"url\":\"https:\/\/blog.zeit.de\/zeit-der-leser\/author\/zeit-der-leser-redaktion\/\"}]}<\/script>\n<!-- \/ Yoast SEO plugin. -->","yoast_head_json":{"title":"Kritzelei der Woche - ZEIT der Leser","robots":{"index":"index","follow":"follow","max-snippet":"max-snippet:-1","max-image-preview":"max-image-preview:large","max-video-preview":"max-video-preview:-1"},"canonical":"https:\/\/blog.zeit.de\/zeit-der-leser\/2011\/04\/17\/kritzelei-der-woche-6\/","og_locale":"de_DE","og_type":"article","og_title":"Kritzelei der Woche - ZEIT der Leser","og_description":"Sue\u00f1o ist das spanische Wort f\u00fcr \u00bbTraum\u00ab. Und w\u00e4hrend eines Tagtraums, mitten in einer Spanischstunde, ist diese Kritzelei entstanden. Thema des Unterrichts waren lateinamerikanische Kurzgeschichten und der magische Realismus, der ihnen stilistisch eigen ist. Eigentlich interessiert mich Spanisch, und f\u00fcr gew\u00f6hnlich schreibe und male ich nur so vor mich hin und h\u00f6re zu dabei. Aber [&hellip;]","og_url":"https:\/\/blog.zeit.de\/zeit-der-leser\/2011\/04\/17\/kritzelei-der-woche-6\/","og_site_name":"ZEIT der Leser","article_published_time":"2011-04-17T08:00:42+00:00","article_modified_time":"2011-04-13T14:47:55+00:00","og_image":[{"url":"https:\/\/blog.zeit.de\/zeit-der-leser\/files\/2011\/04\/spanisch_kritzelei.jpg"}],"author":"\"Zeit der Leser\"-Redaktion","twitter_card":"summary_large_image","twitter_misc":{"Geschrieben von":"\"Zeit der Leser\"-Redaktion"},"schema":{"@context":"https:\/\/schema.org","@graph":[{"@type":"WebPage","@id":"https:\/\/blog.zeit.de\/zeit-der-leser\/2011\/04\/17\/kritzelei-der-woche-6\/","url":"https:\/\/blog.zeit.de\/zeit-der-leser\/2011\/04\/17\/kritzelei-der-woche-6\/","name":"Kritzelei der Woche - ZEIT der Leser","isPartOf":{"@id":"https:\/\/blog.zeit.de\/zeit-der-leser\/#website"},"datePublished":"2011-04-17T08:00:42+00:00","dateModified":"2011-04-13T14:47:55+00:00","author":{"@id":"https:\/\/blog.zeit.de\/zeit-der-leser\/#\/schema\/person\/583b14e5ad6368c23af846ecbde9f20f"},"breadcrumb":{"@id":"https:\/\/blog.zeit.de\/zeit-der-leser\/2011\/04\/17\/kritzelei-der-woche-6\/#breadcrumb"},"inLanguage":"de","potentialAction":[{"@type":"ReadAction","target":["https:\/\/blog.zeit.de\/zeit-der-leser\/2011\/04\/17\/kritzelei-der-woche-6\/"]}]},{"@type":"BreadcrumbList","@id":"https:\/\/blog.zeit.de\/zeit-der-leser\/2011\/04\/17\/kritzelei-der-woche-6\/#breadcrumb","itemListElement":[{"@type":"ListItem","position":1,"name":"Startseite","item":"https:\/\/blog.zeit.de\/zeit-der-leser\/"},{"@type":"ListItem","position":2,"name":"Kritzelei der Woche"}]},{"@type":"WebSite","@id":"https:\/\/blog.zeit.de\/zeit-der-leser\/#website","url":"https:\/\/blog.zeit.de\/zeit-der-leser\/","name":"ZEIT der Leser","description":"Ein Blog mit Ihren Notizen, Gedichten und Bildern f\u00fcr die gedruckte ZEIT","potentialAction":[{"@type":"SearchAction","target":{"@type":"EntryPoint","urlTemplate":"https:\/\/blog.zeit.de\/zeit-der-leser\/?s={search_term_string}"},"query-input":"required name=search_term_string"}],"inLanguage":"de"},{"@type":"Person","@id":"https:\/\/blog.zeit.de\/zeit-der-leser\/#\/schema\/person\/583b14e5ad6368c23af846ecbde9f20f","name":"\"Zeit der Leser\"-Redaktion","image":{"@type":"ImageObject","inLanguage":"de","@id":"https:\/\/blog.zeit.de\/zeit-der-leser\/#\/schema\/person\/image\/","url":"https:\/\/secure.gravatar.com\/avatar\/e801a681bd3bbf2345131a815930b48d9f8e0a94de1346b624840dc850f67ad0?s=96&d=mm&r=g","contentUrl":"https:\/\/secure.gravatar.com\/avatar\/e801a681bd3bbf2345131a815930b48d9f8e0a94de1346b624840dc850f67ad0?s=96&d=mm&r=g","caption":"\"Zeit der Leser\"-Redaktion"},"url":"https:\/\/blog.zeit.de\/zeit-der-leser\/author\/zeit-der-leser-redaktion\/"}]}},"jetpack_featured_media_url":"","jetpack_sharing_enabled":true,"_links":{"self":[{"href":"https:\/\/blog.zeit.de\/zeit-der-leser\/wp-json\/wp\/v2\/posts\/5040","targetHints":{"allow":["GET"]}}],"collection":[{"href":"https:\/\/blog.zeit.de\/zeit-der-leser\/wp-json\/wp\/v2\/posts"}],"about":[{"href":"https:\/\/blog.zeit.de\/zeit-der-leser\/wp-json\/wp\/v2\/types\/post"}],"author":[{"embeddable":true,"href":"https:\/\/blog.zeit.de\/zeit-der-leser\/wp-json\/wp\/v2\/users\/265"}],"replies":[{"embeddable":true,"href":"https:\/\/blog.zeit.de\/zeit-der-leser\/wp-json\/wp\/v2\/comments?post=5040"}],"version-history":[{"count":2,"href":"https:\/\/blog.zeit.de\/zeit-der-leser\/wp-json\/wp\/v2\/posts\/5040\/revisions"}],"predecessor-version":[{"id":5043,"href":"https:\/\/blog.zeit.de\/zeit-der-leser\/wp-json\/wp\/v2\/posts\/5040\/revisions\/5043"}],"wp:attachment":[{"href":"https:\/\/blog.zeit.de\/zeit-der-leser\/wp-json\/wp\/v2\/media?parent=5040"}],"wp:term":[{"taxonomy":"category","embeddable":true,"href":"https:\/\/blog.zeit.de\/zeit-der-leser\/wp-json\/wp\/v2\/categories?post=5040"},{"taxonomy":"post_tag","embeddable":true,"href":"https:\/\/blog.zeit.de\/zeit-der-leser\/wp-json\/wp\/v2\/tags?post=5040"}],"curies":[{"name":"wp","href":"https:\/\/api.w.org\/{rel}","templated":true}]}}