{"id":5057,"date":"2011-04-19T18:00:59","date_gmt":"2011-04-19T16:00:59","guid":{"rendered":"http:\/\/blog.zeit.de\/zeit-der-leser\/?p=5057"},"modified":"2011-04-13T17:13:16","modified_gmt":"2011-04-13T15:13:16","slug":"zeitsprung-9","status":"publish","type":"post","link":"https:\/\/blog.zeit.de\/zeit-der-leser\/2011\/04\/19\/zeitsprung-9\/","title":{"rendered":"Zeitsprung"},"content":{"rendered":"<p style=\"text-align: center;\"><a href=\"https:\/\/blog.zeit.de\/zeit-der-leser\/files\/2011\/04\/bude_zeitsprung-21.jpg\"><img loading=\"lazy\" decoding=\"async\" class=\"aligncenter size-full wp-image-5066\" title=\"untitled\" src=\"https:\/\/blog.zeit.de\/zeit-der-leser\/files\/2011\/04\/bude_zeitsprung-21.jpg\" alt=\"um 1982\" width=\"200\" height=\"314\" srcset=\"https:\/\/blog.zeit.de\/zeit-der-leser\/files\/2011\/04\/bude_zeitsprung-21.jpg 200w, https:\/\/blog.zeit.de\/zeit-der-leser\/files\/2011\/04\/bude_zeitsprung-21-191x300.jpg 191w\" sizes=\"auto, (max-width: 200px) 100vw, 200px\" \/><\/a><\/p>\n<p>Im Sommer 1979, als wir etwa zehn Jahre alt waren, begannen drei Freunde und ich in Heiligendorf bei Wolfsburg eine Bude zu bauen, die im Laufe der Jahre zu einem kleinen Fort wuchs, mit Schlafraum, K\u00fcche, Innenhof und sp\u00e4ter sogar einem H\u00fchnerstall. Wir waren die \u00bbDorfbande\u00ab und verbrachten viel Zeit in unserer Bude mit Lagerfeuer, \u00dcbernachten, und diversen Abenteuern. Es war ein Paradies f\u00fcr uns Jungen und \u00fcber viele Jahre unser \u00bbLebensinhalt\u00ab. Als wir aus dem Alter herausgewachsen waren, begann die Bude langsam zu verfallen. Im Sommer 1992 beschlossen wir, ein gro\u00dfes Begr\u00e4bnisfest zu feiern und z\u00fcndeten die Reste der Bude an. Als Andenken an \u00bbDie Bude\u00ab setzten wir ihr einen Gedenkstein mit unseren vier Namen. Im Mai 2009 trafen wir vier uns wieder und gedachten unserer Bude.<\/p>\n<p><em>Klaus-Eginhard Rauhaus, D\u00f6rentrup<\/em><\/p>\n<p style=\"text-align: center;\"><em><a href=\"https:\/\/blog.zeit.de\/zeit-der-leser\/files\/2011\/04\/familie-zeitsprung-12.jpg\"><img loading=\"lazy\" decoding=\"async\" class=\"aligncenter size-full wp-image-5067\" title=\"untitled\" src=\"https:\/\/blog.zeit.de\/zeit-der-leser\/files\/2011\/04\/familie-zeitsprung-12.jpg\" alt=\"2009\" width=\"250\" height=\"247\" \/><\/a><br \/>\n<\/em><\/p>\n<p><em> <\/em><a href=\"https:\/\/blog.zeit.de\/zeit-der-leser\/files\/2011\/04\/familie-zeitsprung-11.jpg\"><br \/>\n<\/a><\/p>\n","protected":false},"excerpt":{"rendered":"<p>Im Sommer 1979, als wir etwa zehn Jahre alt waren, begannen drei Freunde und ich in Heiligendorf bei Wolfsburg eine Bude zu bauen, die im Laufe der Jahre zu einem kleinen Fort wuchs, mit Schlafraum, K\u00fcche, Innenhof und sp\u00e4ter sogar einem H\u00fchnerstall. Wir waren die \u00bbDorfbande\u00ab und verbrachten viel Zeit in unserer Bude mit Lagerfeuer, [&hellip;]<\/p>\n","protected":false},"author":323,"featured_media":0,"comment_status":"open","ping_status":"open","sticky":false,"template":"","format":"standard","meta":{"_jetpack_memberships_contains_paid_content":false,"footnotes":""},"categories":[1878],"tags":[],"class_list":["post-5057","post","type-post","status-publish","format-standard","hentry","category-zeitsprung"],"yoast_head":"<!-- This site is optimized with the Yoast SEO plugin v21.0 - https:\/\/yoast.com\/wordpress\/plugins\/seo\/ -->\n<title>Zeitsprung - ZEIT der Leser<\/title>\n<meta name=\"robots\" content=\"index, follow, max-snippet:-1, max-image-preview:large, max-video-preview:-1\" \/>\n<link rel=\"canonical\" href=\"https:\/\/blog.zeit.de\/zeit-der-leser\/2011\/04\/19\/zeitsprung-9\/\" \/>\n<meta property=\"og:locale\" content=\"de_DE\" \/>\n<meta property=\"og:type\" content=\"article\" \/>\n<meta property=\"og:title\" content=\"Zeitsprung - ZEIT der Leser\" \/>\n<meta property=\"og:description\" content=\"Im Sommer 1979, als wir etwa zehn Jahre alt waren, begannen drei Freunde und ich in Heiligendorf bei Wolfsburg eine Bude zu bauen, die im Laufe der Jahre zu einem kleinen Fort wuchs, mit Schlafraum, K\u00fcche, Innenhof und sp\u00e4ter sogar einem H\u00fchnerstall. Wir waren die \u00bbDorfbande\u00ab und verbrachten viel Zeit in unserer Bude mit Lagerfeuer, [&hellip;]\" \/>\n<meta property=\"og:url\" content=\"https:\/\/blog.zeit.de\/zeit-der-leser\/2011\/04\/19\/zeitsprung-9\/\" \/>\n<meta property=\"og:site_name\" content=\"ZEIT der Leser\" \/>\n<meta property=\"article:published_time\" content=\"2011-04-19T16:00:59+00:00\" \/>\n<meta property=\"article:modified_time\" content=\"2011-04-13T15:13:16+00:00\" \/>\n<meta property=\"og:image\" content=\"https:\/\/blog.zeit.de\/zeit-der-leser\/files\/2011\/04\/bude_zeitsprung-21.jpg\" \/>\n<meta name=\"author\" content=\"Franziska Kelch\" \/>\n<meta name=\"twitter:card\" content=\"summary_large_image\" \/>\n<meta name=\"twitter:label1\" content=\"Geschrieben von\" \/>\n\t<meta name=\"twitter:data1\" content=\"Franziska Kelch\" \/>\n\t<meta name=\"twitter:label2\" content=\"Gesch\u00e4tzte Lesezeit\" \/>\n\t<meta name=\"twitter:data2\" content=\"1\u00a0Minute\" \/>\n<script type=\"application\/ld+json\" class=\"yoast-schema-graph\">{\"@context\":\"https:\/\/schema.org\",\"@graph\":[{\"@type\":\"WebPage\",\"@id\":\"https:\/\/blog.zeit.de\/zeit-der-leser\/2011\/04\/19\/zeitsprung-9\/\",\"url\":\"https:\/\/blog.zeit.de\/zeit-der-leser\/2011\/04\/19\/zeitsprung-9\/\",\"name\":\"Zeitsprung - ZEIT der Leser\",\"isPartOf\":{\"@id\":\"https:\/\/blog.zeit.de\/zeit-der-leser\/#website\"},\"datePublished\":\"2011-04-19T16:00:59+00:00\",\"dateModified\":\"2011-04-13T15:13:16+00:00\",\"author\":{\"@id\":\"https:\/\/blog.zeit.de\/zeit-der-leser\/#\/schema\/person\/eaa3c3ed8f838c4aafcd25e9710fcc68\"},\"breadcrumb\":{\"@id\":\"https:\/\/blog.zeit.de\/zeit-der-leser\/2011\/04\/19\/zeitsprung-9\/#breadcrumb\"},\"inLanguage\":\"de\",\"potentialAction\":[{\"@type\":\"ReadAction\",\"target\":[\"https:\/\/blog.zeit.de\/zeit-der-leser\/2011\/04\/19\/zeitsprung-9\/\"]}]},{\"@type\":\"BreadcrumbList\",\"@id\":\"https:\/\/blog.zeit.de\/zeit-der-leser\/2011\/04\/19\/zeitsprung-9\/#breadcrumb\",\"itemListElement\":[{\"@type\":\"ListItem\",\"position\":1,\"name\":\"Startseite\",\"item\":\"https:\/\/blog.zeit.de\/zeit-der-leser\/\"},{\"@type\":\"ListItem\",\"position\":2,\"name\":\"Zeitsprung\"}]},{\"@type\":\"WebSite\",\"@id\":\"https:\/\/blog.zeit.de\/zeit-der-leser\/#website\",\"url\":\"https:\/\/blog.zeit.de\/zeit-der-leser\/\",\"name\":\"ZEIT der Leser\",\"description\":\"Ein Blog mit Ihren Notizen, Gedichten und Bildern f\u00fcr die gedruckte ZEIT\",\"potentialAction\":[{\"@type\":\"SearchAction\",\"target\":{\"@type\":\"EntryPoint\",\"urlTemplate\":\"https:\/\/blog.zeit.de\/zeit-der-leser\/?s={search_term_string}\"},\"query-input\":\"required name=search_term_string\"}],\"inLanguage\":\"de\"},{\"@type\":\"Person\",\"@id\":\"https:\/\/blog.zeit.de\/zeit-der-leser\/#\/schema\/person\/eaa3c3ed8f838c4aafcd25e9710fcc68\",\"name\":\"Franziska Kelch\",\"image\":{\"@type\":\"ImageObject\",\"inLanguage\":\"de\",\"@id\":\"https:\/\/blog.zeit.de\/zeit-der-leser\/#\/schema\/person\/image\/\",\"url\":\"https:\/\/secure.gravatar.com\/avatar\/d7ae2b2bfc4c5c08ed3435dc2ecf53fcb6d4234c0aa486b8b64ce6549a61a378?s=96&d=mm&r=g\",\"contentUrl\":\"https:\/\/secure.gravatar.com\/avatar\/d7ae2b2bfc4c5c08ed3435dc2ecf53fcb6d4234c0aa486b8b64ce6549a61a378?s=96&d=mm&r=g\",\"caption\":\"Franziska Kelch\"},\"url\":\"https:\/\/blog.zeit.de\/zeit-der-leser\/author\/franziska-kelch\/\"}]}<\/script>\n<!-- \/ Yoast SEO plugin. -->","yoast_head_json":{"title":"Zeitsprung - ZEIT der Leser","robots":{"index":"index","follow":"follow","max-snippet":"max-snippet:-1","max-image-preview":"max-image-preview:large","max-video-preview":"max-video-preview:-1"},"canonical":"https:\/\/blog.zeit.de\/zeit-der-leser\/2011\/04\/19\/zeitsprung-9\/","og_locale":"de_DE","og_type":"article","og_title":"Zeitsprung - ZEIT der Leser","og_description":"Im Sommer 1979, als wir etwa zehn Jahre alt waren, begannen drei Freunde und ich in Heiligendorf bei Wolfsburg eine Bude zu bauen, die im Laufe der Jahre zu einem kleinen Fort wuchs, mit Schlafraum, K\u00fcche, Innenhof und sp\u00e4ter sogar einem H\u00fchnerstall. Wir waren die \u00bbDorfbande\u00ab und verbrachten viel Zeit in unserer Bude mit Lagerfeuer, [&hellip;]","og_url":"https:\/\/blog.zeit.de\/zeit-der-leser\/2011\/04\/19\/zeitsprung-9\/","og_site_name":"ZEIT der Leser","article_published_time":"2011-04-19T16:00:59+00:00","article_modified_time":"2011-04-13T15:13:16+00:00","og_image":[{"url":"https:\/\/blog.zeit.de\/zeit-der-leser\/files\/2011\/04\/bude_zeitsprung-21.jpg"}],"author":"Franziska Kelch","twitter_card":"summary_large_image","twitter_misc":{"Geschrieben von":"Franziska Kelch","Gesch\u00e4tzte Lesezeit":"1\u00a0Minute"},"schema":{"@context":"https:\/\/schema.org","@graph":[{"@type":"WebPage","@id":"https:\/\/blog.zeit.de\/zeit-der-leser\/2011\/04\/19\/zeitsprung-9\/","url":"https:\/\/blog.zeit.de\/zeit-der-leser\/2011\/04\/19\/zeitsprung-9\/","name":"Zeitsprung - ZEIT der Leser","isPartOf":{"@id":"https:\/\/blog.zeit.de\/zeit-der-leser\/#website"},"datePublished":"2011-04-19T16:00:59+00:00","dateModified":"2011-04-13T15:13:16+00:00","author":{"@id":"https:\/\/blog.zeit.de\/zeit-der-leser\/#\/schema\/person\/eaa3c3ed8f838c4aafcd25e9710fcc68"},"breadcrumb":{"@id":"https:\/\/blog.zeit.de\/zeit-der-leser\/2011\/04\/19\/zeitsprung-9\/#breadcrumb"},"inLanguage":"de","potentialAction":[{"@type":"ReadAction","target":["https:\/\/blog.zeit.de\/zeit-der-leser\/2011\/04\/19\/zeitsprung-9\/"]}]},{"@type":"BreadcrumbList","@id":"https:\/\/blog.zeit.de\/zeit-der-leser\/2011\/04\/19\/zeitsprung-9\/#breadcrumb","itemListElement":[{"@type":"ListItem","position":1,"name":"Startseite","item":"https:\/\/blog.zeit.de\/zeit-der-leser\/"},{"@type":"ListItem","position":2,"name":"Zeitsprung"}]},{"@type":"WebSite","@id":"https:\/\/blog.zeit.de\/zeit-der-leser\/#website","url":"https:\/\/blog.zeit.de\/zeit-der-leser\/","name":"ZEIT der Leser","description":"Ein Blog mit Ihren Notizen, Gedichten und Bildern f\u00fcr die gedruckte ZEIT","potentialAction":[{"@type":"SearchAction","target":{"@type":"EntryPoint","urlTemplate":"https:\/\/blog.zeit.de\/zeit-der-leser\/?s={search_term_string}"},"query-input":"required name=search_term_string"}],"inLanguage":"de"},{"@type":"Person","@id":"https:\/\/blog.zeit.de\/zeit-der-leser\/#\/schema\/person\/eaa3c3ed8f838c4aafcd25e9710fcc68","name":"Franziska Kelch","image":{"@type":"ImageObject","inLanguage":"de","@id":"https:\/\/blog.zeit.de\/zeit-der-leser\/#\/schema\/person\/image\/","url":"https:\/\/secure.gravatar.com\/avatar\/d7ae2b2bfc4c5c08ed3435dc2ecf53fcb6d4234c0aa486b8b64ce6549a61a378?s=96&d=mm&r=g","contentUrl":"https:\/\/secure.gravatar.com\/avatar\/d7ae2b2bfc4c5c08ed3435dc2ecf53fcb6d4234c0aa486b8b64ce6549a61a378?s=96&d=mm&r=g","caption":"Franziska Kelch"},"url":"https:\/\/blog.zeit.de\/zeit-der-leser\/author\/franziska-kelch\/"}]}},"jetpack_featured_media_url":"","jetpack_sharing_enabled":true,"_links":{"self":[{"href":"https:\/\/blog.zeit.de\/zeit-der-leser\/wp-json\/wp\/v2\/posts\/5057","targetHints":{"allow":["GET"]}}],"collection":[{"href":"https:\/\/blog.zeit.de\/zeit-der-leser\/wp-json\/wp\/v2\/posts"}],"about":[{"href":"https:\/\/blog.zeit.de\/zeit-der-leser\/wp-json\/wp\/v2\/types\/post"}],"author":[{"embeddable":true,"href":"https:\/\/blog.zeit.de\/zeit-der-leser\/wp-json\/wp\/v2\/users\/323"}],"replies":[{"embeddable":true,"href":"https:\/\/blog.zeit.de\/zeit-der-leser\/wp-json\/wp\/v2\/comments?post=5057"}],"version-history":[{"count":8,"href":"https:\/\/blog.zeit.de\/zeit-der-leser\/wp-json\/wp\/v2\/posts\/5057\/revisions"}],"predecessor-version":[{"id":5063,"href":"https:\/\/blog.zeit.de\/zeit-der-leser\/wp-json\/wp\/v2\/posts\/5057\/revisions\/5063"}],"wp:attachment":[{"href":"https:\/\/blog.zeit.de\/zeit-der-leser\/wp-json\/wp\/v2\/media?parent=5057"}],"wp:term":[{"taxonomy":"category","embeddable":true,"href":"https:\/\/blog.zeit.de\/zeit-der-leser\/wp-json\/wp\/v2\/categories?post=5057"},{"taxonomy":"post_tag","embeddable":true,"href":"https:\/\/blog.zeit.de\/zeit-der-leser\/wp-json\/wp\/v2\/tags?post=5057"}],"curies":[{"name":"wp","href":"https:\/\/api.w.org\/{rel}","templated":true}]}}