{"id":5089,"date":"2011-04-21T11:00:56","date_gmt":"2011-04-21T09:00:56","guid":{"rendered":"http:\/\/blog.zeit.de\/zeit-der-leser\/?p=5089"},"modified":"2011-04-20T11:50:16","modified_gmt":"2011-04-20T09:50:16","slug":"65-jahre-die-zeit-7","status":"publish","type":"post","link":"https:\/\/blog.zeit.de\/zeit-der-leser\/2011\/04\/21\/65-jahre-die-zeit-7\/","title":{"rendered":"65 Jahre DIE ZEIT"},"content":{"rendered":"<p><em> <\/em><\/p>\n<p><em> <\/em><\/p>\n<p style=\"text-align: left;\">Inge Kutter, Redakteurin im Ressort Chancen, besuchte das \u00e4lteste Campusradio in Nordrhein-Westfalen, CT das radio<em> (Link: <a href=\"http:\/\/www.radioct.de\/\">http:\/\/www.radioct.de<\/a>)<\/em>, an der Ruhr-Universit\u00e4t Bochum und diskutierte dort mit den ehrenamtlichen Radiomachern \u00fcber Berufschancen im Journalismus. Thomas Schnieders, der sich den Besuch gew\u00fcnscht hatte, war begeistert: <em>\u201eDer Impuls, dass es eben nicht auf ein schnelles Studium ankommt, sondern auf praktische Erfahrungen, ist sehr ermutigend. Daneben hat es nat\u00fcrlich Spa\u00df gemacht, einer jungen ZEIT-Redakteurin ein Loch in den Bauch zu fragen.\u201c<\/em> Auch das Fazit von Christina K\u00fchn fiel positiv aus: <em>\u201eDanke f\u00fcr den Besuch und das nette und interessante Gespr\u00e4ch, das mir Mut gemacht hat, diesen Berufswunsch weiter zu verfolgen und es einfach mal zu probieren. Bis zum n\u00e4chsten Geburtstag (und der n\u00e4chsten Ausgabe).\u201c<\/em><a href=\"https:\/\/blog.zeit.de\/zeit-der-leser\/files\/2011\/04\/Inge-Kutter-65-Jahre.jpg\"><br \/>\n<\/a><\/p>\n<p style=\"text-align: left;\">\n<p><figure id=\"attachment_5095\" aria-describedby=\"caption-attachment-5095\" style=\"width: 540px\" class=\"wp-caption aligncenter\"><a href=\"https:\/\/blog.zeit.de\/zeit-der-leser\/files\/2011\/04\/Inge-Kutter-65-Jahre1.jpg\"><img loading=\"lazy\" decoding=\"async\" class=\"size-full wp-image-5095\" title=\"Inge Kutter 65 Jahre\" src=\"https:\/\/blog.zeit.de\/zeit-der-leser\/files\/2011\/04\/Inge-Kutter-65-Jahre1.jpg\" alt=\"\" width=\"540\" height=\"304\" srcset=\"https:\/\/blog.zeit.de\/zeit-der-leser\/files\/2011\/04\/Inge-Kutter-65-Jahre1.jpg 540w, https:\/\/blog.zeit.de\/zeit-der-leser\/files\/2011\/04\/Inge-Kutter-65-Jahre1-300x168.jpg 300w\" sizes=\"auto, (max-width: 540px) 100vw, 540px\" \/><\/a><figcaption id=\"caption-attachment-5095\" class=\"wp-caption-text\">Inge Kutter bei CT das radio in Bochum<\/figcaption><\/figure><\/p>\n<p>Inge Kutter fand es sch\u00f6n und wichtig, diesen journalistischen Nachwuchs zu besuchen, der ehrenamtlich ein Radio betreut: <em>&#8222;Wenn ich auch ein bisschen Berufsberatung leisten konnte, freut mich das nat\u00fcrlich&#8220;<\/em>, sagt sie.<em> <\/em><\/p>\n","protected":false},"excerpt":{"rendered":"<p>Inge Kutter, Redakteurin im Ressort Chancen, besuchte das \u00e4lteste Campusradio in Nordrhein-Westfalen, CT das radio (Link: http:\/\/www.radioct.de), an der Ruhr-Universit\u00e4t Bochum und diskutierte dort mit den ehrenamtlichen Radiomachern \u00fcber Berufschancen im Journalismus. Thomas Schnieders, der sich den Besuch gew\u00fcnscht hatte, war begeistert: \u201eDer Impuls, dass es eben nicht auf ein schnelles Studium ankommt, sondern auf [&hellip;]<\/p>\n","protected":false},"author":265,"featured_media":0,"comment_status":"open","ping_status":"open","sticky":false,"template":"","format":"standard","meta":{"_jetpack_memberships_contains_paid_content":false,"footnotes":""},"categories":[5686],"tags":[],"class_list":["post-5089","post","type-post","status-publish","format-standard","hentry","category-65-jahre-die-zeit"],"yoast_head":"<!-- This site is optimized with the Yoast SEO plugin v21.0 - https:\/\/yoast.com\/wordpress\/plugins\/seo\/ -->\n<title>65 Jahre DIE ZEIT - ZEIT der Leser<\/title>\n<meta name=\"robots\" content=\"index, follow, max-snippet:-1, max-image-preview:large, max-video-preview:-1\" \/>\n<link rel=\"canonical\" href=\"https:\/\/blog.zeit.de\/zeit-der-leser\/2011\/04\/21\/65-jahre-die-zeit-7\/\" \/>\n<meta property=\"og:locale\" content=\"de_DE\" \/>\n<meta property=\"og:type\" content=\"article\" \/>\n<meta property=\"og:title\" content=\"65 Jahre DIE ZEIT - ZEIT der Leser\" \/>\n<meta property=\"og:description\" content=\"Inge Kutter, Redakteurin im Ressort Chancen, besuchte das \u00e4lteste Campusradio in Nordrhein-Westfalen, CT das radio (Link: http:\/\/www.radioct.de), an der Ruhr-Universit\u00e4t Bochum und diskutierte dort mit den ehrenamtlichen Radiomachern \u00fcber Berufschancen im Journalismus. Thomas Schnieders, der sich den Besuch gew\u00fcnscht hatte, war begeistert: \u201eDer Impuls, dass es eben nicht auf ein schnelles Studium ankommt, sondern auf [&hellip;]\" \/>\n<meta property=\"og:url\" content=\"https:\/\/blog.zeit.de\/zeit-der-leser\/2011\/04\/21\/65-jahre-die-zeit-7\/\" \/>\n<meta property=\"og:site_name\" content=\"ZEIT der Leser\" \/>\n<meta property=\"article:published_time\" content=\"2011-04-21T09:00:56+00:00\" \/>\n<meta property=\"article:modified_time\" content=\"2011-04-20T09:50:16+00:00\" \/>\n<meta property=\"og:image\" content=\"https:\/\/blog.zeit.de\/zeit-der-leser\/files\/2011\/04\/Inge-Kutter-65-Jahre1.jpg\" \/>\n<meta name=\"author\" content=\"&quot;Zeit der Leser&quot;-Redaktion\" \/>\n<meta name=\"twitter:card\" content=\"summary_large_image\" \/>\n<meta name=\"twitter:label1\" content=\"Geschrieben von\" \/>\n\t<meta name=\"twitter:data1\" content=\"\"Zeit der Leser\"-Redaktion\" \/>\n\t<meta name=\"twitter:label2\" content=\"Gesch\u00e4tzte Lesezeit\" \/>\n\t<meta name=\"twitter:data2\" content=\"1\u00a0Minute\" \/>\n<script type=\"application\/ld+json\" class=\"yoast-schema-graph\">{\"@context\":\"https:\/\/schema.org\",\"@graph\":[{\"@type\":\"WebPage\",\"@id\":\"https:\/\/blog.zeit.de\/zeit-der-leser\/2011\/04\/21\/65-jahre-die-zeit-7\/\",\"url\":\"https:\/\/blog.zeit.de\/zeit-der-leser\/2011\/04\/21\/65-jahre-die-zeit-7\/\",\"name\":\"65 Jahre DIE ZEIT - ZEIT der Leser\",\"isPartOf\":{\"@id\":\"https:\/\/blog.zeit.de\/zeit-der-leser\/#website\"},\"datePublished\":\"2011-04-21T09:00:56+00:00\",\"dateModified\":\"2011-04-20T09:50:16+00:00\",\"author\":{\"@id\":\"https:\/\/blog.zeit.de\/zeit-der-leser\/#\/schema\/person\/583b14e5ad6368c23af846ecbde9f20f\"},\"breadcrumb\":{\"@id\":\"https:\/\/blog.zeit.de\/zeit-der-leser\/2011\/04\/21\/65-jahre-die-zeit-7\/#breadcrumb\"},\"inLanguage\":\"de\",\"potentialAction\":[{\"@type\":\"ReadAction\",\"target\":[\"https:\/\/blog.zeit.de\/zeit-der-leser\/2011\/04\/21\/65-jahre-die-zeit-7\/\"]}]},{\"@type\":\"BreadcrumbList\",\"@id\":\"https:\/\/blog.zeit.de\/zeit-der-leser\/2011\/04\/21\/65-jahre-die-zeit-7\/#breadcrumb\",\"itemListElement\":[{\"@type\":\"ListItem\",\"position\":1,\"name\":\"Startseite\",\"item\":\"https:\/\/blog.zeit.de\/zeit-der-leser\/\"},{\"@type\":\"ListItem\",\"position\":2,\"name\":\"65 Jahre DIE ZEIT\"}]},{\"@type\":\"WebSite\",\"@id\":\"https:\/\/blog.zeit.de\/zeit-der-leser\/#website\",\"url\":\"https:\/\/blog.zeit.de\/zeit-der-leser\/\",\"name\":\"ZEIT der Leser\",\"description\":\"Ein Blog mit Ihren Notizen, Gedichten und Bildern f\u00fcr die gedruckte ZEIT\",\"potentialAction\":[{\"@type\":\"SearchAction\",\"target\":{\"@type\":\"EntryPoint\",\"urlTemplate\":\"https:\/\/blog.zeit.de\/zeit-der-leser\/?s={search_term_string}\"},\"query-input\":\"required name=search_term_string\"}],\"inLanguage\":\"de\"},{\"@type\":\"Person\",\"@id\":\"https:\/\/blog.zeit.de\/zeit-der-leser\/#\/schema\/person\/583b14e5ad6368c23af846ecbde9f20f\",\"name\":\"\\\"Zeit der Leser\\\"-Redaktion\",\"image\":{\"@type\":\"ImageObject\",\"inLanguage\":\"de\",\"@id\":\"https:\/\/blog.zeit.de\/zeit-der-leser\/#\/schema\/person\/image\/\",\"url\":\"https:\/\/secure.gravatar.com\/avatar\/e801a681bd3bbf2345131a815930b48d9f8e0a94de1346b624840dc850f67ad0?s=96&d=mm&r=g\",\"contentUrl\":\"https:\/\/secure.gravatar.com\/avatar\/e801a681bd3bbf2345131a815930b48d9f8e0a94de1346b624840dc850f67ad0?s=96&d=mm&r=g\",\"caption\":\"\\\"Zeit der Leser\\\"-Redaktion\"},\"url\":\"https:\/\/blog.zeit.de\/zeit-der-leser\/author\/zeit-der-leser-redaktion\/\"}]}<\/script>\n<!-- \/ Yoast SEO plugin. -->","yoast_head_json":{"title":"65 Jahre DIE ZEIT - ZEIT der Leser","robots":{"index":"index","follow":"follow","max-snippet":"max-snippet:-1","max-image-preview":"max-image-preview:large","max-video-preview":"max-video-preview:-1"},"canonical":"https:\/\/blog.zeit.de\/zeit-der-leser\/2011\/04\/21\/65-jahre-die-zeit-7\/","og_locale":"de_DE","og_type":"article","og_title":"65 Jahre DIE ZEIT - ZEIT der Leser","og_description":"Inge Kutter, Redakteurin im Ressort Chancen, besuchte das \u00e4lteste Campusradio in Nordrhein-Westfalen, CT das radio (Link: http:\/\/www.radioct.de), an der Ruhr-Universit\u00e4t Bochum und diskutierte dort mit den ehrenamtlichen Radiomachern \u00fcber Berufschancen im Journalismus. Thomas Schnieders, der sich den Besuch gew\u00fcnscht hatte, war begeistert: \u201eDer Impuls, dass es eben nicht auf ein schnelles Studium ankommt, sondern auf [&hellip;]","og_url":"https:\/\/blog.zeit.de\/zeit-der-leser\/2011\/04\/21\/65-jahre-die-zeit-7\/","og_site_name":"ZEIT der Leser","article_published_time":"2011-04-21T09:00:56+00:00","article_modified_time":"2011-04-20T09:50:16+00:00","og_image":[{"url":"https:\/\/blog.zeit.de\/zeit-der-leser\/files\/2011\/04\/Inge-Kutter-65-Jahre1.jpg"}],"author":"\"Zeit der Leser\"-Redaktion","twitter_card":"summary_large_image","twitter_misc":{"Geschrieben von":"\"Zeit der Leser\"-Redaktion","Gesch\u00e4tzte Lesezeit":"1\u00a0Minute"},"schema":{"@context":"https:\/\/schema.org","@graph":[{"@type":"WebPage","@id":"https:\/\/blog.zeit.de\/zeit-der-leser\/2011\/04\/21\/65-jahre-die-zeit-7\/","url":"https:\/\/blog.zeit.de\/zeit-der-leser\/2011\/04\/21\/65-jahre-die-zeit-7\/","name":"65 Jahre DIE ZEIT - ZEIT der Leser","isPartOf":{"@id":"https:\/\/blog.zeit.de\/zeit-der-leser\/#website"},"datePublished":"2011-04-21T09:00:56+00:00","dateModified":"2011-04-20T09:50:16+00:00","author":{"@id":"https:\/\/blog.zeit.de\/zeit-der-leser\/#\/schema\/person\/583b14e5ad6368c23af846ecbde9f20f"},"breadcrumb":{"@id":"https:\/\/blog.zeit.de\/zeit-der-leser\/2011\/04\/21\/65-jahre-die-zeit-7\/#breadcrumb"},"inLanguage":"de","potentialAction":[{"@type":"ReadAction","target":["https:\/\/blog.zeit.de\/zeit-der-leser\/2011\/04\/21\/65-jahre-die-zeit-7\/"]}]},{"@type":"BreadcrumbList","@id":"https:\/\/blog.zeit.de\/zeit-der-leser\/2011\/04\/21\/65-jahre-die-zeit-7\/#breadcrumb","itemListElement":[{"@type":"ListItem","position":1,"name":"Startseite","item":"https:\/\/blog.zeit.de\/zeit-der-leser\/"},{"@type":"ListItem","position":2,"name":"65 Jahre DIE ZEIT"}]},{"@type":"WebSite","@id":"https:\/\/blog.zeit.de\/zeit-der-leser\/#website","url":"https:\/\/blog.zeit.de\/zeit-der-leser\/","name":"ZEIT der Leser","description":"Ein Blog mit Ihren Notizen, Gedichten und Bildern f\u00fcr die gedruckte ZEIT","potentialAction":[{"@type":"SearchAction","target":{"@type":"EntryPoint","urlTemplate":"https:\/\/blog.zeit.de\/zeit-der-leser\/?s={search_term_string}"},"query-input":"required name=search_term_string"}],"inLanguage":"de"},{"@type":"Person","@id":"https:\/\/blog.zeit.de\/zeit-der-leser\/#\/schema\/person\/583b14e5ad6368c23af846ecbde9f20f","name":"\"Zeit der Leser\"-Redaktion","image":{"@type":"ImageObject","inLanguage":"de","@id":"https:\/\/blog.zeit.de\/zeit-der-leser\/#\/schema\/person\/image\/","url":"https:\/\/secure.gravatar.com\/avatar\/e801a681bd3bbf2345131a815930b48d9f8e0a94de1346b624840dc850f67ad0?s=96&d=mm&r=g","contentUrl":"https:\/\/secure.gravatar.com\/avatar\/e801a681bd3bbf2345131a815930b48d9f8e0a94de1346b624840dc850f67ad0?s=96&d=mm&r=g","caption":"\"Zeit der Leser\"-Redaktion"},"url":"https:\/\/blog.zeit.de\/zeit-der-leser\/author\/zeit-der-leser-redaktion\/"}]}},"jetpack_featured_media_url":"","jetpack_sharing_enabled":true,"_links":{"self":[{"href":"https:\/\/blog.zeit.de\/zeit-der-leser\/wp-json\/wp\/v2\/posts\/5089","targetHints":{"allow":["GET"]}}],"collection":[{"href":"https:\/\/blog.zeit.de\/zeit-der-leser\/wp-json\/wp\/v2\/posts"}],"about":[{"href":"https:\/\/blog.zeit.de\/zeit-der-leser\/wp-json\/wp\/v2\/types\/post"}],"author":[{"embeddable":true,"href":"https:\/\/blog.zeit.de\/zeit-der-leser\/wp-json\/wp\/v2\/users\/265"}],"replies":[{"embeddable":true,"href":"https:\/\/blog.zeit.de\/zeit-der-leser\/wp-json\/wp\/v2\/comments?post=5089"}],"version-history":[{"count":4,"href":"https:\/\/blog.zeit.de\/zeit-der-leser\/wp-json\/wp\/v2\/posts\/5089\/revisions"}],"predecessor-version":[{"id":5093,"href":"https:\/\/blog.zeit.de\/zeit-der-leser\/wp-json\/wp\/v2\/posts\/5089\/revisions\/5093"}],"wp:attachment":[{"href":"https:\/\/blog.zeit.de\/zeit-der-leser\/wp-json\/wp\/v2\/media?parent=5089"}],"wp:term":[{"taxonomy":"category","embeddable":true,"href":"https:\/\/blog.zeit.de\/zeit-der-leser\/wp-json\/wp\/v2\/categories?post=5089"},{"taxonomy":"post_tag","embeddable":true,"href":"https:\/\/blog.zeit.de\/zeit-der-leser\/wp-json\/wp\/v2\/tags?post=5089"}],"curies":[{"name":"wp","href":"https:\/\/api.w.org\/{rel}","templated":true}]}}