{"id":5115,"date":"2011-04-22T10:00:12","date_gmt":"2011-04-22T08:00:12","guid":{"rendered":"http:\/\/blog.zeit.de\/zeit-der-leser\/?p=5115"},"modified":"2011-04-20T16:15:50","modified_gmt":"2011-04-20T14:15:50","slug":"eine-kleine-weltreise-14","status":"publish","type":"post","link":"https:\/\/blog.zeit.de\/zeit-der-leser\/2011\/04\/22\/eine-kleine-weltreise-14\/","title":{"rendered":"Eine kleine Weltreise"},"content":{"rendered":"<p><em>&#8230; aus traurigem Anlass\u00ab unternimmt Sab\u00adine Kr\u00f6ner, 55: Nach dem Tod Ihres Mannes im vergangenen Jahr will sie durch neue Eindr\u00fccke Ab\u00adstand gewinnen. Von Buenos Aires aus ist sie per Schiff um die S\u00fcdspitze Amerikas in die S\u00fcdsee gefahren, \u00fcb\u00ader Australien, Indonesien, Singapur, Malaysia, Myanmar, Indien, die arab\u00adische Halb\u00adinsel und durch den Sueskanal geht es weiter b\u00adis nach Venedig.<\/em><\/p>\n<p>Vor achtzehn Jahren hab\u00ade ich schon einmal hier in S\u00fcdostasien den \u00c4quator \u00fcb\u00aderquert. Das war damals in Sumatra, und wir waren zu Fu\u00df unterwegs. Mit einem Bein auf der S\u00fcdhalb\u00adkugel, mit dem anderen im Norden. Es war High Noon, die Sonne stand im Zenit. Kein Wasser weit und b\u00adreit, keine Zeremonie. Nur wir, zu zweit allein.<br \/>\nDiesmal ist alles anders. Und an Bord eines Schiffes, das wei\u00df seit der Aufregung um die Gorch Fock auch die letzte Landratte, wird das Passieren des \u00c4quators ganz b\u00adesonders gefeiert. Diesmal h\u00e4lt Neptun Hof, zu seinen F\u00fc\u00dfen Thetis ganz in gr\u00fcn mit Dreizack und einem toten Fisch. Der Kapit\u00e4n nimmt den Schl\u00fcssel f\u00fcr die n\u00f6rdliche Hemisph\u00e4re in Empfang. Danach werden willige Passagiere von Teufelchen zur \u00c4quatortaufe geleitet. Und weil ich vorne sitze zum Fotografieren, b\u00adin ich als Erste dran. Meine Stirn wird mit einem Stempel versehen, dann meine Nase mit hellb\u00adlauer Schlagsahne b\u00adestrichen. Unangenehm. Der b\u00adessere Teil jedoch folgt sogleich: Ein kr\u00e4ftiger Schuss Wodka in den Mund aus der Spritze des Schiffsarztes, danach ein Rollmops. Lecker! So verw\u00f6hnt, b\u00adringe ich auch den Ab\u00adschluss des Rituals hinter mich: den toten Fisch k\u00fcssen und ekliges giftgr\u00fcnes Zeug trinken.<br \/>\nImmerhin b\u00adekomme ich auch eine Urkunde daf\u00fcr. Nur ungerecht, dass alle diese Auszeichnung erhalten, auch die, die sich gedr\u00fcckt hab\u00aden. Und wieder einmal Gr\u00fc\u00dfe, diesmal nach M\u00fcnchen und nach Mainz. Hildegard, gib\u00ad doch bitte Deine Adresse an die ZEIT der Leser\u00ab wegen der Fotos! Die Heidelb\u00aderger hab\u00ad ich b\u00adislang ganz vernachl\u00e4ssigt. Es ist mir zu hei\u00df hier, ansonsten geht es mir gut.<\/p>\n<p><em>Sabine Kr\u00f6ner, zzt. 0\u00b0 52&#8242; Nord, 119\u00b0 11&#8242;<\/em><\/p>\n","protected":false},"excerpt":{"rendered":"<p>&#8230; aus traurigem Anlass\u00ab unternimmt Sab\u00adine Kr\u00f6ner, 55: Nach dem Tod Ihres Mannes im vergangenen Jahr will sie durch neue Eindr\u00fccke Ab\u00adstand gewinnen. Von Buenos Aires aus ist sie per Schiff um die S\u00fcdspitze Amerikas in die S\u00fcdsee gefahren, \u00fcb\u00ader Australien, Indonesien, Singapur, Malaysia, Myanmar, Indien, die arab\u00adische Halb\u00adinsel und durch den Sueskanal geht es [&hellip;]<\/p>\n","protected":false},"author":265,"featured_media":0,"comment_status":"open","ping_status":"open","sticky":false,"template":"","format":"standard","meta":{"_jetpack_memberships_contains_paid_content":false,"footnotes":""},"categories":[5685],"tags":[],"class_list":["post-5115","post","type-post","status-publish","format-standard","hentry","category-eine-kleine-weltreise"],"yoast_head":"<!-- This site is optimized with the Yoast SEO plugin v21.0 - https:\/\/yoast.com\/wordpress\/plugins\/seo\/ -->\n<title>Eine kleine Weltreise - ZEIT der Leser<\/title>\n<meta name=\"robots\" content=\"index, follow, max-snippet:-1, max-image-preview:large, max-video-preview:-1\" \/>\n<link rel=\"canonical\" href=\"https:\/\/blog.zeit.de\/zeit-der-leser\/2011\/04\/22\/eine-kleine-weltreise-14\/\" \/>\n<meta property=\"og:locale\" content=\"de_DE\" \/>\n<meta property=\"og:type\" content=\"article\" \/>\n<meta property=\"og:title\" content=\"Eine kleine Weltreise - ZEIT der Leser\" \/>\n<meta property=\"og:description\" content=\"&#8230; aus traurigem Anlass\u00ab unternimmt Sab\u00adine Kr\u00f6ner, 55: Nach dem Tod Ihres Mannes im vergangenen Jahr will sie durch neue Eindr\u00fccke Ab\u00adstand gewinnen. Von Buenos Aires aus ist sie per Schiff um die S\u00fcdspitze Amerikas in die S\u00fcdsee gefahren, \u00fcb\u00ader Australien, Indonesien, Singapur, Malaysia, Myanmar, Indien, die arab\u00adische Halb\u00adinsel und durch den Sueskanal geht es [&hellip;]\" \/>\n<meta property=\"og:url\" content=\"https:\/\/blog.zeit.de\/zeit-der-leser\/2011\/04\/22\/eine-kleine-weltreise-14\/\" \/>\n<meta property=\"og:site_name\" content=\"ZEIT der Leser\" \/>\n<meta property=\"article:published_time\" content=\"2011-04-22T08:00:12+00:00\" \/>\n<meta property=\"article:modified_time\" content=\"2011-04-20T14:15:50+00:00\" \/>\n<meta name=\"author\" content=\"&quot;Zeit der Leser&quot;-Redaktion\" \/>\n<meta name=\"twitter:card\" content=\"summary_large_image\" \/>\n<meta name=\"twitter:label1\" content=\"Geschrieben von\" \/>\n\t<meta name=\"twitter:data1\" content=\"\"Zeit der Leser\"-Redaktion\" \/>\n\t<meta name=\"twitter:label2\" content=\"Gesch\u00e4tzte Lesezeit\" \/>\n\t<meta name=\"twitter:data2\" content=\"2\u00a0Minuten\" \/>\n<script type=\"application\/ld+json\" class=\"yoast-schema-graph\">{\"@context\":\"https:\/\/schema.org\",\"@graph\":[{\"@type\":\"WebPage\",\"@id\":\"https:\/\/blog.zeit.de\/zeit-der-leser\/2011\/04\/22\/eine-kleine-weltreise-14\/\",\"url\":\"https:\/\/blog.zeit.de\/zeit-der-leser\/2011\/04\/22\/eine-kleine-weltreise-14\/\",\"name\":\"Eine kleine Weltreise - ZEIT der Leser\",\"isPartOf\":{\"@id\":\"https:\/\/blog.zeit.de\/zeit-der-leser\/#website\"},\"datePublished\":\"2011-04-22T08:00:12+00:00\",\"dateModified\":\"2011-04-20T14:15:50+00:00\",\"author\":{\"@id\":\"https:\/\/blog.zeit.de\/zeit-der-leser\/#\/schema\/person\/583b14e5ad6368c23af846ecbde9f20f\"},\"breadcrumb\":{\"@id\":\"https:\/\/blog.zeit.de\/zeit-der-leser\/2011\/04\/22\/eine-kleine-weltreise-14\/#breadcrumb\"},\"inLanguage\":\"de\",\"potentialAction\":[{\"@type\":\"ReadAction\",\"target\":[\"https:\/\/blog.zeit.de\/zeit-der-leser\/2011\/04\/22\/eine-kleine-weltreise-14\/\"]}]},{\"@type\":\"BreadcrumbList\",\"@id\":\"https:\/\/blog.zeit.de\/zeit-der-leser\/2011\/04\/22\/eine-kleine-weltreise-14\/#breadcrumb\",\"itemListElement\":[{\"@type\":\"ListItem\",\"position\":1,\"name\":\"Startseite\",\"item\":\"https:\/\/blog.zeit.de\/zeit-der-leser\/\"},{\"@type\":\"ListItem\",\"position\":2,\"name\":\"Eine kleine Weltreise\"}]},{\"@type\":\"WebSite\",\"@id\":\"https:\/\/blog.zeit.de\/zeit-der-leser\/#website\",\"url\":\"https:\/\/blog.zeit.de\/zeit-der-leser\/\",\"name\":\"ZEIT der Leser\",\"description\":\"Ein Blog mit Ihren Notizen, Gedichten und Bildern f\u00fcr die gedruckte ZEIT\",\"potentialAction\":[{\"@type\":\"SearchAction\",\"target\":{\"@type\":\"EntryPoint\",\"urlTemplate\":\"https:\/\/blog.zeit.de\/zeit-der-leser\/?s={search_term_string}\"},\"query-input\":\"required name=search_term_string\"}],\"inLanguage\":\"de\"},{\"@type\":\"Person\",\"@id\":\"https:\/\/blog.zeit.de\/zeit-der-leser\/#\/schema\/person\/583b14e5ad6368c23af846ecbde9f20f\",\"name\":\"\\\"Zeit der Leser\\\"-Redaktion\",\"image\":{\"@type\":\"ImageObject\",\"inLanguage\":\"de\",\"@id\":\"https:\/\/blog.zeit.de\/zeit-der-leser\/#\/schema\/person\/image\/\",\"url\":\"https:\/\/secure.gravatar.com\/avatar\/e801a681bd3bbf2345131a815930b48d9f8e0a94de1346b624840dc850f67ad0?s=96&d=mm&r=g\",\"contentUrl\":\"https:\/\/secure.gravatar.com\/avatar\/e801a681bd3bbf2345131a815930b48d9f8e0a94de1346b624840dc850f67ad0?s=96&d=mm&r=g\",\"caption\":\"\\\"Zeit der Leser\\\"-Redaktion\"},\"url\":\"https:\/\/blog.zeit.de\/zeit-der-leser\/author\/zeit-der-leser-redaktion\/\"}]}<\/script>\n<!-- \/ Yoast SEO plugin. -->","yoast_head_json":{"title":"Eine kleine Weltreise - ZEIT der Leser","robots":{"index":"index","follow":"follow","max-snippet":"max-snippet:-1","max-image-preview":"max-image-preview:large","max-video-preview":"max-video-preview:-1"},"canonical":"https:\/\/blog.zeit.de\/zeit-der-leser\/2011\/04\/22\/eine-kleine-weltreise-14\/","og_locale":"de_DE","og_type":"article","og_title":"Eine kleine Weltreise - ZEIT der Leser","og_description":"&#8230; aus traurigem Anlass\u00ab unternimmt Sab\u00adine Kr\u00f6ner, 55: Nach dem Tod Ihres Mannes im vergangenen Jahr will sie durch neue Eindr\u00fccke Ab\u00adstand gewinnen. Von Buenos Aires aus ist sie per Schiff um die S\u00fcdspitze Amerikas in die S\u00fcdsee gefahren, \u00fcb\u00ader Australien, Indonesien, Singapur, Malaysia, Myanmar, Indien, die arab\u00adische Halb\u00adinsel und durch den Sueskanal geht es [&hellip;]","og_url":"https:\/\/blog.zeit.de\/zeit-der-leser\/2011\/04\/22\/eine-kleine-weltreise-14\/","og_site_name":"ZEIT der Leser","article_published_time":"2011-04-22T08:00:12+00:00","article_modified_time":"2011-04-20T14:15:50+00:00","author":"\"Zeit der Leser\"-Redaktion","twitter_card":"summary_large_image","twitter_misc":{"Geschrieben von":"\"Zeit der Leser\"-Redaktion","Gesch\u00e4tzte Lesezeit":"2\u00a0Minuten"},"schema":{"@context":"https:\/\/schema.org","@graph":[{"@type":"WebPage","@id":"https:\/\/blog.zeit.de\/zeit-der-leser\/2011\/04\/22\/eine-kleine-weltreise-14\/","url":"https:\/\/blog.zeit.de\/zeit-der-leser\/2011\/04\/22\/eine-kleine-weltreise-14\/","name":"Eine kleine Weltreise - ZEIT der Leser","isPartOf":{"@id":"https:\/\/blog.zeit.de\/zeit-der-leser\/#website"},"datePublished":"2011-04-22T08:00:12+00:00","dateModified":"2011-04-20T14:15:50+00:00","author":{"@id":"https:\/\/blog.zeit.de\/zeit-der-leser\/#\/schema\/person\/583b14e5ad6368c23af846ecbde9f20f"},"breadcrumb":{"@id":"https:\/\/blog.zeit.de\/zeit-der-leser\/2011\/04\/22\/eine-kleine-weltreise-14\/#breadcrumb"},"inLanguage":"de","potentialAction":[{"@type":"ReadAction","target":["https:\/\/blog.zeit.de\/zeit-der-leser\/2011\/04\/22\/eine-kleine-weltreise-14\/"]}]},{"@type":"BreadcrumbList","@id":"https:\/\/blog.zeit.de\/zeit-der-leser\/2011\/04\/22\/eine-kleine-weltreise-14\/#breadcrumb","itemListElement":[{"@type":"ListItem","position":1,"name":"Startseite","item":"https:\/\/blog.zeit.de\/zeit-der-leser\/"},{"@type":"ListItem","position":2,"name":"Eine kleine Weltreise"}]},{"@type":"WebSite","@id":"https:\/\/blog.zeit.de\/zeit-der-leser\/#website","url":"https:\/\/blog.zeit.de\/zeit-der-leser\/","name":"ZEIT der Leser","description":"Ein Blog mit Ihren Notizen, Gedichten und Bildern f\u00fcr die gedruckte ZEIT","potentialAction":[{"@type":"SearchAction","target":{"@type":"EntryPoint","urlTemplate":"https:\/\/blog.zeit.de\/zeit-der-leser\/?s={search_term_string}"},"query-input":"required name=search_term_string"}],"inLanguage":"de"},{"@type":"Person","@id":"https:\/\/blog.zeit.de\/zeit-der-leser\/#\/schema\/person\/583b14e5ad6368c23af846ecbde9f20f","name":"\"Zeit der Leser\"-Redaktion","image":{"@type":"ImageObject","inLanguage":"de","@id":"https:\/\/blog.zeit.de\/zeit-der-leser\/#\/schema\/person\/image\/","url":"https:\/\/secure.gravatar.com\/avatar\/e801a681bd3bbf2345131a815930b48d9f8e0a94de1346b624840dc850f67ad0?s=96&d=mm&r=g","contentUrl":"https:\/\/secure.gravatar.com\/avatar\/e801a681bd3bbf2345131a815930b48d9f8e0a94de1346b624840dc850f67ad0?s=96&d=mm&r=g","caption":"\"Zeit der Leser\"-Redaktion"},"url":"https:\/\/blog.zeit.de\/zeit-der-leser\/author\/zeit-der-leser-redaktion\/"}]}},"jetpack_featured_media_url":"","jetpack_sharing_enabled":true,"_links":{"self":[{"href":"https:\/\/blog.zeit.de\/zeit-der-leser\/wp-json\/wp\/v2\/posts\/5115","targetHints":{"allow":["GET"]}}],"collection":[{"href":"https:\/\/blog.zeit.de\/zeit-der-leser\/wp-json\/wp\/v2\/posts"}],"about":[{"href":"https:\/\/blog.zeit.de\/zeit-der-leser\/wp-json\/wp\/v2\/types\/post"}],"author":[{"embeddable":true,"href":"https:\/\/blog.zeit.de\/zeit-der-leser\/wp-json\/wp\/v2\/users\/265"}],"replies":[{"embeddable":true,"href":"https:\/\/blog.zeit.de\/zeit-der-leser\/wp-json\/wp\/v2\/comments?post=5115"}],"version-history":[{"count":2,"href":"https:\/\/blog.zeit.de\/zeit-der-leser\/wp-json\/wp\/v2\/posts\/5115\/revisions"}],"predecessor-version":[{"id":5117,"href":"https:\/\/blog.zeit.de\/zeit-der-leser\/wp-json\/wp\/v2\/posts\/5115\/revisions\/5117"}],"wp:attachment":[{"href":"https:\/\/blog.zeit.de\/zeit-der-leser\/wp-json\/wp\/v2\/media?parent=5115"}],"wp:term":[{"taxonomy":"category","embeddable":true,"href":"https:\/\/blog.zeit.de\/zeit-der-leser\/wp-json\/wp\/v2\/categories?post=5115"},{"taxonomy":"post_tag","embeddable":true,"href":"https:\/\/blog.zeit.de\/zeit-der-leser\/wp-json\/wp\/v2\/tags?post=5115"}],"curies":[{"name":"wp","href":"https:\/\/api.w.org\/{rel}","templated":true}]}}