{"id":5141,"date":"2011-04-24T10:00:15","date_gmt":"2011-04-24T08:00:15","guid":{"rendered":"http:\/\/blog.zeit.de\/zeit-der-leser\/?p=5141"},"modified":"2015-02-24T18:26:12","modified_gmt":"2015-02-24T17:26:12","slug":"mein-wort-schatz-2","status":"publish","type":"post","link":"https:\/\/blog.zeit.de\/zeit-der-leser\/2011\/04\/24\/mein-wort-schatz-2\/","title":{"rendered":"Botanisiertrommel: Mein Wort-Schatz"},"content":{"rendered":"<p>Ich m\u00f6chte Ihnen gern mein Lieb\u00adlingswort vorstellen. Es hei\u00dft <strong>Botanisiertrommel<\/strong>. Dieses Wort \u00fcb\u00adt seit meiner Schulzeit eine geradezu magische Wirkung auf mich aus, und wahrscheinlich ist daf\u00fcr ein Pauker mit Hang zu Naturwissenschaften und Entdeckergeschichte verantwortlich, an dessen Namen ich mich leider nicht mehr erinnern kann. Sowohl der Begriff selb\u00adst als auch die Wortmelodie hab\u00aden mir immer b\u00adesonders gut gefallen, und ich staunte nicht schlecht, als ich die Botanisiertrommel vor einigen Jahren in dem Buch Die Vermessung der Welt von Daniel Kehlmann wiederfand.<\/p>\n<p>Wie gern w\u00fcrde ich einmal auf den Spuren von Alexander von Humb\u00adoldt durch S\u00fcdamerika streifen! Exotische Pflanzen und Insekten w\u00fcrde ich nat\u00fcrlich nicht mehr sammeln und mitnehmen, sondern nur anschauen. Viele Arten stehen heute sicher unter Naturschutz. Oder sie sind inzwischen auch b\u00adei uns in Europa heimisch geworden. Oder wir k\u00f6nnen uns wenigstens im Botanischen Garten an ihnen erfreuen \u2013 Herrn Humb\u00adoldt und dem Inhalt seiner Botanisiertrommel sei Dank.<\/p>\n<p>So viel zu meinem Lieb\u00adlingswort. Ich b\u00adin sehr gespannt auf die Wortvorschl\u00e4ge anderer ZEIT- Leser.<\/p>\n<p><strong> Gabriele Rohlf<\/strong>, Bremen<\/p>\n","protected":false},"excerpt":{"rendered":"<p>Ich m\u00f6chte Ihnen gern mein Lieb\u00adlingswort vorstellen. Es hei\u00dft Botanisiertrommel. Dieses Wort \u00fcb\u00adt seit meiner Schulzeit eine geradezu magische Wirkung auf mich aus, und wahrscheinlich ist daf\u00fcr ein Pauker mit Hang zu Naturwissenschaften und Entdeckergeschichte verantwortlich, an dessen Namen ich mich leider nicht mehr erinnern kann. Sowohl der Begriff selb\u00adst als auch die Wortmelodie hab\u00aden [&hellip;]<\/p>\n","protected":false},"author":265,"featured_media":0,"comment_status":"open","ping_status":"open","sticky":false,"template":"","format":"standard","meta":{"_jetpack_memberships_contains_paid_content":false,"footnotes":""},"categories":[5687],"tags":[],"class_list":["post-5141","post","type-post","status-publish","format-standard","hentry","category-mein-wort-schatz"],"yoast_head":"<!-- This site is optimized with the Yoast SEO plugin v21.0 - https:\/\/yoast.com\/wordpress\/plugins\/seo\/ -->\n<title>Botanisiertrommel: Mein Wort-Schatz - ZEIT der Leser<\/title>\n<meta name=\"robots\" content=\"index, follow, max-snippet:-1, max-image-preview:large, max-video-preview:-1\" \/>\n<link rel=\"canonical\" href=\"https:\/\/blog.zeit.de\/zeit-der-leser\/2011\/04\/24\/mein-wort-schatz-2\/\" \/>\n<meta property=\"og:locale\" content=\"de_DE\" \/>\n<meta property=\"og:type\" content=\"article\" \/>\n<meta property=\"og:title\" content=\"Botanisiertrommel: Mein Wort-Schatz - ZEIT der Leser\" \/>\n<meta property=\"og:description\" content=\"Ich m\u00f6chte Ihnen gern mein Lieb\u00adlingswort vorstellen. Es hei\u00dft Botanisiertrommel. Dieses Wort \u00fcb\u00adt seit meiner Schulzeit eine geradezu magische Wirkung auf mich aus, und wahrscheinlich ist daf\u00fcr ein Pauker mit Hang zu Naturwissenschaften und Entdeckergeschichte verantwortlich, an dessen Namen ich mich leider nicht mehr erinnern kann. Sowohl der Begriff selb\u00adst als auch die Wortmelodie hab\u00aden [&hellip;]\" \/>\n<meta property=\"og:url\" content=\"https:\/\/blog.zeit.de\/zeit-der-leser\/2011\/04\/24\/mein-wort-schatz-2\/\" \/>\n<meta property=\"og:site_name\" content=\"ZEIT der Leser\" \/>\n<meta property=\"article:published_time\" content=\"2011-04-24T08:00:15+00:00\" \/>\n<meta property=\"article:modified_time\" content=\"2015-02-24T17:26:12+00:00\" \/>\n<meta name=\"author\" content=\"&quot;Zeit der Leser&quot;-Redaktion\" \/>\n<meta name=\"twitter:card\" content=\"summary_large_image\" \/>\n<meta name=\"twitter:label1\" content=\"Geschrieben von\" \/>\n\t<meta name=\"twitter:data1\" content=\"\"Zeit der Leser\"-Redaktion\" \/>\n\t<meta name=\"twitter:label2\" content=\"Gesch\u00e4tzte Lesezeit\" \/>\n\t<meta name=\"twitter:data2\" content=\"1\u00a0Minute\" \/>\n<script type=\"application\/ld+json\" class=\"yoast-schema-graph\">{\"@context\":\"https:\/\/schema.org\",\"@graph\":[{\"@type\":\"WebPage\",\"@id\":\"https:\/\/blog.zeit.de\/zeit-der-leser\/2011\/04\/24\/mein-wort-schatz-2\/\",\"url\":\"https:\/\/blog.zeit.de\/zeit-der-leser\/2011\/04\/24\/mein-wort-schatz-2\/\",\"name\":\"Botanisiertrommel: Mein Wort-Schatz - ZEIT der Leser\",\"isPartOf\":{\"@id\":\"https:\/\/blog.zeit.de\/zeit-der-leser\/#website\"},\"datePublished\":\"2011-04-24T08:00:15+00:00\",\"dateModified\":\"2015-02-24T17:26:12+00:00\",\"author\":{\"@id\":\"https:\/\/blog.zeit.de\/zeit-der-leser\/#\/schema\/person\/583b14e5ad6368c23af846ecbde9f20f\"},\"breadcrumb\":{\"@id\":\"https:\/\/blog.zeit.de\/zeit-der-leser\/2011\/04\/24\/mein-wort-schatz-2\/#breadcrumb\"},\"inLanguage\":\"de\",\"potentialAction\":[{\"@type\":\"ReadAction\",\"target\":[\"https:\/\/blog.zeit.de\/zeit-der-leser\/2011\/04\/24\/mein-wort-schatz-2\/\"]}]},{\"@type\":\"BreadcrumbList\",\"@id\":\"https:\/\/blog.zeit.de\/zeit-der-leser\/2011\/04\/24\/mein-wort-schatz-2\/#breadcrumb\",\"itemListElement\":[{\"@type\":\"ListItem\",\"position\":1,\"name\":\"Startseite\",\"item\":\"https:\/\/blog.zeit.de\/zeit-der-leser\/\"},{\"@type\":\"ListItem\",\"position\":2,\"name\":\"Botanisiertrommel: Mein Wort-Schatz\"}]},{\"@type\":\"WebSite\",\"@id\":\"https:\/\/blog.zeit.de\/zeit-der-leser\/#website\",\"url\":\"https:\/\/blog.zeit.de\/zeit-der-leser\/\",\"name\":\"ZEIT der Leser\",\"description\":\"Ein Blog mit Ihren Notizen, Gedichten und Bildern f\u00fcr die gedruckte ZEIT\",\"potentialAction\":[{\"@type\":\"SearchAction\",\"target\":{\"@type\":\"EntryPoint\",\"urlTemplate\":\"https:\/\/blog.zeit.de\/zeit-der-leser\/?s={search_term_string}\"},\"query-input\":\"required name=search_term_string\"}],\"inLanguage\":\"de\"},{\"@type\":\"Person\",\"@id\":\"https:\/\/blog.zeit.de\/zeit-der-leser\/#\/schema\/person\/583b14e5ad6368c23af846ecbde9f20f\",\"name\":\"\\\"Zeit der Leser\\\"-Redaktion\",\"image\":{\"@type\":\"ImageObject\",\"inLanguage\":\"de\",\"@id\":\"https:\/\/blog.zeit.de\/zeit-der-leser\/#\/schema\/person\/image\/\",\"url\":\"https:\/\/secure.gravatar.com\/avatar\/e801a681bd3bbf2345131a815930b48d9f8e0a94de1346b624840dc850f67ad0?s=96&d=mm&r=g\",\"contentUrl\":\"https:\/\/secure.gravatar.com\/avatar\/e801a681bd3bbf2345131a815930b48d9f8e0a94de1346b624840dc850f67ad0?s=96&d=mm&r=g\",\"caption\":\"\\\"Zeit der Leser\\\"-Redaktion\"},\"url\":\"https:\/\/blog.zeit.de\/zeit-der-leser\/author\/zeit-der-leser-redaktion\/\"}]}<\/script>\n<!-- \/ Yoast SEO plugin. -->","yoast_head_json":{"title":"Botanisiertrommel: Mein Wort-Schatz - ZEIT der Leser","robots":{"index":"index","follow":"follow","max-snippet":"max-snippet:-1","max-image-preview":"max-image-preview:large","max-video-preview":"max-video-preview:-1"},"canonical":"https:\/\/blog.zeit.de\/zeit-der-leser\/2011\/04\/24\/mein-wort-schatz-2\/","og_locale":"de_DE","og_type":"article","og_title":"Botanisiertrommel: Mein Wort-Schatz - ZEIT der Leser","og_description":"Ich m\u00f6chte Ihnen gern mein Lieb\u00adlingswort vorstellen. Es hei\u00dft Botanisiertrommel. Dieses Wort \u00fcb\u00adt seit meiner Schulzeit eine geradezu magische Wirkung auf mich aus, und wahrscheinlich ist daf\u00fcr ein Pauker mit Hang zu Naturwissenschaften und Entdeckergeschichte verantwortlich, an dessen Namen ich mich leider nicht mehr erinnern kann. Sowohl der Begriff selb\u00adst als auch die Wortmelodie hab\u00aden [&hellip;]","og_url":"https:\/\/blog.zeit.de\/zeit-der-leser\/2011\/04\/24\/mein-wort-schatz-2\/","og_site_name":"ZEIT der Leser","article_published_time":"2011-04-24T08:00:15+00:00","article_modified_time":"2015-02-24T17:26:12+00:00","author":"\"Zeit der Leser\"-Redaktion","twitter_card":"summary_large_image","twitter_misc":{"Geschrieben von":"\"Zeit der Leser\"-Redaktion","Gesch\u00e4tzte Lesezeit":"1\u00a0Minute"},"schema":{"@context":"https:\/\/schema.org","@graph":[{"@type":"WebPage","@id":"https:\/\/blog.zeit.de\/zeit-der-leser\/2011\/04\/24\/mein-wort-schatz-2\/","url":"https:\/\/blog.zeit.de\/zeit-der-leser\/2011\/04\/24\/mein-wort-schatz-2\/","name":"Botanisiertrommel: Mein Wort-Schatz - ZEIT der Leser","isPartOf":{"@id":"https:\/\/blog.zeit.de\/zeit-der-leser\/#website"},"datePublished":"2011-04-24T08:00:15+00:00","dateModified":"2015-02-24T17:26:12+00:00","author":{"@id":"https:\/\/blog.zeit.de\/zeit-der-leser\/#\/schema\/person\/583b14e5ad6368c23af846ecbde9f20f"},"breadcrumb":{"@id":"https:\/\/blog.zeit.de\/zeit-der-leser\/2011\/04\/24\/mein-wort-schatz-2\/#breadcrumb"},"inLanguage":"de","potentialAction":[{"@type":"ReadAction","target":["https:\/\/blog.zeit.de\/zeit-der-leser\/2011\/04\/24\/mein-wort-schatz-2\/"]}]},{"@type":"BreadcrumbList","@id":"https:\/\/blog.zeit.de\/zeit-der-leser\/2011\/04\/24\/mein-wort-schatz-2\/#breadcrumb","itemListElement":[{"@type":"ListItem","position":1,"name":"Startseite","item":"https:\/\/blog.zeit.de\/zeit-der-leser\/"},{"@type":"ListItem","position":2,"name":"Botanisiertrommel: Mein Wort-Schatz"}]},{"@type":"WebSite","@id":"https:\/\/blog.zeit.de\/zeit-der-leser\/#website","url":"https:\/\/blog.zeit.de\/zeit-der-leser\/","name":"ZEIT der Leser","description":"Ein Blog mit Ihren Notizen, Gedichten und Bildern f\u00fcr die gedruckte ZEIT","potentialAction":[{"@type":"SearchAction","target":{"@type":"EntryPoint","urlTemplate":"https:\/\/blog.zeit.de\/zeit-der-leser\/?s={search_term_string}"},"query-input":"required name=search_term_string"}],"inLanguage":"de"},{"@type":"Person","@id":"https:\/\/blog.zeit.de\/zeit-der-leser\/#\/schema\/person\/583b14e5ad6368c23af846ecbde9f20f","name":"\"Zeit der Leser\"-Redaktion","image":{"@type":"ImageObject","inLanguage":"de","@id":"https:\/\/blog.zeit.de\/zeit-der-leser\/#\/schema\/person\/image\/","url":"https:\/\/secure.gravatar.com\/avatar\/e801a681bd3bbf2345131a815930b48d9f8e0a94de1346b624840dc850f67ad0?s=96&d=mm&r=g","contentUrl":"https:\/\/secure.gravatar.com\/avatar\/e801a681bd3bbf2345131a815930b48d9f8e0a94de1346b624840dc850f67ad0?s=96&d=mm&r=g","caption":"\"Zeit der Leser\"-Redaktion"},"url":"https:\/\/blog.zeit.de\/zeit-der-leser\/author\/zeit-der-leser-redaktion\/"}]}},"jetpack_featured_media_url":"","jetpack_sharing_enabled":true,"_links":{"self":[{"href":"https:\/\/blog.zeit.de\/zeit-der-leser\/wp-json\/wp\/v2\/posts\/5141","targetHints":{"allow":["GET"]}}],"collection":[{"href":"https:\/\/blog.zeit.de\/zeit-der-leser\/wp-json\/wp\/v2\/posts"}],"about":[{"href":"https:\/\/blog.zeit.de\/zeit-der-leser\/wp-json\/wp\/v2\/types\/post"}],"author":[{"embeddable":true,"href":"https:\/\/blog.zeit.de\/zeit-der-leser\/wp-json\/wp\/v2\/users\/265"}],"replies":[{"embeddable":true,"href":"https:\/\/blog.zeit.de\/zeit-der-leser\/wp-json\/wp\/v2\/comments?post=5141"}],"version-history":[{"count":7,"href":"https:\/\/blog.zeit.de\/zeit-der-leser\/wp-json\/wp\/v2\/posts\/5141\/revisions"}],"predecessor-version":[{"id":19892,"href":"https:\/\/blog.zeit.de\/zeit-der-leser\/wp-json\/wp\/v2\/posts\/5141\/revisions\/19892"}],"wp:attachment":[{"href":"https:\/\/blog.zeit.de\/zeit-der-leser\/wp-json\/wp\/v2\/media?parent=5141"}],"wp:term":[{"taxonomy":"category","embeddable":true,"href":"https:\/\/blog.zeit.de\/zeit-der-leser\/wp-json\/wp\/v2\/categories?post=5141"},{"taxonomy":"post_tag","embeddable":true,"href":"https:\/\/blog.zeit.de\/zeit-der-leser\/wp-json\/wp\/v2\/tags?post=5141"}],"curies":[{"name":"wp","href":"https:\/\/api.w.org\/{rel}","templated":true}]}}