{"id":5150,"date":"2011-04-25T10:00:51","date_gmt":"2011-04-25T08:00:51","guid":{"rendered":"http:\/\/blog.zeit.de\/zeit-der-leser\/?p=5150"},"modified":"2011-04-20T16:36:27","modified_gmt":"2011-04-20T14:36:27","slug":"schone-gruse-6","status":"publish","type":"post","link":"https:\/\/blog.zeit.de\/zeit-der-leser\/2011\/04\/25\/schone-gruse-6\/","title":{"rendered":"Sch\u00f6ne Gr\u00fc\u00dfe"},"content":{"rendered":"<p><figure id=\"attachment_5152\" aria-describedby=\"caption-attachment-5152\" style=\"width: 540px\" class=\"wp-caption alignleft\"><a href=\"https:\/\/blog.zeit.de\/zeit-der-leser\/files\/2011\/04\/Hilde-Gr\u00fc\u00dfe1.jpg\"><img loading=\"lazy\" decoding=\"async\" class=\"size-full wp-image-5152\" title=\"Hilde Gr\u00fc\u00dfe\" src=\"https:\/\/blog.zeit.de\/zeit-der-leser\/files\/2011\/04\/Hilde-Gr\u00fc\u00dfe1.jpg\" alt=\"\" width=\"540\" height=\"304\" srcset=\"https:\/\/blog.zeit.de\/zeit-der-leser\/files\/2011\/04\/Hilde-Gr\u00fc\u00dfe1.jpg 540w, https:\/\/blog.zeit.de\/zeit-der-leser\/files\/2011\/04\/Hilde-Gr\u00fc\u00dfe1-300x168.jpg 300w\" sizes=\"auto, (max-width: 540px) 100vw, 540px\" \/><\/a><figcaption id=\"caption-attachment-5152\" class=\"wp-caption-text\">Foto: privat<\/figcaption><\/figure><\/p>\n<p>Liebe Hilde,<\/p>\n<p>ob\u00adwohl 700 Kilometer zwischen Tu\u0308b\u00adingen und Hamb\u00adurg liegen, verb\u00adindet uns seit 35 Jahren eine innige und verla\u0308ssliche Freundschaft. Besonders dankb\u00adar b\u00adin ich dafu\u0308r, dass Du mich so magst, wie ich b\u00adin, mit all meinen Unzula\u0308nglichkeiten. Und damit Du b\u00adald mal wieder einmal in den Norden kommst, schicke ich Dir heute auf diesem ungewo\u0308hnlichen Weg dieses Foto von Deinem letzten Besuch in Hamb\u00adurg. Sei gegru\u0308\u00dft und umarmt von Deiner Freundin.<\/p>\n<p><em>Angelika Bittner, Hamb\u00adurg<\/em><\/p>\n","protected":false},"excerpt":{"rendered":"<p>Liebe Hilde, ob\u00adwohl 700 Kilometer zwischen Tu\u0308b\u00adingen und Hamb\u00adurg liegen, verb\u00adindet uns seit 35 Jahren eine innige und verla\u0308ssliche Freundschaft. Besonders dankb\u00adar b\u00adin ich dafu\u0308r, dass Du mich so magst, wie ich b\u00adin, mit all meinen Unzula\u0308nglichkeiten. Und damit Du b\u00adald mal wieder einmal in den Norden kommst, schicke ich Dir heute auf diesem ungewo\u0308hnlichen [&hellip;]<\/p>\n","protected":false},"author":265,"featured_media":0,"comment_status":"open","ping_status":"open","sticky":false,"template":"","format":"standard","meta":{"_jetpack_memberships_contains_paid_content":false,"footnotes":""},"categories":[1875],"tags":[],"class_list":["post-5150","post","type-post","status-publish","format-standard","hentry","category-schone-gruse"],"yoast_head":"<!-- This site is optimized with the Yoast SEO plugin v21.0 - https:\/\/yoast.com\/wordpress\/plugins\/seo\/ -->\n<title>Sch\u00f6ne Gr\u00fc\u00dfe - ZEIT der Leser<\/title>\n<meta name=\"robots\" content=\"index, follow, max-snippet:-1, max-image-preview:large, max-video-preview:-1\" \/>\n<link rel=\"canonical\" href=\"https:\/\/blog.zeit.de\/zeit-der-leser\/2011\/04\/25\/schone-gruse-6\/\" \/>\n<meta property=\"og:locale\" content=\"de_DE\" \/>\n<meta property=\"og:type\" content=\"article\" \/>\n<meta property=\"og:title\" content=\"Sch\u00f6ne Gr\u00fc\u00dfe - ZEIT der Leser\" \/>\n<meta property=\"og:description\" content=\"Liebe Hilde, ob\u00adwohl 700 Kilometer zwischen Tu\u0308b\u00adingen und Hamb\u00adurg liegen, verb\u00adindet uns seit 35 Jahren eine innige und verla\u0308ssliche Freundschaft. Besonders dankb\u00adar b\u00adin ich dafu\u0308r, dass Du mich so magst, wie ich b\u00adin, mit all meinen Unzula\u0308nglichkeiten. Und damit Du b\u00adald mal wieder einmal in den Norden kommst, schicke ich Dir heute auf diesem ungewo\u0308hnlichen [&hellip;]\" \/>\n<meta property=\"og:url\" content=\"https:\/\/blog.zeit.de\/zeit-der-leser\/2011\/04\/25\/schone-gruse-6\/\" \/>\n<meta property=\"og:site_name\" content=\"ZEIT der Leser\" \/>\n<meta property=\"article:published_time\" content=\"2011-04-25T08:00:51+00:00\" \/>\n<meta property=\"article:modified_time\" content=\"2011-04-20T14:36:27+00:00\" \/>\n<meta name=\"author\" content=\"&quot;Zeit der Leser&quot;-Redaktion\" \/>\n<meta name=\"twitter:card\" content=\"summary_large_image\" \/>\n<meta name=\"twitter:label1\" content=\"Geschrieben von\" \/>\n\t<meta name=\"twitter:data1\" content=\"\"Zeit der Leser\"-Redaktion\" \/>\n<script type=\"application\/ld+json\" class=\"yoast-schema-graph\">{\"@context\":\"https:\/\/schema.org\",\"@graph\":[{\"@type\":\"WebPage\",\"@id\":\"https:\/\/blog.zeit.de\/zeit-der-leser\/2011\/04\/25\/schone-gruse-6\/\",\"url\":\"https:\/\/blog.zeit.de\/zeit-der-leser\/2011\/04\/25\/schone-gruse-6\/\",\"name\":\"Sch\u00f6ne Gr\u00fc\u00dfe - ZEIT der Leser\",\"isPartOf\":{\"@id\":\"https:\/\/blog.zeit.de\/zeit-der-leser\/#website\"},\"datePublished\":\"2011-04-25T08:00:51+00:00\",\"dateModified\":\"2011-04-20T14:36:27+00:00\",\"author\":{\"@id\":\"https:\/\/blog.zeit.de\/zeit-der-leser\/#\/schema\/person\/583b14e5ad6368c23af846ecbde9f20f\"},\"breadcrumb\":{\"@id\":\"https:\/\/blog.zeit.de\/zeit-der-leser\/2011\/04\/25\/schone-gruse-6\/#breadcrumb\"},\"inLanguage\":\"de\",\"potentialAction\":[{\"@type\":\"ReadAction\",\"target\":[\"https:\/\/blog.zeit.de\/zeit-der-leser\/2011\/04\/25\/schone-gruse-6\/\"]}]},{\"@type\":\"BreadcrumbList\",\"@id\":\"https:\/\/blog.zeit.de\/zeit-der-leser\/2011\/04\/25\/schone-gruse-6\/#breadcrumb\",\"itemListElement\":[{\"@type\":\"ListItem\",\"position\":1,\"name\":\"Startseite\",\"item\":\"https:\/\/blog.zeit.de\/zeit-der-leser\/\"},{\"@type\":\"ListItem\",\"position\":2,\"name\":\"Sch\u00f6ne Gr\u00fc\u00dfe\"}]},{\"@type\":\"WebSite\",\"@id\":\"https:\/\/blog.zeit.de\/zeit-der-leser\/#website\",\"url\":\"https:\/\/blog.zeit.de\/zeit-der-leser\/\",\"name\":\"ZEIT der Leser\",\"description\":\"Ein Blog mit Ihren Notizen, Gedichten und Bildern f\u00fcr die gedruckte ZEIT\",\"potentialAction\":[{\"@type\":\"SearchAction\",\"target\":{\"@type\":\"EntryPoint\",\"urlTemplate\":\"https:\/\/blog.zeit.de\/zeit-der-leser\/?s={search_term_string}\"},\"query-input\":\"required name=search_term_string\"}],\"inLanguage\":\"de\"},{\"@type\":\"Person\",\"@id\":\"https:\/\/blog.zeit.de\/zeit-der-leser\/#\/schema\/person\/583b14e5ad6368c23af846ecbde9f20f\",\"name\":\"\\\"Zeit der Leser\\\"-Redaktion\",\"image\":{\"@type\":\"ImageObject\",\"inLanguage\":\"de\",\"@id\":\"https:\/\/blog.zeit.de\/zeit-der-leser\/#\/schema\/person\/image\/\",\"url\":\"https:\/\/secure.gravatar.com\/avatar\/e801a681bd3bbf2345131a815930b48d9f8e0a94de1346b624840dc850f67ad0?s=96&d=mm&r=g\",\"contentUrl\":\"https:\/\/secure.gravatar.com\/avatar\/e801a681bd3bbf2345131a815930b48d9f8e0a94de1346b624840dc850f67ad0?s=96&d=mm&r=g\",\"caption\":\"\\\"Zeit der Leser\\\"-Redaktion\"},\"url\":\"https:\/\/blog.zeit.de\/zeit-der-leser\/author\/zeit-der-leser-redaktion\/\"}]}<\/script>\n<!-- \/ Yoast SEO plugin. -->","yoast_head_json":{"title":"Sch\u00f6ne Gr\u00fc\u00dfe - ZEIT der Leser","robots":{"index":"index","follow":"follow","max-snippet":"max-snippet:-1","max-image-preview":"max-image-preview:large","max-video-preview":"max-video-preview:-1"},"canonical":"https:\/\/blog.zeit.de\/zeit-der-leser\/2011\/04\/25\/schone-gruse-6\/","og_locale":"de_DE","og_type":"article","og_title":"Sch\u00f6ne Gr\u00fc\u00dfe - ZEIT der Leser","og_description":"Liebe Hilde, ob\u00adwohl 700 Kilometer zwischen Tu\u0308b\u00adingen und Hamb\u00adurg liegen, verb\u00adindet uns seit 35 Jahren eine innige und verla\u0308ssliche Freundschaft. Besonders dankb\u00adar b\u00adin ich dafu\u0308r, dass Du mich so magst, wie ich b\u00adin, mit all meinen Unzula\u0308nglichkeiten. Und damit Du b\u00adald mal wieder einmal in den Norden kommst, schicke ich Dir heute auf diesem ungewo\u0308hnlichen [&hellip;]","og_url":"https:\/\/blog.zeit.de\/zeit-der-leser\/2011\/04\/25\/schone-gruse-6\/","og_site_name":"ZEIT der Leser","article_published_time":"2011-04-25T08:00:51+00:00","article_modified_time":"2011-04-20T14:36:27+00:00","author":"\"Zeit der Leser\"-Redaktion","twitter_card":"summary_large_image","twitter_misc":{"Geschrieben von":"\"Zeit der Leser\"-Redaktion"},"schema":{"@context":"https:\/\/schema.org","@graph":[{"@type":"WebPage","@id":"https:\/\/blog.zeit.de\/zeit-der-leser\/2011\/04\/25\/schone-gruse-6\/","url":"https:\/\/blog.zeit.de\/zeit-der-leser\/2011\/04\/25\/schone-gruse-6\/","name":"Sch\u00f6ne Gr\u00fc\u00dfe - ZEIT der Leser","isPartOf":{"@id":"https:\/\/blog.zeit.de\/zeit-der-leser\/#website"},"datePublished":"2011-04-25T08:00:51+00:00","dateModified":"2011-04-20T14:36:27+00:00","author":{"@id":"https:\/\/blog.zeit.de\/zeit-der-leser\/#\/schema\/person\/583b14e5ad6368c23af846ecbde9f20f"},"breadcrumb":{"@id":"https:\/\/blog.zeit.de\/zeit-der-leser\/2011\/04\/25\/schone-gruse-6\/#breadcrumb"},"inLanguage":"de","potentialAction":[{"@type":"ReadAction","target":["https:\/\/blog.zeit.de\/zeit-der-leser\/2011\/04\/25\/schone-gruse-6\/"]}]},{"@type":"BreadcrumbList","@id":"https:\/\/blog.zeit.de\/zeit-der-leser\/2011\/04\/25\/schone-gruse-6\/#breadcrumb","itemListElement":[{"@type":"ListItem","position":1,"name":"Startseite","item":"https:\/\/blog.zeit.de\/zeit-der-leser\/"},{"@type":"ListItem","position":2,"name":"Sch\u00f6ne Gr\u00fc\u00dfe"}]},{"@type":"WebSite","@id":"https:\/\/blog.zeit.de\/zeit-der-leser\/#website","url":"https:\/\/blog.zeit.de\/zeit-der-leser\/","name":"ZEIT der Leser","description":"Ein Blog mit Ihren Notizen, Gedichten und Bildern f\u00fcr die gedruckte ZEIT","potentialAction":[{"@type":"SearchAction","target":{"@type":"EntryPoint","urlTemplate":"https:\/\/blog.zeit.de\/zeit-der-leser\/?s={search_term_string}"},"query-input":"required name=search_term_string"}],"inLanguage":"de"},{"@type":"Person","@id":"https:\/\/blog.zeit.de\/zeit-der-leser\/#\/schema\/person\/583b14e5ad6368c23af846ecbde9f20f","name":"\"Zeit der Leser\"-Redaktion","image":{"@type":"ImageObject","inLanguage":"de","@id":"https:\/\/blog.zeit.de\/zeit-der-leser\/#\/schema\/person\/image\/","url":"https:\/\/secure.gravatar.com\/avatar\/e801a681bd3bbf2345131a815930b48d9f8e0a94de1346b624840dc850f67ad0?s=96&d=mm&r=g","contentUrl":"https:\/\/secure.gravatar.com\/avatar\/e801a681bd3bbf2345131a815930b48d9f8e0a94de1346b624840dc850f67ad0?s=96&d=mm&r=g","caption":"\"Zeit der Leser\"-Redaktion"},"url":"https:\/\/blog.zeit.de\/zeit-der-leser\/author\/zeit-der-leser-redaktion\/"}]}},"jetpack_featured_media_url":"","jetpack_sharing_enabled":true,"_links":{"self":[{"href":"https:\/\/blog.zeit.de\/zeit-der-leser\/wp-json\/wp\/v2\/posts\/5150","targetHints":{"allow":["GET"]}}],"collection":[{"href":"https:\/\/blog.zeit.de\/zeit-der-leser\/wp-json\/wp\/v2\/posts"}],"about":[{"href":"https:\/\/blog.zeit.de\/zeit-der-leser\/wp-json\/wp\/v2\/types\/post"}],"author":[{"embeddable":true,"href":"https:\/\/blog.zeit.de\/zeit-der-leser\/wp-json\/wp\/v2\/users\/265"}],"replies":[{"embeddable":true,"href":"https:\/\/blog.zeit.de\/zeit-der-leser\/wp-json\/wp\/v2\/comments?post=5150"}],"version-history":[{"count":3,"href":"https:\/\/blog.zeit.de\/zeit-der-leser\/wp-json\/wp\/v2\/posts\/5150\/revisions"}],"predecessor-version":[{"id":5159,"href":"https:\/\/blog.zeit.de\/zeit-der-leser\/wp-json\/wp\/v2\/posts\/5150\/revisions\/5159"}],"wp:attachment":[{"href":"https:\/\/blog.zeit.de\/zeit-der-leser\/wp-json\/wp\/v2\/media?parent=5150"}],"wp:term":[{"taxonomy":"category","embeddable":true,"href":"https:\/\/blog.zeit.de\/zeit-der-leser\/wp-json\/wp\/v2\/categories?post=5150"},{"taxonomy":"post_tag","embeddable":true,"href":"https:\/\/blog.zeit.de\/zeit-der-leser\/wp-json\/wp\/v2\/tags?post=5150"}],"curies":[{"name":"wp","href":"https:\/\/api.w.org\/{rel}","templated":true}]}}