{"id":5185,"date":"2011-04-28T10:00:16","date_gmt":"2011-04-28T08:00:16","guid":{"rendered":"http:\/\/blog.zeit.de\/zeit-der-leser\/?p=5185"},"modified":"2011-04-27T18:27:20","modified_gmt":"2011-04-27T16:27:20","slug":"kritzelei-der-woche-8","status":"publish","type":"post","link":"https:\/\/blog.zeit.de\/zeit-der-leser\/2011\/04\/28\/kritzelei-der-woche-8\/","title":{"rendered":"Kritzelei der Woche"},"content":{"rendered":"<p><a href=\"https:\/\/blog.zeit.de\/zeit-der-leser\/files\/2011\/04\/s88-kritzelei-1.jpg\"><img loading=\"lazy\" decoding=\"async\" class=\"aligncenter size-full wp-image-5186\" title=\"s88-kritzelei-1\" src=\"https:\/\/blog.zeit.de\/zeit-der-leser\/files\/2011\/04\/s88-kritzelei-1.jpg\" alt=\"\" width=\"540\" height=\"364\" srcset=\"https:\/\/blog.zeit.de\/zeit-der-leser\/files\/2011\/04\/s88-kritzelei-1.jpg 540w, https:\/\/blog.zeit.de\/zeit-der-leser\/files\/2011\/04\/s88-kritzelei-1-300x202.jpg 300w\" sizes=\"auto, (max-width: 540px) 100vw, 540px\" \/><\/a>Die Vorlesung zum Thema \u00bbAlltag eines Klinikhygienikers\u00ab war absolut urlangweilig, und Alternativen (schw\u00e4tzen, lesen, tr\u00e4umen) gab es nicht. Der H\u00f6rsaal hatte nicht einmal Fenster, aus denen man h\u00e4tte hinausschauen k\u00f6nnen. Da reichte das Wort \u00bbKrakenhaus\u00ab, das statt \u00bbKrankenhaus\u00ab auf einer der Folien auftauchte, um eine un\u00adgeahnte Welle an Kritzel\u00adKreativit\u00e4t in mir freizusetzen. Hier meine Doktorensamm\u00adlung aus dem Krakenhaus.<\/p>\n<p><em>Olivia Marti, Jena<\/em><\/p>\n","protected":false},"excerpt":{"rendered":"<p>Die Vorlesung zum Thema \u00bbAlltag eines Klinikhygienikers\u00ab war absolut urlangweilig, und Alternativen (schw\u00e4tzen, lesen, tr\u00e4umen) gab es nicht. Der H\u00f6rsaal hatte nicht einmal Fenster, aus denen man h\u00e4tte hinausschauen k\u00f6nnen. Da reichte das Wort \u00bbKrakenhaus\u00ab, das statt \u00bbKrankenhaus\u00ab auf einer der Folien auftauchte, um eine un\u00adgeahnte Welle an Kritzel\u00adKreativit\u00e4t in mir freizusetzen. Hier meine Doktorensamm\u00adlung [&hellip;]<\/p>\n","protected":false},"author":265,"featured_media":0,"comment_status":"open","ping_status":"open","sticky":false,"template":"","format":"standard","meta":{"_jetpack_memberships_contains_paid_content":false,"footnotes":""},"categories":[1874],"tags":[],"class_list":["post-5185","post","type-post","status-publish","format-standard","hentry","category-kritzelei-der-woche"],"yoast_head":"<!-- This site is optimized with the Yoast SEO plugin v21.0 - https:\/\/yoast.com\/wordpress\/plugins\/seo\/ -->\n<title>Kritzelei der Woche - ZEIT der Leser<\/title>\n<meta name=\"robots\" content=\"index, follow, max-snippet:-1, max-image-preview:large, max-video-preview:-1\" \/>\n<link rel=\"canonical\" href=\"https:\/\/blog.zeit.de\/zeit-der-leser\/2011\/04\/28\/kritzelei-der-woche-8\/\" \/>\n<meta property=\"og:locale\" content=\"de_DE\" \/>\n<meta property=\"og:type\" content=\"article\" \/>\n<meta property=\"og:title\" content=\"Kritzelei der Woche - ZEIT der Leser\" \/>\n<meta property=\"og:description\" content=\"Die Vorlesung zum Thema \u00bbAlltag eines Klinikhygienikers\u00ab war absolut urlangweilig, und Alternativen (schw\u00e4tzen, lesen, tr\u00e4umen) gab es nicht. Der H\u00f6rsaal hatte nicht einmal Fenster, aus denen man h\u00e4tte hinausschauen k\u00f6nnen. Da reichte das Wort \u00bbKrakenhaus\u00ab, das statt \u00bbKrankenhaus\u00ab auf einer der Folien auftauchte, um eine un\u00adgeahnte Welle an Kritzel\u00adKreativit\u00e4t in mir freizusetzen. Hier meine Doktorensamm\u00adlung [&hellip;]\" \/>\n<meta property=\"og:url\" content=\"https:\/\/blog.zeit.de\/zeit-der-leser\/2011\/04\/28\/kritzelei-der-woche-8\/\" \/>\n<meta property=\"og:site_name\" content=\"ZEIT der Leser\" \/>\n<meta property=\"article:published_time\" content=\"2011-04-28T08:00:16+00:00\" \/>\n<meta property=\"article:modified_time\" content=\"2011-04-27T16:27:20+00:00\" \/>\n<meta property=\"og:image\" content=\"https:\/\/blog.zeit.de\/zeit-der-leser\/files\/2011\/04\/s88-kritzelei-1.jpg\" \/>\n<meta name=\"author\" content=\"&quot;Zeit der Leser&quot;-Redaktion\" \/>\n<meta name=\"twitter:card\" content=\"summary_large_image\" \/>\n<meta name=\"twitter:label1\" content=\"Geschrieben von\" \/>\n\t<meta name=\"twitter:data1\" content=\"\"Zeit der Leser\"-Redaktion\" \/>\n<script type=\"application\/ld+json\" class=\"yoast-schema-graph\">{\"@context\":\"https:\/\/schema.org\",\"@graph\":[{\"@type\":\"WebPage\",\"@id\":\"https:\/\/blog.zeit.de\/zeit-der-leser\/2011\/04\/28\/kritzelei-der-woche-8\/\",\"url\":\"https:\/\/blog.zeit.de\/zeit-der-leser\/2011\/04\/28\/kritzelei-der-woche-8\/\",\"name\":\"Kritzelei der Woche - ZEIT der Leser\",\"isPartOf\":{\"@id\":\"https:\/\/blog.zeit.de\/zeit-der-leser\/#website\"},\"datePublished\":\"2011-04-28T08:00:16+00:00\",\"dateModified\":\"2011-04-27T16:27:20+00:00\",\"author\":{\"@id\":\"https:\/\/blog.zeit.de\/zeit-der-leser\/#\/schema\/person\/583b14e5ad6368c23af846ecbde9f20f\"},\"breadcrumb\":{\"@id\":\"https:\/\/blog.zeit.de\/zeit-der-leser\/2011\/04\/28\/kritzelei-der-woche-8\/#breadcrumb\"},\"inLanguage\":\"de\",\"potentialAction\":[{\"@type\":\"ReadAction\",\"target\":[\"https:\/\/blog.zeit.de\/zeit-der-leser\/2011\/04\/28\/kritzelei-der-woche-8\/\"]}]},{\"@type\":\"BreadcrumbList\",\"@id\":\"https:\/\/blog.zeit.de\/zeit-der-leser\/2011\/04\/28\/kritzelei-der-woche-8\/#breadcrumb\",\"itemListElement\":[{\"@type\":\"ListItem\",\"position\":1,\"name\":\"Startseite\",\"item\":\"https:\/\/blog.zeit.de\/zeit-der-leser\/\"},{\"@type\":\"ListItem\",\"position\":2,\"name\":\"Kritzelei der Woche\"}]},{\"@type\":\"WebSite\",\"@id\":\"https:\/\/blog.zeit.de\/zeit-der-leser\/#website\",\"url\":\"https:\/\/blog.zeit.de\/zeit-der-leser\/\",\"name\":\"ZEIT der Leser\",\"description\":\"Ein Blog mit Ihren Notizen, Gedichten und Bildern f\u00fcr die gedruckte ZEIT\",\"potentialAction\":[{\"@type\":\"SearchAction\",\"target\":{\"@type\":\"EntryPoint\",\"urlTemplate\":\"https:\/\/blog.zeit.de\/zeit-der-leser\/?s={search_term_string}\"},\"query-input\":\"required name=search_term_string\"}],\"inLanguage\":\"de\"},{\"@type\":\"Person\",\"@id\":\"https:\/\/blog.zeit.de\/zeit-der-leser\/#\/schema\/person\/583b14e5ad6368c23af846ecbde9f20f\",\"name\":\"\\\"Zeit der Leser\\\"-Redaktion\",\"image\":{\"@type\":\"ImageObject\",\"inLanguage\":\"de\",\"@id\":\"https:\/\/blog.zeit.de\/zeit-der-leser\/#\/schema\/person\/image\/\",\"url\":\"https:\/\/secure.gravatar.com\/avatar\/e801a681bd3bbf2345131a815930b48d9f8e0a94de1346b624840dc850f67ad0?s=96&d=mm&r=g\",\"contentUrl\":\"https:\/\/secure.gravatar.com\/avatar\/e801a681bd3bbf2345131a815930b48d9f8e0a94de1346b624840dc850f67ad0?s=96&d=mm&r=g\",\"caption\":\"\\\"Zeit der Leser\\\"-Redaktion\"},\"url\":\"https:\/\/blog.zeit.de\/zeit-der-leser\/author\/zeit-der-leser-redaktion\/\"}]}<\/script>\n<!-- \/ Yoast SEO plugin. -->","yoast_head_json":{"title":"Kritzelei der Woche - ZEIT der Leser","robots":{"index":"index","follow":"follow","max-snippet":"max-snippet:-1","max-image-preview":"max-image-preview:large","max-video-preview":"max-video-preview:-1"},"canonical":"https:\/\/blog.zeit.de\/zeit-der-leser\/2011\/04\/28\/kritzelei-der-woche-8\/","og_locale":"de_DE","og_type":"article","og_title":"Kritzelei der Woche - ZEIT der Leser","og_description":"Die Vorlesung zum Thema \u00bbAlltag eines Klinikhygienikers\u00ab war absolut urlangweilig, und Alternativen (schw\u00e4tzen, lesen, tr\u00e4umen) gab es nicht. Der H\u00f6rsaal hatte nicht einmal Fenster, aus denen man h\u00e4tte hinausschauen k\u00f6nnen. Da reichte das Wort \u00bbKrakenhaus\u00ab, das statt \u00bbKrankenhaus\u00ab auf einer der Folien auftauchte, um eine un\u00adgeahnte Welle an Kritzel\u00adKreativit\u00e4t in mir freizusetzen. Hier meine Doktorensamm\u00adlung [&hellip;]","og_url":"https:\/\/blog.zeit.de\/zeit-der-leser\/2011\/04\/28\/kritzelei-der-woche-8\/","og_site_name":"ZEIT der Leser","article_published_time":"2011-04-28T08:00:16+00:00","article_modified_time":"2011-04-27T16:27:20+00:00","og_image":[{"url":"https:\/\/blog.zeit.de\/zeit-der-leser\/files\/2011\/04\/s88-kritzelei-1.jpg"}],"author":"\"Zeit der Leser\"-Redaktion","twitter_card":"summary_large_image","twitter_misc":{"Geschrieben von":"\"Zeit der Leser\"-Redaktion"},"schema":{"@context":"https:\/\/schema.org","@graph":[{"@type":"WebPage","@id":"https:\/\/blog.zeit.de\/zeit-der-leser\/2011\/04\/28\/kritzelei-der-woche-8\/","url":"https:\/\/blog.zeit.de\/zeit-der-leser\/2011\/04\/28\/kritzelei-der-woche-8\/","name":"Kritzelei der Woche - ZEIT der Leser","isPartOf":{"@id":"https:\/\/blog.zeit.de\/zeit-der-leser\/#website"},"datePublished":"2011-04-28T08:00:16+00:00","dateModified":"2011-04-27T16:27:20+00:00","author":{"@id":"https:\/\/blog.zeit.de\/zeit-der-leser\/#\/schema\/person\/583b14e5ad6368c23af846ecbde9f20f"},"breadcrumb":{"@id":"https:\/\/blog.zeit.de\/zeit-der-leser\/2011\/04\/28\/kritzelei-der-woche-8\/#breadcrumb"},"inLanguage":"de","potentialAction":[{"@type":"ReadAction","target":["https:\/\/blog.zeit.de\/zeit-der-leser\/2011\/04\/28\/kritzelei-der-woche-8\/"]}]},{"@type":"BreadcrumbList","@id":"https:\/\/blog.zeit.de\/zeit-der-leser\/2011\/04\/28\/kritzelei-der-woche-8\/#breadcrumb","itemListElement":[{"@type":"ListItem","position":1,"name":"Startseite","item":"https:\/\/blog.zeit.de\/zeit-der-leser\/"},{"@type":"ListItem","position":2,"name":"Kritzelei der Woche"}]},{"@type":"WebSite","@id":"https:\/\/blog.zeit.de\/zeit-der-leser\/#website","url":"https:\/\/blog.zeit.de\/zeit-der-leser\/","name":"ZEIT der Leser","description":"Ein Blog mit Ihren Notizen, Gedichten und Bildern f\u00fcr die gedruckte ZEIT","potentialAction":[{"@type":"SearchAction","target":{"@type":"EntryPoint","urlTemplate":"https:\/\/blog.zeit.de\/zeit-der-leser\/?s={search_term_string}"},"query-input":"required name=search_term_string"}],"inLanguage":"de"},{"@type":"Person","@id":"https:\/\/blog.zeit.de\/zeit-der-leser\/#\/schema\/person\/583b14e5ad6368c23af846ecbde9f20f","name":"\"Zeit der Leser\"-Redaktion","image":{"@type":"ImageObject","inLanguage":"de","@id":"https:\/\/blog.zeit.de\/zeit-der-leser\/#\/schema\/person\/image\/","url":"https:\/\/secure.gravatar.com\/avatar\/e801a681bd3bbf2345131a815930b48d9f8e0a94de1346b624840dc850f67ad0?s=96&d=mm&r=g","contentUrl":"https:\/\/secure.gravatar.com\/avatar\/e801a681bd3bbf2345131a815930b48d9f8e0a94de1346b624840dc850f67ad0?s=96&d=mm&r=g","caption":"\"Zeit der Leser\"-Redaktion"},"url":"https:\/\/blog.zeit.de\/zeit-der-leser\/author\/zeit-der-leser-redaktion\/"}]}},"jetpack_featured_media_url":"","jetpack_sharing_enabled":true,"_links":{"self":[{"href":"https:\/\/blog.zeit.de\/zeit-der-leser\/wp-json\/wp\/v2\/posts\/5185","targetHints":{"allow":["GET"]}}],"collection":[{"href":"https:\/\/blog.zeit.de\/zeit-der-leser\/wp-json\/wp\/v2\/posts"}],"about":[{"href":"https:\/\/blog.zeit.de\/zeit-der-leser\/wp-json\/wp\/v2\/types\/post"}],"author":[{"embeddable":true,"href":"https:\/\/blog.zeit.de\/zeit-der-leser\/wp-json\/wp\/v2\/users\/265"}],"replies":[{"embeddable":true,"href":"https:\/\/blog.zeit.de\/zeit-der-leser\/wp-json\/wp\/v2\/comments?post=5185"}],"version-history":[{"count":2,"href":"https:\/\/blog.zeit.de\/zeit-der-leser\/wp-json\/wp\/v2\/posts\/5185\/revisions"}],"predecessor-version":[{"id":5188,"href":"https:\/\/blog.zeit.de\/zeit-der-leser\/wp-json\/wp\/v2\/posts\/5185\/revisions\/5188"}],"wp:attachment":[{"href":"https:\/\/blog.zeit.de\/zeit-der-leser\/wp-json\/wp\/v2\/media?parent=5185"}],"wp:term":[{"taxonomy":"category","embeddable":true,"href":"https:\/\/blog.zeit.de\/zeit-der-leser\/wp-json\/wp\/v2\/categories?post=5185"},{"taxonomy":"post_tag","embeddable":true,"href":"https:\/\/blog.zeit.de\/zeit-der-leser\/wp-json\/wp\/v2\/tags?post=5185"}],"curies":[{"name":"wp","href":"https:\/\/api.w.org\/{rel}","templated":true}]}}