{"id":5195,"date":"2011-04-29T10:00:29","date_gmt":"2011-04-29T08:00:29","guid":{"rendered":"http:\/\/blog.zeit.de\/zeit-der-leser\/?p=5195"},"modified":"2011-04-27T18:31:28","modified_gmt":"2011-04-27T16:31:28","slug":"wiedergefunden-die-uberseekiste","status":"publish","type":"post","link":"https:\/\/blog.zeit.de\/zeit-der-leser\/2011\/04\/29\/wiedergefunden-die-uberseekiste\/","title":{"rendered":"Wiedergefunden: Die \u00dcberseekiste"},"content":{"rendered":"<p><a href=\"https:\/\/blog.zeit.de\/zeit-der-leser\/files\/2011\/04\/s88-wiedergefunden.jpg\"><img loading=\"lazy\" decoding=\"async\" class=\"aligncenter size-full wp-image-5196\" title=\"s88-wiedergefunden\" src=\"https:\/\/blog.zeit.de\/zeit-der-leser\/files\/2011\/04\/s88-wiedergefunden.jpg\" alt=\"\" width=\"540\" height=\"308\" srcset=\"https:\/\/blog.zeit.de\/zeit-der-leser\/files\/2011\/04\/s88-wiedergefunden.jpg 540w, https:\/\/blog.zeit.de\/zeit-der-leser\/files\/2011\/04\/s88-wiedergefunden-300x171.jpg 300w\" sizes=\"auto, (max-width: 540px) 100vw, 540px\" \/><\/a>Im Jahr 1970 wechselte meine Schwiegermut\u00adter von einer Missionsstation in Namibia, das damals noch S\u00fcdwestafrika hie\u00df, nach Peru. Einen Teil ihrer Sachen schickte sie in zwei gro\u00dfen \u00dcberseekisten an ihre Familie in Deutschland. Als unsere beiden\u00a0\u00a0 j\u00fcngeren Kinder vor einigen Jahren jeweils einen eige\u00adnen Hausstand gr\u00fcndeten, st\u00f6berten sie im Kellerger\u00fcmpel nach brauchbaren Sachen. Beide erkoren diese Kisten als Wohnzim\u00admertisch. So steht jetzt eine Kiste in M\u00fcnchen (Foto) und eine in Lausanne. Die Schwiegermutter lebt schon lange nicht mehr, und Klein\u00ad Krotzenburg ist kein eigen\u00ad st\u00e4ndiger Ort mehr, sondern Teil von Hain\u00adburg in Hessen. Aber der \u00bbDuft der gro\u00dfen, weiten Welt\u00ab bleibt.<br \/>\n<em> Doris Henninger, Erlangen<\/em><\/p>\n","protected":false},"excerpt":{"rendered":"<p>Im Jahr 1970 wechselte meine Schwiegermut\u00adter von einer Missionsstation in Namibia, das damals noch S\u00fcdwestafrika hie\u00df, nach Peru. Einen Teil ihrer Sachen schickte sie in zwei gro\u00dfen \u00dcberseekisten an ihre Familie in Deutschland. Als unsere beiden\u00a0\u00a0 j\u00fcngeren Kinder vor einigen Jahren jeweils einen eige\u00adnen Hausstand gr\u00fcndeten, st\u00f6berten sie im Kellerger\u00fcmpel nach brauchbaren Sachen. Beide erkoren [&hellip;]<\/p>\n","protected":false},"author":323,"featured_media":0,"comment_status":"open","ping_status":"open","sticky":false,"template":"","format":"standard","meta":{"_jetpack_memberships_contains_paid_content":false,"footnotes":""},"categories":[1876],"tags":[],"class_list":["post-5195","post","type-post","status-publish","format-standard","hentry","category-wiedergefunden"],"yoast_head":"<!-- This site is optimized with the Yoast SEO plugin v21.0 - https:\/\/yoast.com\/wordpress\/plugins\/seo\/ -->\n<title>Wiedergefunden: Die \u00dcberseekiste - ZEIT der Leser<\/title>\n<meta name=\"robots\" content=\"index, follow, max-snippet:-1, max-image-preview:large, max-video-preview:-1\" \/>\n<link rel=\"canonical\" href=\"https:\/\/blog.zeit.de\/zeit-der-leser\/2011\/04\/29\/wiedergefunden-die-uberseekiste\/\" \/>\n<meta property=\"og:locale\" content=\"de_DE\" \/>\n<meta property=\"og:type\" content=\"article\" \/>\n<meta property=\"og:title\" content=\"Wiedergefunden: Die \u00dcberseekiste - ZEIT der Leser\" \/>\n<meta property=\"og:description\" content=\"Im Jahr 1970 wechselte meine Schwiegermut\u00adter von einer Missionsstation in Namibia, das damals noch S\u00fcdwestafrika hie\u00df, nach Peru. Einen Teil ihrer Sachen schickte sie in zwei gro\u00dfen \u00dcberseekisten an ihre Familie in Deutschland. Als unsere beiden\u00a0\u00a0 j\u00fcngeren Kinder vor einigen Jahren jeweils einen eige\u00adnen Hausstand gr\u00fcndeten, st\u00f6berten sie im Kellerger\u00fcmpel nach brauchbaren Sachen. Beide erkoren [&hellip;]\" \/>\n<meta property=\"og:url\" content=\"https:\/\/blog.zeit.de\/zeit-der-leser\/2011\/04\/29\/wiedergefunden-die-uberseekiste\/\" \/>\n<meta property=\"og:site_name\" content=\"ZEIT der Leser\" \/>\n<meta property=\"article:published_time\" content=\"2011-04-29T08:00:29+00:00\" \/>\n<meta property=\"article:modified_time\" content=\"2011-04-27T16:31:28+00:00\" \/>\n<meta property=\"og:image\" content=\"https:\/\/blog.zeit.de\/zeit-der-leser\/files\/2011\/04\/s88-wiedergefunden.jpg\" \/>\n<meta name=\"author\" content=\"Franziska Kelch\" \/>\n<meta name=\"twitter:card\" content=\"summary_large_image\" \/>\n<meta name=\"twitter:label1\" content=\"Geschrieben von\" \/>\n\t<meta name=\"twitter:data1\" content=\"Franziska Kelch\" \/>\n\t<meta name=\"twitter:label2\" content=\"Gesch\u00e4tzte Lesezeit\" \/>\n\t<meta name=\"twitter:data2\" content=\"1\u00a0Minute\" \/>\n<script type=\"application\/ld+json\" class=\"yoast-schema-graph\">{\"@context\":\"https:\/\/schema.org\",\"@graph\":[{\"@type\":\"WebPage\",\"@id\":\"https:\/\/blog.zeit.de\/zeit-der-leser\/2011\/04\/29\/wiedergefunden-die-uberseekiste\/\",\"url\":\"https:\/\/blog.zeit.de\/zeit-der-leser\/2011\/04\/29\/wiedergefunden-die-uberseekiste\/\",\"name\":\"Wiedergefunden: Die \u00dcberseekiste - ZEIT der Leser\",\"isPartOf\":{\"@id\":\"https:\/\/blog.zeit.de\/zeit-der-leser\/#website\"},\"datePublished\":\"2011-04-29T08:00:29+00:00\",\"dateModified\":\"2011-04-27T16:31:28+00:00\",\"author\":{\"@id\":\"https:\/\/blog.zeit.de\/zeit-der-leser\/#\/schema\/person\/eaa3c3ed8f838c4aafcd25e9710fcc68\"},\"breadcrumb\":{\"@id\":\"https:\/\/blog.zeit.de\/zeit-der-leser\/2011\/04\/29\/wiedergefunden-die-uberseekiste\/#breadcrumb\"},\"inLanguage\":\"de\",\"potentialAction\":[{\"@type\":\"ReadAction\",\"target\":[\"https:\/\/blog.zeit.de\/zeit-der-leser\/2011\/04\/29\/wiedergefunden-die-uberseekiste\/\"]}]},{\"@type\":\"BreadcrumbList\",\"@id\":\"https:\/\/blog.zeit.de\/zeit-der-leser\/2011\/04\/29\/wiedergefunden-die-uberseekiste\/#breadcrumb\",\"itemListElement\":[{\"@type\":\"ListItem\",\"position\":1,\"name\":\"Startseite\",\"item\":\"https:\/\/blog.zeit.de\/zeit-der-leser\/\"},{\"@type\":\"ListItem\",\"position\":2,\"name\":\"Wiedergefunden: Die \u00dcberseekiste\"}]},{\"@type\":\"WebSite\",\"@id\":\"https:\/\/blog.zeit.de\/zeit-der-leser\/#website\",\"url\":\"https:\/\/blog.zeit.de\/zeit-der-leser\/\",\"name\":\"ZEIT der Leser\",\"description\":\"Ein Blog mit Ihren Notizen, Gedichten und Bildern f\u00fcr die gedruckte ZEIT\",\"potentialAction\":[{\"@type\":\"SearchAction\",\"target\":{\"@type\":\"EntryPoint\",\"urlTemplate\":\"https:\/\/blog.zeit.de\/zeit-der-leser\/?s={search_term_string}\"},\"query-input\":\"required name=search_term_string\"}],\"inLanguage\":\"de\"},{\"@type\":\"Person\",\"@id\":\"https:\/\/blog.zeit.de\/zeit-der-leser\/#\/schema\/person\/eaa3c3ed8f838c4aafcd25e9710fcc68\",\"name\":\"Franziska Kelch\",\"image\":{\"@type\":\"ImageObject\",\"inLanguage\":\"de\",\"@id\":\"https:\/\/blog.zeit.de\/zeit-der-leser\/#\/schema\/person\/image\/\",\"url\":\"https:\/\/secure.gravatar.com\/avatar\/d7ae2b2bfc4c5c08ed3435dc2ecf53fcb6d4234c0aa486b8b64ce6549a61a378?s=96&d=mm&r=g\",\"contentUrl\":\"https:\/\/secure.gravatar.com\/avatar\/d7ae2b2bfc4c5c08ed3435dc2ecf53fcb6d4234c0aa486b8b64ce6549a61a378?s=96&d=mm&r=g\",\"caption\":\"Franziska Kelch\"},\"url\":\"https:\/\/blog.zeit.de\/zeit-der-leser\/author\/franziska-kelch\/\"}]}<\/script>\n<!-- \/ Yoast SEO plugin. -->","yoast_head_json":{"title":"Wiedergefunden: Die \u00dcberseekiste - ZEIT der Leser","robots":{"index":"index","follow":"follow","max-snippet":"max-snippet:-1","max-image-preview":"max-image-preview:large","max-video-preview":"max-video-preview:-1"},"canonical":"https:\/\/blog.zeit.de\/zeit-der-leser\/2011\/04\/29\/wiedergefunden-die-uberseekiste\/","og_locale":"de_DE","og_type":"article","og_title":"Wiedergefunden: Die \u00dcberseekiste - ZEIT der Leser","og_description":"Im Jahr 1970 wechselte meine Schwiegermut\u00adter von einer Missionsstation in Namibia, das damals noch S\u00fcdwestafrika hie\u00df, nach Peru. Einen Teil ihrer Sachen schickte sie in zwei gro\u00dfen \u00dcberseekisten an ihre Familie in Deutschland. Als unsere beiden\u00a0\u00a0 j\u00fcngeren Kinder vor einigen Jahren jeweils einen eige\u00adnen Hausstand gr\u00fcndeten, st\u00f6berten sie im Kellerger\u00fcmpel nach brauchbaren Sachen. Beide erkoren [&hellip;]","og_url":"https:\/\/blog.zeit.de\/zeit-der-leser\/2011\/04\/29\/wiedergefunden-die-uberseekiste\/","og_site_name":"ZEIT der Leser","article_published_time":"2011-04-29T08:00:29+00:00","article_modified_time":"2011-04-27T16:31:28+00:00","og_image":[{"url":"https:\/\/blog.zeit.de\/zeit-der-leser\/files\/2011\/04\/s88-wiedergefunden.jpg"}],"author":"Franziska Kelch","twitter_card":"summary_large_image","twitter_misc":{"Geschrieben von":"Franziska Kelch","Gesch\u00e4tzte Lesezeit":"1\u00a0Minute"},"schema":{"@context":"https:\/\/schema.org","@graph":[{"@type":"WebPage","@id":"https:\/\/blog.zeit.de\/zeit-der-leser\/2011\/04\/29\/wiedergefunden-die-uberseekiste\/","url":"https:\/\/blog.zeit.de\/zeit-der-leser\/2011\/04\/29\/wiedergefunden-die-uberseekiste\/","name":"Wiedergefunden: Die \u00dcberseekiste - ZEIT der Leser","isPartOf":{"@id":"https:\/\/blog.zeit.de\/zeit-der-leser\/#website"},"datePublished":"2011-04-29T08:00:29+00:00","dateModified":"2011-04-27T16:31:28+00:00","author":{"@id":"https:\/\/blog.zeit.de\/zeit-der-leser\/#\/schema\/person\/eaa3c3ed8f838c4aafcd25e9710fcc68"},"breadcrumb":{"@id":"https:\/\/blog.zeit.de\/zeit-der-leser\/2011\/04\/29\/wiedergefunden-die-uberseekiste\/#breadcrumb"},"inLanguage":"de","potentialAction":[{"@type":"ReadAction","target":["https:\/\/blog.zeit.de\/zeit-der-leser\/2011\/04\/29\/wiedergefunden-die-uberseekiste\/"]}]},{"@type":"BreadcrumbList","@id":"https:\/\/blog.zeit.de\/zeit-der-leser\/2011\/04\/29\/wiedergefunden-die-uberseekiste\/#breadcrumb","itemListElement":[{"@type":"ListItem","position":1,"name":"Startseite","item":"https:\/\/blog.zeit.de\/zeit-der-leser\/"},{"@type":"ListItem","position":2,"name":"Wiedergefunden: Die \u00dcberseekiste"}]},{"@type":"WebSite","@id":"https:\/\/blog.zeit.de\/zeit-der-leser\/#website","url":"https:\/\/blog.zeit.de\/zeit-der-leser\/","name":"ZEIT der Leser","description":"Ein Blog mit Ihren Notizen, Gedichten und Bildern f\u00fcr die gedruckte ZEIT","potentialAction":[{"@type":"SearchAction","target":{"@type":"EntryPoint","urlTemplate":"https:\/\/blog.zeit.de\/zeit-der-leser\/?s={search_term_string}"},"query-input":"required name=search_term_string"}],"inLanguage":"de"},{"@type":"Person","@id":"https:\/\/blog.zeit.de\/zeit-der-leser\/#\/schema\/person\/eaa3c3ed8f838c4aafcd25e9710fcc68","name":"Franziska Kelch","image":{"@type":"ImageObject","inLanguage":"de","@id":"https:\/\/blog.zeit.de\/zeit-der-leser\/#\/schema\/person\/image\/","url":"https:\/\/secure.gravatar.com\/avatar\/d7ae2b2bfc4c5c08ed3435dc2ecf53fcb6d4234c0aa486b8b64ce6549a61a378?s=96&d=mm&r=g","contentUrl":"https:\/\/secure.gravatar.com\/avatar\/d7ae2b2bfc4c5c08ed3435dc2ecf53fcb6d4234c0aa486b8b64ce6549a61a378?s=96&d=mm&r=g","caption":"Franziska Kelch"},"url":"https:\/\/blog.zeit.de\/zeit-der-leser\/author\/franziska-kelch\/"}]}},"jetpack_featured_media_url":"","jetpack_sharing_enabled":true,"_links":{"self":[{"href":"https:\/\/blog.zeit.de\/zeit-der-leser\/wp-json\/wp\/v2\/posts\/5195","targetHints":{"allow":["GET"]}}],"collection":[{"href":"https:\/\/blog.zeit.de\/zeit-der-leser\/wp-json\/wp\/v2\/posts"}],"about":[{"href":"https:\/\/blog.zeit.de\/zeit-der-leser\/wp-json\/wp\/v2\/types\/post"}],"author":[{"embeddable":true,"href":"https:\/\/blog.zeit.de\/zeit-der-leser\/wp-json\/wp\/v2\/users\/323"}],"replies":[{"embeddable":true,"href":"https:\/\/blog.zeit.de\/zeit-der-leser\/wp-json\/wp\/v2\/comments?post=5195"}],"version-history":[{"count":3,"href":"https:\/\/blog.zeit.de\/zeit-der-leser\/wp-json\/wp\/v2\/posts\/5195\/revisions"}],"predecessor-version":[{"id":5199,"href":"https:\/\/blog.zeit.de\/zeit-der-leser\/wp-json\/wp\/v2\/posts\/5195\/revisions\/5199"}],"wp:attachment":[{"href":"https:\/\/blog.zeit.de\/zeit-der-leser\/wp-json\/wp\/v2\/media?parent=5195"}],"wp:term":[{"taxonomy":"category","embeddable":true,"href":"https:\/\/blog.zeit.de\/zeit-der-leser\/wp-json\/wp\/v2\/categories?post=5195"},{"taxonomy":"post_tag","embeddable":true,"href":"https:\/\/blog.zeit.de\/zeit-der-leser\/wp-json\/wp\/v2\/tags?post=5195"}],"curies":[{"name":"wp","href":"https:\/\/api.w.org\/{rel}","templated":true}]}}