{"id":5218,"date":"2011-04-30T10:00:45","date_gmt":"2011-04-30T08:00:45","guid":{"rendered":"http:\/\/blog.zeit.de\/zeit-der-leser\/?p=5218"},"modified":"2015-02-24T18:24:31","modified_gmt":"2015-02-24T17:24:31","slug":"mein-wort-schatz-behende-2","status":"publish","type":"post","link":"https:\/\/blog.zeit.de\/zeit-der-leser\/2011\/04\/30\/mein-wort-schatz-behende-2\/","title":{"rendered":"Behende: Mein Wort-Schatz"},"content":{"rendered":"<p>Zu meinen sch\u00f6nsten Kindheits\u00aderinnerungen geh\u00f6ren die Samstag\u00admorgen, an denen unser Vater meinem Bruder und mir vorlas. Ich war neun Jahre alt, mein Bruder drei Jahre \u00e4lter. Deshalb variierte die Literatur von der Unendlichen Geschichte \u00fcber Momo bis hin zu den B\u00fcchern von Enid Blyton. Mein Bruder und ich lagen an un\u00ad seren Papa geschmiegt in seinem Bett und lauschten seinen Worten. Oft war er schon ganz heiser, weil er h\u00e4ufig unserem Bitten nachgab: \u00bbNur noch ein Kapitel, jetzt ist es gerade so spannend!\u00ab In der Abenteuerserie von Enid Blyton kommt mein Wort\u00adSchatz vor. Ich wei\u00df nicht mehr, in welchem der acht B\u00fccher beschrieben war, wie ein Kind <strong>behende<\/strong> einen Fels hochklettert. Mein Bruder und ich jedenfalls mussten uns von un\u00ad serem Vater erkl\u00e4ren lassen, was das bedeutet, denn das Wort wurde auch schon 1986 kaum noch be\u00adnutzt. Zum Am\u00fcsement unseres Vaters lie\u00dfen mein Bruder und ich uns minutenlang \u00fcber dieses ko\u00admische Wort aus. Nun lebe ich seit fast neun Jahren in der Schweiz und arbeite als Lo\u00adgop\u00e4din mit Kindern. Vor zwei Jahren entdeckte ich meinen Wort\u00ad Schatz in einem F\u00f6rderbericht, da verwendete eine Therapeutin tat\u00ad s\u00e4chlich das Wort \u00bbbehende\u00ab! So\u00ad gleich hatte ich wieder das Bild des kletternden M\u00e4dchens vor Augen \u2013 und den 22 Jahre zur\u00fcckliegen\u00ad den Samstagmorgen.<\/p>\n<p><strong>Ruth Schulte Meyer<\/strong>, Bern<\/p>\n","protected":false},"excerpt":{"rendered":"<p>Zu meinen sch\u00f6nsten Kindheits\u00aderinnerungen geh\u00f6ren die Samstag\u00admorgen, an denen unser Vater meinem Bruder und mir vorlas. Ich war neun Jahre alt, mein Bruder drei Jahre \u00e4lter. Deshalb variierte die Literatur von der Unendlichen Geschichte \u00fcber Momo bis hin zu den B\u00fcchern von Enid Blyton. Mein Bruder und ich lagen an un\u00ad seren Papa geschmiegt in [&hellip;]<\/p>\n","protected":false},"author":265,"featured_media":0,"comment_status":"open","ping_status":"open","sticky":false,"template":"","format":"standard","meta":{"_jetpack_memberships_contains_paid_content":false,"footnotes":""},"categories":[5687],"tags":[],"class_list":["post-5218","post","type-post","status-publish","format-standard","hentry","category-mein-wort-schatz"],"yoast_head":"<!-- This site is optimized with the Yoast SEO plugin v21.0 - https:\/\/yoast.com\/wordpress\/plugins\/seo\/ -->\n<title>Behende: Mein Wort-Schatz - ZEIT der Leser<\/title>\n<meta name=\"robots\" content=\"index, follow, max-snippet:-1, max-image-preview:large, max-video-preview:-1\" \/>\n<link rel=\"canonical\" href=\"https:\/\/blog.zeit.de\/zeit-der-leser\/2011\/04\/30\/mein-wort-schatz-behende-2\/\" \/>\n<meta property=\"og:locale\" content=\"de_DE\" \/>\n<meta property=\"og:type\" content=\"article\" \/>\n<meta property=\"og:title\" content=\"Behende: Mein Wort-Schatz - ZEIT der Leser\" \/>\n<meta property=\"og:description\" content=\"Zu meinen sch\u00f6nsten Kindheits\u00aderinnerungen geh\u00f6ren die Samstag\u00admorgen, an denen unser Vater meinem Bruder und mir vorlas. Ich war neun Jahre alt, mein Bruder drei Jahre \u00e4lter. Deshalb variierte die Literatur von der Unendlichen Geschichte \u00fcber Momo bis hin zu den B\u00fcchern von Enid Blyton. Mein Bruder und ich lagen an un\u00ad seren Papa geschmiegt in [&hellip;]\" \/>\n<meta property=\"og:url\" content=\"https:\/\/blog.zeit.de\/zeit-der-leser\/2011\/04\/30\/mein-wort-schatz-behende-2\/\" \/>\n<meta property=\"og:site_name\" content=\"ZEIT der Leser\" \/>\n<meta property=\"article:published_time\" content=\"2011-04-30T08:00:45+00:00\" \/>\n<meta property=\"article:modified_time\" content=\"2015-02-24T17:24:31+00:00\" \/>\n<meta name=\"author\" content=\"&quot;Zeit der Leser&quot;-Redaktion\" \/>\n<meta name=\"twitter:card\" content=\"summary_large_image\" \/>\n<meta name=\"twitter:label1\" content=\"Geschrieben von\" \/>\n\t<meta name=\"twitter:data1\" content=\"\"Zeit der Leser\"-Redaktion\" \/>\n\t<meta name=\"twitter:label2\" content=\"Gesch\u00e4tzte Lesezeit\" \/>\n\t<meta name=\"twitter:data2\" content=\"1\u00a0Minute\" \/>\n<script type=\"application\/ld+json\" class=\"yoast-schema-graph\">{\"@context\":\"https:\/\/schema.org\",\"@graph\":[{\"@type\":\"WebPage\",\"@id\":\"https:\/\/blog.zeit.de\/zeit-der-leser\/2011\/04\/30\/mein-wort-schatz-behende-2\/\",\"url\":\"https:\/\/blog.zeit.de\/zeit-der-leser\/2011\/04\/30\/mein-wort-schatz-behende-2\/\",\"name\":\"Behende: Mein Wort-Schatz - ZEIT der Leser\",\"isPartOf\":{\"@id\":\"https:\/\/blog.zeit.de\/zeit-der-leser\/#website\"},\"datePublished\":\"2011-04-30T08:00:45+00:00\",\"dateModified\":\"2015-02-24T17:24:31+00:00\",\"author\":{\"@id\":\"https:\/\/blog.zeit.de\/zeit-der-leser\/#\/schema\/person\/583b14e5ad6368c23af846ecbde9f20f\"},\"breadcrumb\":{\"@id\":\"https:\/\/blog.zeit.de\/zeit-der-leser\/2011\/04\/30\/mein-wort-schatz-behende-2\/#breadcrumb\"},\"inLanguage\":\"de\",\"potentialAction\":[{\"@type\":\"ReadAction\",\"target\":[\"https:\/\/blog.zeit.de\/zeit-der-leser\/2011\/04\/30\/mein-wort-schatz-behende-2\/\"]}]},{\"@type\":\"BreadcrumbList\",\"@id\":\"https:\/\/blog.zeit.de\/zeit-der-leser\/2011\/04\/30\/mein-wort-schatz-behende-2\/#breadcrumb\",\"itemListElement\":[{\"@type\":\"ListItem\",\"position\":1,\"name\":\"Startseite\",\"item\":\"https:\/\/blog.zeit.de\/zeit-der-leser\/\"},{\"@type\":\"ListItem\",\"position\":2,\"name\":\"Behende: Mein Wort-Schatz\"}]},{\"@type\":\"WebSite\",\"@id\":\"https:\/\/blog.zeit.de\/zeit-der-leser\/#website\",\"url\":\"https:\/\/blog.zeit.de\/zeit-der-leser\/\",\"name\":\"ZEIT der Leser\",\"description\":\"Ein Blog mit Ihren Notizen, Gedichten und Bildern f\u00fcr die gedruckte ZEIT\",\"potentialAction\":[{\"@type\":\"SearchAction\",\"target\":{\"@type\":\"EntryPoint\",\"urlTemplate\":\"https:\/\/blog.zeit.de\/zeit-der-leser\/?s={search_term_string}\"},\"query-input\":\"required name=search_term_string\"}],\"inLanguage\":\"de\"},{\"@type\":\"Person\",\"@id\":\"https:\/\/blog.zeit.de\/zeit-der-leser\/#\/schema\/person\/583b14e5ad6368c23af846ecbde9f20f\",\"name\":\"\\\"Zeit der Leser\\\"-Redaktion\",\"image\":{\"@type\":\"ImageObject\",\"inLanguage\":\"de\",\"@id\":\"https:\/\/blog.zeit.de\/zeit-der-leser\/#\/schema\/person\/image\/\",\"url\":\"https:\/\/secure.gravatar.com\/avatar\/e801a681bd3bbf2345131a815930b48d9f8e0a94de1346b624840dc850f67ad0?s=96&d=mm&r=g\",\"contentUrl\":\"https:\/\/secure.gravatar.com\/avatar\/e801a681bd3bbf2345131a815930b48d9f8e0a94de1346b624840dc850f67ad0?s=96&d=mm&r=g\",\"caption\":\"\\\"Zeit der Leser\\\"-Redaktion\"},\"url\":\"https:\/\/blog.zeit.de\/zeit-der-leser\/author\/zeit-der-leser-redaktion\/\"}]}<\/script>\n<!-- \/ Yoast SEO plugin. -->","yoast_head_json":{"title":"Behende: Mein Wort-Schatz - ZEIT der Leser","robots":{"index":"index","follow":"follow","max-snippet":"max-snippet:-1","max-image-preview":"max-image-preview:large","max-video-preview":"max-video-preview:-1"},"canonical":"https:\/\/blog.zeit.de\/zeit-der-leser\/2011\/04\/30\/mein-wort-schatz-behende-2\/","og_locale":"de_DE","og_type":"article","og_title":"Behende: Mein Wort-Schatz - ZEIT der Leser","og_description":"Zu meinen sch\u00f6nsten Kindheits\u00aderinnerungen geh\u00f6ren die Samstag\u00admorgen, an denen unser Vater meinem Bruder und mir vorlas. Ich war neun Jahre alt, mein Bruder drei Jahre \u00e4lter. Deshalb variierte die Literatur von der Unendlichen Geschichte \u00fcber Momo bis hin zu den B\u00fcchern von Enid Blyton. Mein Bruder und ich lagen an un\u00ad seren Papa geschmiegt in [&hellip;]","og_url":"https:\/\/blog.zeit.de\/zeit-der-leser\/2011\/04\/30\/mein-wort-schatz-behende-2\/","og_site_name":"ZEIT der Leser","article_published_time":"2011-04-30T08:00:45+00:00","article_modified_time":"2015-02-24T17:24:31+00:00","author":"\"Zeit der Leser\"-Redaktion","twitter_card":"summary_large_image","twitter_misc":{"Geschrieben von":"\"Zeit der Leser\"-Redaktion","Gesch\u00e4tzte Lesezeit":"1\u00a0Minute"},"schema":{"@context":"https:\/\/schema.org","@graph":[{"@type":"WebPage","@id":"https:\/\/blog.zeit.de\/zeit-der-leser\/2011\/04\/30\/mein-wort-schatz-behende-2\/","url":"https:\/\/blog.zeit.de\/zeit-der-leser\/2011\/04\/30\/mein-wort-schatz-behende-2\/","name":"Behende: Mein Wort-Schatz - ZEIT der Leser","isPartOf":{"@id":"https:\/\/blog.zeit.de\/zeit-der-leser\/#website"},"datePublished":"2011-04-30T08:00:45+00:00","dateModified":"2015-02-24T17:24:31+00:00","author":{"@id":"https:\/\/blog.zeit.de\/zeit-der-leser\/#\/schema\/person\/583b14e5ad6368c23af846ecbde9f20f"},"breadcrumb":{"@id":"https:\/\/blog.zeit.de\/zeit-der-leser\/2011\/04\/30\/mein-wort-schatz-behende-2\/#breadcrumb"},"inLanguage":"de","potentialAction":[{"@type":"ReadAction","target":["https:\/\/blog.zeit.de\/zeit-der-leser\/2011\/04\/30\/mein-wort-schatz-behende-2\/"]}]},{"@type":"BreadcrumbList","@id":"https:\/\/blog.zeit.de\/zeit-der-leser\/2011\/04\/30\/mein-wort-schatz-behende-2\/#breadcrumb","itemListElement":[{"@type":"ListItem","position":1,"name":"Startseite","item":"https:\/\/blog.zeit.de\/zeit-der-leser\/"},{"@type":"ListItem","position":2,"name":"Behende: Mein Wort-Schatz"}]},{"@type":"WebSite","@id":"https:\/\/blog.zeit.de\/zeit-der-leser\/#website","url":"https:\/\/blog.zeit.de\/zeit-der-leser\/","name":"ZEIT der Leser","description":"Ein Blog mit Ihren Notizen, Gedichten und Bildern f\u00fcr die gedruckte ZEIT","potentialAction":[{"@type":"SearchAction","target":{"@type":"EntryPoint","urlTemplate":"https:\/\/blog.zeit.de\/zeit-der-leser\/?s={search_term_string}"},"query-input":"required name=search_term_string"}],"inLanguage":"de"},{"@type":"Person","@id":"https:\/\/blog.zeit.de\/zeit-der-leser\/#\/schema\/person\/583b14e5ad6368c23af846ecbde9f20f","name":"\"Zeit der Leser\"-Redaktion","image":{"@type":"ImageObject","inLanguage":"de","@id":"https:\/\/blog.zeit.de\/zeit-der-leser\/#\/schema\/person\/image\/","url":"https:\/\/secure.gravatar.com\/avatar\/e801a681bd3bbf2345131a815930b48d9f8e0a94de1346b624840dc850f67ad0?s=96&d=mm&r=g","contentUrl":"https:\/\/secure.gravatar.com\/avatar\/e801a681bd3bbf2345131a815930b48d9f8e0a94de1346b624840dc850f67ad0?s=96&d=mm&r=g","caption":"\"Zeit der Leser\"-Redaktion"},"url":"https:\/\/blog.zeit.de\/zeit-der-leser\/author\/zeit-der-leser-redaktion\/"}]}},"jetpack_featured_media_url":"","jetpack_sharing_enabled":true,"_links":{"self":[{"href":"https:\/\/blog.zeit.de\/zeit-der-leser\/wp-json\/wp\/v2\/posts\/5218","targetHints":{"allow":["GET"]}}],"collection":[{"href":"https:\/\/blog.zeit.de\/zeit-der-leser\/wp-json\/wp\/v2\/posts"}],"about":[{"href":"https:\/\/blog.zeit.de\/zeit-der-leser\/wp-json\/wp\/v2\/types\/post"}],"author":[{"embeddable":true,"href":"https:\/\/blog.zeit.de\/zeit-der-leser\/wp-json\/wp\/v2\/users\/265"}],"replies":[{"embeddable":true,"href":"https:\/\/blog.zeit.de\/zeit-der-leser\/wp-json\/wp\/v2\/comments?post=5218"}],"version-history":[{"count":6,"href":"https:\/\/blog.zeit.de\/zeit-der-leser\/wp-json\/wp\/v2\/posts\/5218\/revisions"}],"predecessor-version":[{"id":19890,"href":"https:\/\/blog.zeit.de\/zeit-der-leser\/wp-json\/wp\/v2\/posts\/5218\/revisions\/19890"}],"wp:attachment":[{"href":"https:\/\/blog.zeit.de\/zeit-der-leser\/wp-json\/wp\/v2\/media?parent=5218"}],"wp:term":[{"taxonomy":"category","embeddable":true,"href":"https:\/\/blog.zeit.de\/zeit-der-leser\/wp-json\/wp\/v2\/categories?post=5218"},{"taxonomy":"post_tag","embeddable":true,"href":"https:\/\/blog.zeit.de\/zeit-der-leser\/wp-json\/wp\/v2\/tags?post=5218"}],"curies":[{"name":"wp","href":"https:\/\/api.w.org\/{rel}","templated":true}]}}