{"id":5264,"date":"2011-05-03T18:00:26","date_gmt":"2011-05-03T16:00:26","guid":{"rendered":"http:\/\/blog.zeit.de\/zeit-der-leser\/?p=5264"},"modified":"2011-04-29T14:15:05","modified_gmt":"2011-04-29T12:15:05","slug":"das-regt-mich-auf-3","status":"publish","type":"post","link":"https:\/\/blog.zeit.de\/zeit-der-leser\/2011\/05\/03\/das-regt-mich-auf-3\/","title":{"rendered":"Das regt mich auf"},"content":{"rendered":"<p>Meine Freundin aus Japan und ich haben vor mehreren Monaten mit den Planungen ihres Besuchs in Deutschland begonnen. Durch die Ereignisse der vergangenen Wochen schreibe ich Ihr h\u00e4ufiger als gew\u00f6hnlich E-Mails, um mich nach ihrer Situation zu erkundigen. Ich mache mir Sorgen, verst\u00e4ndlicherweise. Ihr selbst ginge es in Tokyo im Gro\u00dfen und Ganzen gut, schrieb sie, aber Verwandte haben durch den Tsunami ihr Haus verloren. In einer E-Mail von ihr las ich dann vor einigen Tagen folgende S\u00e4tze:<\/p>\n<p><em>&#8222;&#8230;Anyway, I want to ask you. I read a newspaper about Japanese begin to receive discrimination in the world. A reason is nuclear. Do the people of the world think that the whole land of Japan was polluted? Are you not troubled if I&#8217;m going to Germany? I do not want to trouble you. Please do not be angry. I&#8217;m just worried about it. Please think about it.&#8220;<\/em><\/p>\n<p>Ich war sprachlos und fand es sehr besch\u00e4mend, dass meine Freundin sich offensichtlich gezwungen sah, mir eine solche Frage zu stellen. In meiner Antwort an sie habe ich ihr deutlich gemacht, dass ich es verr\u00fcckt finde, dass die Deutschen derart \u00fcberreagieren und dass sie nat\u00fcrlich bei uns willkommen ist. In ihrer R\u00fcckantwort an mich bedankt sie sich sehr r\u00fchrend und beschlie\u00dft ihre Mail mit den Worten &#8222;Spring has come&#8220; (to Tokyo) und hat mir ein Foto mitgeschickt.<br \/>\nAuch das ist Japan im April 2011. Fr\u00fchling, Hoffnung.<\/p>\n<p><a href=\"https:\/\/blog.zeit.de\/zeit-der-leser\/files\/2011\/04\/spring-in-tokyo.jpg\"><img loading=\"lazy\" decoding=\"async\" class=\"aligncenter size-full wp-image-5265\" title=\"PT350001\" src=\"https:\/\/blog.zeit.de\/zeit-der-leser\/files\/2011\/04\/spring-in-tokyo.jpg\" alt=\"\" width=\"480\" height=\"640\" srcset=\"https:\/\/blog.zeit.de\/zeit-der-leser\/files\/2011\/04\/spring-in-tokyo.jpg 480w, https:\/\/blog.zeit.de\/zeit-der-leser\/files\/2011\/04\/spring-in-tokyo-225x300.jpg 225w\" sizes=\"auto, (max-width: 480px) 100vw, 480px\" \/><\/a><\/p>\n<p><em>Tanja Schildmann, Heidelberg<\/em><\/p>\n","protected":false},"excerpt":{"rendered":"<p>Meine Freundin aus Japan und ich haben vor mehreren Monaten mit den Planungen ihres Besuchs in Deutschland begonnen. Durch die Ereignisse der vergangenen Wochen schreibe ich Ihr h\u00e4ufiger als gew\u00f6hnlich E-Mails, um mich nach ihrer Situation zu erkundigen. Ich mache mir Sorgen, verst\u00e4ndlicherweise. Ihr selbst ginge es in Tokyo im Gro\u00dfen und Ganzen gut, schrieb [&hellip;]<\/p>\n","protected":false},"author":323,"featured_media":0,"comment_status":"open","ping_status":"open","sticky":false,"template":"","format":"standard","meta":{"_jetpack_memberships_contains_paid_content":false,"footnotes":""},"categories":[1869,1871],"tags":[],"class_list":["post-5264","post","type-post","status-publish","format-standard","hentry","category-das-regt-mich-auf","category-was-mein-leben-reicher-macht"],"yoast_head":"<!-- This site is optimized with the Yoast SEO plugin v21.0 - https:\/\/yoast.com\/wordpress\/plugins\/seo\/ -->\n<title>Das regt mich auf - ZEIT der Leser<\/title>\n<meta name=\"robots\" content=\"index, follow, max-snippet:-1, max-image-preview:large, max-video-preview:-1\" \/>\n<link rel=\"canonical\" href=\"https:\/\/blog.zeit.de\/zeit-der-leser\/2011\/05\/03\/das-regt-mich-auf-3\/\" \/>\n<meta property=\"og:locale\" content=\"de_DE\" \/>\n<meta property=\"og:type\" content=\"article\" \/>\n<meta property=\"og:title\" content=\"Das regt mich auf - ZEIT der Leser\" \/>\n<meta property=\"og:description\" content=\"Meine Freundin aus Japan und ich haben vor mehreren Monaten mit den Planungen ihres Besuchs in Deutschland begonnen. Durch die Ereignisse der vergangenen Wochen schreibe ich Ihr h\u00e4ufiger als gew\u00f6hnlich E-Mails, um mich nach ihrer Situation zu erkundigen. Ich mache mir Sorgen, verst\u00e4ndlicherweise. Ihr selbst ginge es in Tokyo im Gro\u00dfen und Ganzen gut, schrieb [&hellip;]\" \/>\n<meta property=\"og:url\" content=\"https:\/\/blog.zeit.de\/zeit-der-leser\/2011\/05\/03\/das-regt-mich-auf-3\/\" \/>\n<meta property=\"og:site_name\" content=\"ZEIT der Leser\" \/>\n<meta property=\"article:published_time\" content=\"2011-05-03T16:00:26+00:00\" \/>\n<meta property=\"article:modified_time\" content=\"2011-04-29T12:15:05+00:00\" \/>\n<meta property=\"og:image\" content=\"https:\/\/blog.zeit.de\/zeit-der-leser\/files\/2011\/04\/spring-in-tokyo.jpg\" \/>\n<meta name=\"author\" content=\"Franziska Kelch\" \/>\n<meta name=\"twitter:card\" content=\"summary_large_image\" \/>\n<meta name=\"twitter:label1\" content=\"Geschrieben von\" \/>\n\t<meta name=\"twitter:data1\" content=\"Franziska Kelch\" \/>\n\t<meta name=\"twitter:label2\" content=\"Gesch\u00e4tzte Lesezeit\" \/>\n\t<meta name=\"twitter:data2\" content=\"1\u00a0Minute\" \/>\n<script type=\"application\/ld+json\" class=\"yoast-schema-graph\">{\"@context\":\"https:\/\/schema.org\",\"@graph\":[{\"@type\":\"WebPage\",\"@id\":\"https:\/\/blog.zeit.de\/zeit-der-leser\/2011\/05\/03\/das-regt-mich-auf-3\/\",\"url\":\"https:\/\/blog.zeit.de\/zeit-der-leser\/2011\/05\/03\/das-regt-mich-auf-3\/\",\"name\":\"Das regt mich auf - ZEIT der Leser\",\"isPartOf\":{\"@id\":\"https:\/\/blog.zeit.de\/zeit-der-leser\/#website\"},\"datePublished\":\"2011-05-03T16:00:26+00:00\",\"dateModified\":\"2011-04-29T12:15:05+00:00\",\"author\":{\"@id\":\"https:\/\/blog.zeit.de\/zeit-der-leser\/#\/schema\/person\/eaa3c3ed8f838c4aafcd25e9710fcc68\"},\"breadcrumb\":{\"@id\":\"https:\/\/blog.zeit.de\/zeit-der-leser\/2011\/05\/03\/das-regt-mich-auf-3\/#breadcrumb\"},\"inLanguage\":\"de\",\"potentialAction\":[{\"@type\":\"ReadAction\",\"target\":[\"https:\/\/blog.zeit.de\/zeit-der-leser\/2011\/05\/03\/das-regt-mich-auf-3\/\"]}]},{\"@type\":\"BreadcrumbList\",\"@id\":\"https:\/\/blog.zeit.de\/zeit-der-leser\/2011\/05\/03\/das-regt-mich-auf-3\/#breadcrumb\",\"itemListElement\":[{\"@type\":\"ListItem\",\"position\":1,\"name\":\"Startseite\",\"item\":\"https:\/\/blog.zeit.de\/zeit-der-leser\/\"},{\"@type\":\"ListItem\",\"position\":2,\"name\":\"Das regt mich auf\"}]},{\"@type\":\"WebSite\",\"@id\":\"https:\/\/blog.zeit.de\/zeit-der-leser\/#website\",\"url\":\"https:\/\/blog.zeit.de\/zeit-der-leser\/\",\"name\":\"ZEIT der Leser\",\"description\":\"Ein Blog mit Ihren Notizen, Gedichten und Bildern f\u00fcr die gedruckte ZEIT\",\"potentialAction\":[{\"@type\":\"SearchAction\",\"target\":{\"@type\":\"EntryPoint\",\"urlTemplate\":\"https:\/\/blog.zeit.de\/zeit-der-leser\/?s={search_term_string}\"},\"query-input\":\"required name=search_term_string\"}],\"inLanguage\":\"de\"},{\"@type\":\"Person\",\"@id\":\"https:\/\/blog.zeit.de\/zeit-der-leser\/#\/schema\/person\/eaa3c3ed8f838c4aafcd25e9710fcc68\",\"name\":\"Franziska Kelch\",\"image\":{\"@type\":\"ImageObject\",\"inLanguage\":\"de\",\"@id\":\"https:\/\/blog.zeit.de\/zeit-der-leser\/#\/schema\/person\/image\/\",\"url\":\"https:\/\/secure.gravatar.com\/avatar\/d7ae2b2bfc4c5c08ed3435dc2ecf53fcb6d4234c0aa486b8b64ce6549a61a378?s=96&d=mm&r=g\",\"contentUrl\":\"https:\/\/secure.gravatar.com\/avatar\/d7ae2b2bfc4c5c08ed3435dc2ecf53fcb6d4234c0aa486b8b64ce6549a61a378?s=96&d=mm&r=g\",\"caption\":\"Franziska Kelch\"},\"url\":\"https:\/\/blog.zeit.de\/zeit-der-leser\/author\/franziska-kelch\/\"}]}<\/script>\n<!-- \/ Yoast SEO plugin. -->","yoast_head_json":{"title":"Das regt mich auf - ZEIT der Leser","robots":{"index":"index","follow":"follow","max-snippet":"max-snippet:-1","max-image-preview":"max-image-preview:large","max-video-preview":"max-video-preview:-1"},"canonical":"https:\/\/blog.zeit.de\/zeit-der-leser\/2011\/05\/03\/das-regt-mich-auf-3\/","og_locale":"de_DE","og_type":"article","og_title":"Das regt mich auf - ZEIT der Leser","og_description":"Meine Freundin aus Japan und ich haben vor mehreren Monaten mit den Planungen ihres Besuchs in Deutschland begonnen. Durch die Ereignisse der vergangenen Wochen schreibe ich Ihr h\u00e4ufiger als gew\u00f6hnlich E-Mails, um mich nach ihrer Situation zu erkundigen. Ich mache mir Sorgen, verst\u00e4ndlicherweise. Ihr selbst ginge es in Tokyo im Gro\u00dfen und Ganzen gut, schrieb [&hellip;]","og_url":"https:\/\/blog.zeit.de\/zeit-der-leser\/2011\/05\/03\/das-regt-mich-auf-3\/","og_site_name":"ZEIT der Leser","article_published_time":"2011-05-03T16:00:26+00:00","article_modified_time":"2011-04-29T12:15:05+00:00","og_image":[{"url":"https:\/\/blog.zeit.de\/zeit-der-leser\/files\/2011\/04\/spring-in-tokyo.jpg"}],"author":"Franziska Kelch","twitter_card":"summary_large_image","twitter_misc":{"Geschrieben von":"Franziska Kelch","Gesch\u00e4tzte Lesezeit":"1\u00a0Minute"},"schema":{"@context":"https:\/\/schema.org","@graph":[{"@type":"WebPage","@id":"https:\/\/blog.zeit.de\/zeit-der-leser\/2011\/05\/03\/das-regt-mich-auf-3\/","url":"https:\/\/blog.zeit.de\/zeit-der-leser\/2011\/05\/03\/das-regt-mich-auf-3\/","name":"Das regt mich auf - ZEIT der Leser","isPartOf":{"@id":"https:\/\/blog.zeit.de\/zeit-der-leser\/#website"},"datePublished":"2011-05-03T16:00:26+00:00","dateModified":"2011-04-29T12:15:05+00:00","author":{"@id":"https:\/\/blog.zeit.de\/zeit-der-leser\/#\/schema\/person\/eaa3c3ed8f838c4aafcd25e9710fcc68"},"breadcrumb":{"@id":"https:\/\/blog.zeit.de\/zeit-der-leser\/2011\/05\/03\/das-regt-mich-auf-3\/#breadcrumb"},"inLanguage":"de","potentialAction":[{"@type":"ReadAction","target":["https:\/\/blog.zeit.de\/zeit-der-leser\/2011\/05\/03\/das-regt-mich-auf-3\/"]}]},{"@type":"BreadcrumbList","@id":"https:\/\/blog.zeit.de\/zeit-der-leser\/2011\/05\/03\/das-regt-mich-auf-3\/#breadcrumb","itemListElement":[{"@type":"ListItem","position":1,"name":"Startseite","item":"https:\/\/blog.zeit.de\/zeit-der-leser\/"},{"@type":"ListItem","position":2,"name":"Das regt mich auf"}]},{"@type":"WebSite","@id":"https:\/\/blog.zeit.de\/zeit-der-leser\/#website","url":"https:\/\/blog.zeit.de\/zeit-der-leser\/","name":"ZEIT der Leser","description":"Ein Blog mit Ihren Notizen, Gedichten und Bildern f\u00fcr die gedruckte ZEIT","potentialAction":[{"@type":"SearchAction","target":{"@type":"EntryPoint","urlTemplate":"https:\/\/blog.zeit.de\/zeit-der-leser\/?s={search_term_string}"},"query-input":"required name=search_term_string"}],"inLanguage":"de"},{"@type":"Person","@id":"https:\/\/blog.zeit.de\/zeit-der-leser\/#\/schema\/person\/eaa3c3ed8f838c4aafcd25e9710fcc68","name":"Franziska Kelch","image":{"@type":"ImageObject","inLanguage":"de","@id":"https:\/\/blog.zeit.de\/zeit-der-leser\/#\/schema\/person\/image\/","url":"https:\/\/secure.gravatar.com\/avatar\/d7ae2b2bfc4c5c08ed3435dc2ecf53fcb6d4234c0aa486b8b64ce6549a61a378?s=96&d=mm&r=g","contentUrl":"https:\/\/secure.gravatar.com\/avatar\/d7ae2b2bfc4c5c08ed3435dc2ecf53fcb6d4234c0aa486b8b64ce6549a61a378?s=96&d=mm&r=g","caption":"Franziska Kelch"},"url":"https:\/\/blog.zeit.de\/zeit-der-leser\/author\/franziska-kelch\/"}]}},"jetpack_featured_media_url":"","jetpack_sharing_enabled":true,"_links":{"self":[{"href":"https:\/\/blog.zeit.de\/zeit-der-leser\/wp-json\/wp\/v2\/posts\/5264","targetHints":{"allow":["GET"]}}],"collection":[{"href":"https:\/\/blog.zeit.de\/zeit-der-leser\/wp-json\/wp\/v2\/posts"}],"about":[{"href":"https:\/\/blog.zeit.de\/zeit-der-leser\/wp-json\/wp\/v2\/types\/post"}],"author":[{"embeddable":true,"href":"https:\/\/blog.zeit.de\/zeit-der-leser\/wp-json\/wp\/v2\/users\/323"}],"replies":[{"embeddable":true,"href":"https:\/\/blog.zeit.de\/zeit-der-leser\/wp-json\/wp\/v2\/comments?post=5264"}],"version-history":[{"count":5,"href":"https:\/\/blog.zeit.de\/zeit-der-leser\/wp-json\/wp\/v2\/posts\/5264\/revisions"}],"predecessor-version":[{"id":5268,"href":"https:\/\/blog.zeit.de\/zeit-der-leser\/wp-json\/wp\/v2\/posts\/5264\/revisions\/5268"}],"wp:attachment":[{"href":"https:\/\/blog.zeit.de\/zeit-der-leser\/wp-json\/wp\/v2\/media?parent=5264"}],"wp:term":[{"taxonomy":"category","embeddable":true,"href":"https:\/\/blog.zeit.de\/zeit-der-leser\/wp-json\/wp\/v2\/categories?post=5264"},{"taxonomy":"post_tag","embeddable":true,"href":"https:\/\/blog.zeit.de\/zeit-der-leser\/wp-json\/wp\/v2\/tags?post=5264"}],"curies":[{"name":"wp","href":"https:\/\/api.w.org\/{rel}","templated":true}]}}