{"id":5325,"date":"2011-05-08T10:00:59","date_gmt":"2011-05-08T08:00:59","guid":{"rendered":"http:\/\/blog.zeit.de\/zeit-der-leser\/?p=5325"},"modified":"2011-05-05T10:33:58","modified_gmt":"2011-05-05T08:33:58","slug":"eine-kleine-weltreise-15","status":"publish","type":"post","link":"https:\/\/blog.zeit.de\/zeit-der-leser\/2011\/05\/08\/eine-kleine-weltreise-15\/","title":{"rendered":"Eine kleine Weltreise"},"content":{"rendered":"<p><em>&#8230; aus traurigem Anlass\u00ab unternimmt Sabine Kr\u00f6ner, 55: Nach dem Tod ihres Mannes im vergangenen Jahr will sie durch neue Eindr\u00fccke Abstand gewinnen. Von Buenos Aires aus ist sie per Schiff um die S\u00fcdspitze Amerikas und durch die S\u00fcdsee gefahren, dann kam sie \u00fcber Australien, Indonesien und Singapur nach Myanmar, von wo sie heute berichtet. \u00dcber Indien, die arabische Halbinsel und durch den Suezkanal geht die Reise weiter bis nach Venedig.<\/em><\/p>\n<p>\u00bbIch bin verschwitzt, eingestaubt und \u00fcbergl\u00fccklich!\u00ab \u2013 mit diesen Worten kehre ich sp\u00e4t am Abend auf die MS Columbus zur\u00fcck und umarme jeden, der mir \u00fcber den Weg l\u00e4uft. Um halb sechs Uhr nachmittags habe ich das Schiff verlassen und mich in die Stadt Rangun begeben, ganz allein, keiner der anderen Passagiere traute sich raus. Vor dem Hafentor entschied ich mich f\u00fcr eine Fahrradrikscha. Ich passte so gerade mal rein, denn sie ist auf die zierlichen Birmaner zugeschnitten. Eine Verst\u00e4ndigung auf Englisch war einigerma\u00dfen m\u00f6glich. Es f\u00e4llt mir schwer, zu beschreiben, was ich erlebt habe: eine pulsierende Stadt, zerfallene Kolonialgeb\u00e4ude, winkende, aber scheue Menschen. Einfallsreich betreiben sie ihre kleinen Gesch\u00e4fte am Stra\u00dfenrand. Das alles erinnert mich an Saigon vor zwanzig Jahren. Seit ein paar Tagen gibt es hier in Myanmar eine neue Regierung, die offiziell kein Milit\u00e4rregime mehr ist. Aung San Suu Kyi ist seit November frei. Ich sp\u00fcre, wie die Menschen auf Ver\u00e4nderungen hoffen. Ich bin mittendrin und habe keine Angst. Mein Rikschafahrer h\u00e4tte mich entf\u00fchren und ausrauben k\u00f6nnen, aber er wollte mir nur seine Stadt zeigen. Zur\u00fcck auf dem Schiff bin ich emotional aufgew\u00fchlt und kann meine Gef\u00fchle zum Gl\u00fcck mit einigen mir inzwischen vertrauten Mitreisenden teilen. Sp\u00e4ter erfahre ich, dass unsere Stewards bei ihrem Ausflug mit den Rikschafahrern die Pl\u00e4tze getauscht haben. Sch\u00f6ne Geste!<\/p>\n<p><em>Sabine Kr\u00f6ner, z.Zt. Rangun, Myanmar<\/em><\/p>\n","protected":false},"excerpt":{"rendered":"<p>&#8230; aus traurigem Anlass\u00ab unternimmt Sabine Kr\u00f6ner, 55: Nach dem Tod ihres Mannes im vergangenen Jahr will sie durch neue Eindr\u00fccke Abstand gewinnen. Von Buenos Aires aus ist sie per Schiff um die S\u00fcdspitze Amerikas und durch die S\u00fcdsee gefahren, dann kam sie \u00fcber Australien, Indonesien und Singapur nach Myanmar, von wo sie heute berichtet. [&hellip;]<\/p>\n","protected":false},"author":265,"featured_media":0,"comment_status":"open","ping_status":"open","sticky":false,"template":"","format":"standard","meta":{"_jetpack_memberships_contains_paid_content":false,"footnotes":""},"categories":[5685],"tags":[],"class_list":["post-5325","post","type-post","status-publish","format-standard","hentry","category-eine-kleine-weltreise"],"yoast_head":"<!-- This site is optimized with the Yoast SEO plugin v21.0 - https:\/\/yoast.com\/wordpress\/plugins\/seo\/ -->\n<title>Eine kleine Weltreise - ZEIT der Leser<\/title>\n<meta name=\"robots\" content=\"index, follow, max-snippet:-1, max-image-preview:large, max-video-preview:-1\" \/>\n<link rel=\"canonical\" href=\"https:\/\/blog.zeit.de\/zeit-der-leser\/2011\/05\/08\/eine-kleine-weltreise-15\/\" \/>\n<meta property=\"og:locale\" content=\"de_DE\" \/>\n<meta property=\"og:type\" content=\"article\" \/>\n<meta property=\"og:title\" content=\"Eine kleine Weltreise - ZEIT der Leser\" \/>\n<meta property=\"og:description\" content=\"&#8230; aus traurigem Anlass\u00ab unternimmt Sabine Kr\u00f6ner, 55: Nach dem Tod ihres Mannes im vergangenen Jahr will sie durch neue Eindr\u00fccke Abstand gewinnen. Von Buenos Aires aus ist sie per Schiff um die S\u00fcdspitze Amerikas und durch die S\u00fcdsee gefahren, dann kam sie \u00fcber Australien, Indonesien und Singapur nach Myanmar, von wo sie heute berichtet. [&hellip;]\" \/>\n<meta property=\"og:url\" content=\"https:\/\/blog.zeit.de\/zeit-der-leser\/2011\/05\/08\/eine-kleine-weltreise-15\/\" \/>\n<meta property=\"og:site_name\" content=\"ZEIT der Leser\" \/>\n<meta property=\"article:published_time\" content=\"2011-05-08T08:00:59+00:00\" \/>\n<meta property=\"article:modified_time\" content=\"2011-05-05T08:33:58+00:00\" \/>\n<meta name=\"author\" content=\"&quot;Zeit der Leser&quot;-Redaktion\" \/>\n<meta name=\"twitter:card\" content=\"summary_large_image\" \/>\n<meta name=\"twitter:label1\" content=\"Geschrieben von\" \/>\n\t<meta name=\"twitter:data1\" content=\"\"Zeit der Leser\"-Redaktion\" \/>\n\t<meta name=\"twitter:label2\" content=\"Gesch\u00e4tzte Lesezeit\" \/>\n\t<meta name=\"twitter:data2\" content=\"2\u00a0Minuten\" \/>\n<script type=\"application\/ld+json\" class=\"yoast-schema-graph\">{\"@context\":\"https:\/\/schema.org\",\"@graph\":[{\"@type\":\"WebPage\",\"@id\":\"https:\/\/blog.zeit.de\/zeit-der-leser\/2011\/05\/08\/eine-kleine-weltreise-15\/\",\"url\":\"https:\/\/blog.zeit.de\/zeit-der-leser\/2011\/05\/08\/eine-kleine-weltreise-15\/\",\"name\":\"Eine kleine Weltreise - ZEIT der Leser\",\"isPartOf\":{\"@id\":\"https:\/\/blog.zeit.de\/zeit-der-leser\/#website\"},\"datePublished\":\"2011-05-08T08:00:59+00:00\",\"dateModified\":\"2011-05-05T08:33:58+00:00\",\"author\":{\"@id\":\"https:\/\/blog.zeit.de\/zeit-der-leser\/#\/schema\/person\/583b14e5ad6368c23af846ecbde9f20f\"},\"breadcrumb\":{\"@id\":\"https:\/\/blog.zeit.de\/zeit-der-leser\/2011\/05\/08\/eine-kleine-weltreise-15\/#breadcrumb\"},\"inLanguage\":\"de\",\"potentialAction\":[{\"@type\":\"ReadAction\",\"target\":[\"https:\/\/blog.zeit.de\/zeit-der-leser\/2011\/05\/08\/eine-kleine-weltreise-15\/\"]}]},{\"@type\":\"BreadcrumbList\",\"@id\":\"https:\/\/blog.zeit.de\/zeit-der-leser\/2011\/05\/08\/eine-kleine-weltreise-15\/#breadcrumb\",\"itemListElement\":[{\"@type\":\"ListItem\",\"position\":1,\"name\":\"Startseite\",\"item\":\"https:\/\/blog.zeit.de\/zeit-der-leser\/\"},{\"@type\":\"ListItem\",\"position\":2,\"name\":\"Eine kleine Weltreise\"}]},{\"@type\":\"WebSite\",\"@id\":\"https:\/\/blog.zeit.de\/zeit-der-leser\/#website\",\"url\":\"https:\/\/blog.zeit.de\/zeit-der-leser\/\",\"name\":\"ZEIT der Leser\",\"description\":\"Ein Blog mit Ihren Notizen, Gedichten und Bildern f\u00fcr die gedruckte ZEIT\",\"potentialAction\":[{\"@type\":\"SearchAction\",\"target\":{\"@type\":\"EntryPoint\",\"urlTemplate\":\"https:\/\/blog.zeit.de\/zeit-der-leser\/?s={search_term_string}\"},\"query-input\":\"required name=search_term_string\"}],\"inLanguage\":\"de\"},{\"@type\":\"Person\",\"@id\":\"https:\/\/blog.zeit.de\/zeit-der-leser\/#\/schema\/person\/583b14e5ad6368c23af846ecbde9f20f\",\"name\":\"\\\"Zeit der Leser\\\"-Redaktion\",\"image\":{\"@type\":\"ImageObject\",\"inLanguage\":\"de\",\"@id\":\"https:\/\/blog.zeit.de\/zeit-der-leser\/#\/schema\/person\/image\/\",\"url\":\"https:\/\/secure.gravatar.com\/avatar\/e801a681bd3bbf2345131a815930b48d9f8e0a94de1346b624840dc850f67ad0?s=96&d=mm&r=g\",\"contentUrl\":\"https:\/\/secure.gravatar.com\/avatar\/e801a681bd3bbf2345131a815930b48d9f8e0a94de1346b624840dc850f67ad0?s=96&d=mm&r=g\",\"caption\":\"\\\"Zeit der Leser\\\"-Redaktion\"},\"url\":\"https:\/\/blog.zeit.de\/zeit-der-leser\/author\/zeit-der-leser-redaktion\/\"}]}<\/script>\n<!-- \/ Yoast SEO plugin. -->","yoast_head_json":{"title":"Eine kleine Weltreise - ZEIT der Leser","robots":{"index":"index","follow":"follow","max-snippet":"max-snippet:-1","max-image-preview":"max-image-preview:large","max-video-preview":"max-video-preview:-1"},"canonical":"https:\/\/blog.zeit.de\/zeit-der-leser\/2011\/05\/08\/eine-kleine-weltreise-15\/","og_locale":"de_DE","og_type":"article","og_title":"Eine kleine Weltreise - ZEIT der Leser","og_description":"&#8230; aus traurigem Anlass\u00ab unternimmt Sabine Kr\u00f6ner, 55: Nach dem Tod ihres Mannes im vergangenen Jahr will sie durch neue Eindr\u00fccke Abstand gewinnen. Von Buenos Aires aus ist sie per Schiff um die S\u00fcdspitze Amerikas und durch die S\u00fcdsee gefahren, dann kam sie \u00fcber Australien, Indonesien und Singapur nach Myanmar, von wo sie heute berichtet. [&hellip;]","og_url":"https:\/\/blog.zeit.de\/zeit-der-leser\/2011\/05\/08\/eine-kleine-weltreise-15\/","og_site_name":"ZEIT der Leser","article_published_time":"2011-05-08T08:00:59+00:00","article_modified_time":"2011-05-05T08:33:58+00:00","author":"\"Zeit der Leser\"-Redaktion","twitter_card":"summary_large_image","twitter_misc":{"Geschrieben von":"\"Zeit der Leser\"-Redaktion","Gesch\u00e4tzte Lesezeit":"2\u00a0Minuten"},"schema":{"@context":"https:\/\/schema.org","@graph":[{"@type":"WebPage","@id":"https:\/\/blog.zeit.de\/zeit-der-leser\/2011\/05\/08\/eine-kleine-weltreise-15\/","url":"https:\/\/blog.zeit.de\/zeit-der-leser\/2011\/05\/08\/eine-kleine-weltreise-15\/","name":"Eine kleine Weltreise - ZEIT der Leser","isPartOf":{"@id":"https:\/\/blog.zeit.de\/zeit-der-leser\/#website"},"datePublished":"2011-05-08T08:00:59+00:00","dateModified":"2011-05-05T08:33:58+00:00","author":{"@id":"https:\/\/blog.zeit.de\/zeit-der-leser\/#\/schema\/person\/583b14e5ad6368c23af846ecbde9f20f"},"breadcrumb":{"@id":"https:\/\/blog.zeit.de\/zeit-der-leser\/2011\/05\/08\/eine-kleine-weltreise-15\/#breadcrumb"},"inLanguage":"de","potentialAction":[{"@type":"ReadAction","target":["https:\/\/blog.zeit.de\/zeit-der-leser\/2011\/05\/08\/eine-kleine-weltreise-15\/"]}]},{"@type":"BreadcrumbList","@id":"https:\/\/blog.zeit.de\/zeit-der-leser\/2011\/05\/08\/eine-kleine-weltreise-15\/#breadcrumb","itemListElement":[{"@type":"ListItem","position":1,"name":"Startseite","item":"https:\/\/blog.zeit.de\/zeit-der-leser\/"},{"@type":"ListItem","position":2,"name":"Eine kleine Weltreise"}]},{"@type":"WebSite","@id":"https:\/\/blog.zeit.de\/zeit-der-leser\/#website","url":"https:\/\/blog.zeit.de\/zeit-der-leser\/","name":"ZEIT der Leser","description":"Ein Blog mit Ihren Notizen, Gedichten und Bildern f\u00fcr die gedruckte ZEIT","potentialAction":[{"@type":"SearchAction","target":{"@type":"EntryPoint","urlTemplate":"https:\/\/blog.zeit.de\/zeit-der-leser\/?s={search_term_string}"},"query-input":"required name=search_term_string"}],"inLanguage":"de"},{"@type":"Person","@id":"https:\/\/blog.zeit.de\/zeit-der-leser\/#\/schema\/person\/583b14e5ad6368c23af846ecbde9f20f","name":"\"Zeit der Leser\"-Redaktion","image":{"@type":"ImageObject","inLanguage":"de","@id":"https:\/\/blog.zeit.de\/zeit-der-leser\/#\/schema\/person\/image\/","url":"https:\/\/secure.gravatar.com\/avatar\/e801a681bd3bbf2345131a815930b48d9f8e0a94de1346b624840dc850f67ad0?s=96&d=mm&r=g","contentUrl":"https:\/\/secure.gravatar.com\/avatar\/e801a681bd3bbf2345131a815930b48d9f8e0a94de1346b624840dc850f67ad0?s=96&d=mm&r=g","caption":"\"Zeit der Leser\"-Redaktion"},"url":"https:\/\/blog.zeit.de\/zeit-der-leser\/author\/zeit-der-leser-redaktion\/"}]}},"jetpack_featured_media_url":"","jetpack_sharing_enabled":true,"_links":{"self":[{"href":"https:\/\/blog.zeit.de\/zeit-der-leser\/wp-json\/wp\/v2\/posts\/5325","targetHints":{"allow":["GET"]}}],"collection":[{"href":"https:\/\/blog.zeit.de\/zeit-der-leser\/wp-json\/wp\/v2\/posts"}],"about":[{"href":"https:\/\/blog.zeit.de\/zeit-der-leser\/wp-json\/wp\/v2\/types\/post"}],"author":[{"embeddable":true,"href":"https:\/\/blog.zeit.de\/zeit-der-leser\/wp-json\/wp\/v2\/users\/265"}],"replies":[{"embeddable":true,"href":"https:\/\/blog.zeit.de\/zeit-der-leser\/wp-json\/wp\/v2\/comments?post=5325"}],"version-history":[{"count":2,"href":"https:\/\/blog.zeit.de\/zeit-der-leser\/wp-json\/wp\/v2\/posts\/5325\/revisions"}],"predecessor-version":[{"id":5327,"href":"https:\/\/blog.zeit.de\/zeit-der-leser\/wp-json\/wp\/v2\/posts\/5325\/revisions\/5327"}],"wp:attachment":[{"href":"https:\/\/blog.zeit.de\/zeit-der-leser\/wp-json\/wp\/v2\/media?parent=5325"}],"wp:term":[{"taxonomy":"category","embeddable":true,"href":"https:\/\/blog.zeit.de\/zeit-der-leser\/wp-json\/wp\/v2\/categories?post=5325"},{"taxonomy":"post_tag","embeddable":true,"href":"https:\/\/blog.zeit.de\/zeit-der-leser\/wp-json\/wp\/v2\/tags?post=5325"}],"curies":[{"name":"wp","href":"https:\/\/api.w.org\/{rel}","templated":true}]}}