{"id":5423,"date":"2011-05-12T10:00:41","date_gmt":"2011-05-12T08:00:41","guid":{"rendered":"http:\/\/blog.zeit.de\/zeit-der-leser\/?p=5423"},"modified":"2015-02-24T18:23:44","modified_gmt":"2015-02-24T17:23:44","slug":"mein-wort-schatz-schockschwerenot","status":"publish","type":"post","link":"https:\/\/blog.zeit.de\/zeit-der-leser\/2011\/05\/12\/mein-wort-schatz-schockschwerenot\/","title":{"rendered":"Schockschwerenot: Mein Wort-Schatz"},"content":{"rendered":"<p>Im Grunde ist mein Wort-Schatz ein Schimpfwort, aber da er so herrlich altmodisch ist, w\u00fcrde ich sogar sagen, er klingt ein bisschen vornehm. Wenn ich \u00fcber etwas erstaunt bin und dar\u00fcber, was mir jemand zumutet, auch ein wenig befremdet bis \u00e4rgerlich: Was steht mir zur Verf\u00fcgung? \u00bbAch du Sch&#8230;!\u00ab, nein, das gebrauche ich nie. \u00bbMein lieber Schwan!\u00ab? Nein, zu sehr Lohengrin. Viele sagen oder schreiben gar \u00bbWeia!\u00ab \u2013 im Grunde auch Wagner: \u00bbWagala weia, woge, du Welle\u00ab. Also: nein! Oder: \u00bbMann, ej!\u00ab oder \u00bbMenno!\u00ab? Nee! Da ich ein freundlicher und langm\u00fctiger Mensch bin oder zumindest so tue, will ich den Gespr\u00e4chspartner nicht gleich selber \u00e4rgern. Und so passt mir ein Wort am besten, das das Gegen\u00fcber \u00fcberrascht und die Zumutung gleich ein wenig entsch\u00e4rft, wie ich meine: \u00bb<strong>Schockschwerenot<\/strong>!\u00ab<\/p>\n<p>Ich h\u00f6rte das, wenn ich mich recht erinnere, erstmals in Cyrano de Bergerac (einer der jungen Soldaten wagt es, \u00fcber die gro\u00dfe Nase des Titelhelden zu sprechen, worauf dieser es ausruft).<\/p>\n<p>Ich habe mit diesem Wort immer den erw\u00fcnschten Erfolg: Der, der mich \u00e4rgert oder \u00e4rgern wollte, ist erst mal baff. Ich bekam sogar mal das Kompliment, ich sei der einzige Mensch im Bekanntenkreis, der dieses Wort verwende. \u00bbSchockschwerenot\u00ab ist \u00fcbrigens pr\u00e4zise. Das Wort bezeichnet doch genau das, was man angesichts einer \u00fcberraschenden Zumutung empfindet: erst einen Schock, dann eine schwere Not bei der Suche nach der angemessenen Reaktion.<\/p>\n<p><strong>J\u00fcrgen Hartmann<\/strong>, Stuttgart<\/p>\n","protected":false},"excerpt":{"rendered":"<p>Im Grunde ist mein Wort-Schatz ein Schimpfwort, aber da er so herrlich altmodisch ist, w\u00fcrde ich sogar sagen, er klingt ein bisschen vornehm. Wenn ich \u00fcber etwas erstaunt bin und dar\u00fcber, was mir jemand zumutet, auch ein wenig befremdet bis \u00e4rgerlich: Was steht mir zur Verf\u00fcgung? \u00bbAch du Sch&#8230;!\u00ab, nein, das gebrauche ich nie. \u00bbMein [&hellip;]<\/p>\n","protected":false},"author":265,"featured_media":0,"comment_status":"open","ping_status":"open","sticky":false,"template":"","format":"standard","meta":{"_jetpack_memberships_contains_paid_content":false,"footnotes":""},"categories":[5687],"tags":[],"class_list":["post-5423","post","type-post","status-publish","format-standard","hentry","category-mein-wort-schatz"],"yoast_head":"<!-- This site is optimized with the Yoast SEO plugin v21.0 - https:\/\/yoast.com\/wordpress\/plugins\/seo\/ -->\n<title>Schockschwerenot: Mein Wort-Schatz - ZEIT der Leser<\/title>\n<meta name=\"robots\" content=\"index, follow, max-snippet:-1, max-image-preview:large, max-video-preview:-1\" \/>\n<link rel=\"canonical\" href=\"https:\/\/blog.zeit.de\/zeit-der-leser\/2011\/05\/12\/mein-wort-schatz-schockschwerenot\/\" \/>\n<meta property=\"og:locale\" content=\"de_DE\" \/>\n<meta property=\"og:type\" content=\"article\" \/>\n<meta property=\"og:title\" content=\"Schockschwerenot: Mein Wort-Schatz - ZEIT der Leser\" \/>\n<meta property=\"og:description\" content=\"Im Grunde ist mein Wort-Schatz ein Schimpfwort, aber da er so herrlich altmodisch ist, w\u00fcrde ich sogar sagen, er klingt ein bisschen vornehm. Wenn ich \u00fcber etwas erstaunt bin und dar\u00fcber, was mir jemand zumutet, auch ein wenig befremdet bis \u00e4rgerlich: Was steht mir zur Verf\u00fcgung? \u00bbAch du Sch&#8230;!\u00ab, nein, das gebrauche ich nie. \u00bbMein [&hellip;]\" \/>\n<meta property=\"og:url\" content=\"https:\/\/blog.zeit.de\/zeit-der-leser\/2011\/05\/12\/mein-wort-schatz-schockschwerenot\/\" \/>\n<meta property=\"og:site_name\" content=\"ZEIT der Leser\" \/>\n<meta property=\"article:published_time\" content=\"2011-05-12T08:00:41+00:00\" \/>\n<meta property=\"article:modified_time\" content=\"2015-02-24T17:23:44+00:00\" \/>\n<meta name=\"author\" content=\"&quot;Zeit der Leser&quot;-Redaktion\" \/>\n<meta name=\"twitter:card\" content=\"summary_large_image\" \/>\n<meta name=\"twitter:label1\" content=\"Geschrieben von\" \/>\n\t<meta name=\"twitter:data1\" content=\"\"Zeit der Leser\"-Redaktion\" \/>\n\t<meta name=\"twitter:label2\" content=\"Gesch\u00e4tzte Lesezeit\" \/>\n\t<meta name=\"twitter:data2\" content=\"1\u00a0Minute\" \/>\n<script type=\"application\/ld+json\" class=\"yoast-schema-graph\">{\"@context\":\"https:\/\/schema.org\",\"@graph\":[{\"@type\":\"WebPage\",\"@id\":\"https:\/\/blog.zeit.de\/zeit-der-leser\/2011\/05\/12\/mein-wort-schatz-schockschwerenot\/\",\"url\":\"https:\/\/blog.zeit.de\/zeit-der-leser\/2011\/05\/12\/mein-wort-schatz-schockschwerenot\/\",\"name\":\"Schockschwerenot: Mein Wort-Schatz - ZEIT der Leser\",\"isPartOf\":{\"@id\":\"https:\/\/blog.zeit.de\/zeit-der-leser\/#website\"},\"datePublished\":\"2011-05-12T08:00:41+00:00\",\"dateModified\":\"2015-02-24T17:23:44+00:00\",\"author\":{\"@id\":\"https:\/\/blog.zeit.de\/zeit-der-leser\/#\/schema\/person\/583b14e5ad6368c23af846ecbde9f20f\"},\"breadcrumb\":{\"@id\":\"https:\/\/blog.zeit.de\/zeit-der-leser\/2011\/05\/12\/mein-wort-schatz-schockschwerenot\/#breadcrumb\"},\"inLanguage\":\"de\",\"potentialAction\":[{\"@type\":\"ReadAction\",\"target\":[\"https:\/\/blog.zeit.de\/zeit-der-leser\/2011\/05\/12\/mein-wort-schatz-schockschwerenot\/\"]}]},{\"@type\":\"BreadcrumbList\",\"@id\":\"https:\/\/blog.zeit.de\/zeit-der-leser\/2011\/05\/12\/mein-wort-schatz-schockschwerenot\/#breadcrumb\",\"itemListElement\":[{\"@type\":\"ListItem\",\"position\":1,\"name\":\"Startseite\",\"item\":\"https:\/\/blog.zeit.de\/zeit-der-leser\/\"},{\"@type\":\"ListItem\",\"position\":2,\"name\":\"Schockschwerenot: Mein Wort-Schatz\"}]},{\"@type\":\"WebSite\",\"@id\":\"https:\/\/blog.zeit.de\/zeit-der-leser\/#website\",\"url\":\"https:\/\/blog.zeit.de\/zeit-der-leser\/\",\"name\":\"ZEIT der Leser\",\"description\":\"Ein Blog mit Ihren Notizen, Gedichten und Bildern f\u00fcr die gedruckte ZEIT\",\"potentialAction\":[{\"@type\":\"SearchAction\",\"target\":{\"@type\":\"EntryPoint\",\"urlTemplate\":\"https:\/\/blog.zeit.de\/zeit-der-leser\/?s={search_term_string}\"},\"query-input\":\"required name=search_term_string\"}],\"inLanguage\":\"de\"},{\"@type\":\"Person\",\"@id\":\"https:\/\/blog.zeit.de\/zeit-der-leser\/#\/schema\/person\/583b14e5ad6368c23af846ecbde9f20f\",\"name\":\"\\\"Zeit der Leser\\\"-Redaktion\",\"image\":{\"@type\":\"ImageObject\",\"inLanguage\":\"de\",\"@id\":\"https:\/\/blog.zeit.de\/zeit-der-leser\/#\/schema\/person\/image\/\",\"url\":\"https:\/\/secure.gravatar.com\/avatar\/e801a681bd3bbf2345131a815930b48d9f8e0a94de1346b624840dc850f67ad0?s=96&d=mm&r=g\",\"contentUrl\":\"https:\/\/secure.gravatar.com\/avatar\/e801a681bd3bbf2345131a815930b48d9f8e0a94de1346b624840dc850f67ad0?s=96&d=mm&r=g\",\"caption\":\"\\\"Zeit der Leser\\\"-Redaktion\"},\"url\":\"https:\/\/blog.zeit.de\/zeit-der-leser\/author\/zeit-der-leser-redaktion\/\"}]}<\/script>\n<!-- \/ Yoast SEO plugin. -->","yoast_head_json":{"title":"Schockschwerenot: Mein Wort-Schatz - ZEIT der Leser","robots":{"index":"index","follow":"follow","max-snippet":"max-snippet:-1","max-image-preview":"max-image-preview:large","max-video-preview":"max-video-preview:-1"},"canonical":"https:\/\/blog.zeit.de\/zeit-der-leser\/2011\/05\/12\/mein-wort-schatz-schockschwerenot\/","og_locale":"de_DE","og_type":"article","og_title":"Schockschwerenot: Mein Wort-Schatz - ZEIT der Leser","og_description":"Im Grunde ist mein Wort-Schatz ein Schimpfwort, aber da er so herrlich altmodisch ist, w\u00fcrde ich sogar sagen, er klingt ein bisschen vornehm. Wenn ich \u00fcber etwas erstaunt bin und dar\u00fcber, was mir jemand zumutet, auch ein wenig befremdet bis \u00e4rgerlich: Was steht mir zur Verf\u00fcgung? \u00bbAch du Sch&#8230;!\u00ab, nein, das gebrauche ich nie. \u00bbMein [&hellip;]","og_url":"https:\/\/blog.zeit.de\/zeit-der-leser\/2011\/05\/12\/mein-wort-schatz-schockschwerenot\/","og_site_name":"ZEIT der Leser","article_published_time":"2011-05-12T08:00:41+00:00","article_modified_time":"2015-02-24T17:23:44+00:00","author":"\"Zeit der Leser\"-Redaktion","twitter_card":"summary_large_image","twitter_misc":{"Geschrieben von":"\"Zeit der Leser\"-Redaktion","Gesch\u00e4tzte Lesezeit":"1\u00a0Minute"},"schema":{"@context":"https:\/\/schema.org","@graph":[{"@type":"WebPage","@id":"https:\/\/blog.zeit.de\/zeit-der-leser\/2011\/05\/12\/mein-wort-schatz-schockschwerenot\/","url":"https:\/\/blog.zeit.de\/zeit-der-leser\/2011\/05\/12\/mein-wort-schatz-schockschwerenot\/","name":"Schockschwerenot: Mein Wort-Schatz - ZEIT der Leser","isPartOf":{"@id":"https:\/\/blog.zeit.de\/zeit-der-leser\/#website"},"datePublished":"2011-05-12T08:00:41+00:00","dateModified":"2015-02-24T17:23:44+00:00","author":{"@id":"https:\/\/blog.zeit.de\/zeit-der-leser\/#\/schema\/person\/583b14e5ad6368c23af846ecbde9f20f"},"breadcrumb":{"@id":"https:\/\/blog.zeit.de\/zeit-der-leser\/2011\/05\/12\/mein-wort-schatz-schockschwerenot\/#breadcrumb"},"inLanguage":"de","potentialAction":[{"@type":"ReadAction","target":["https:\/\/blog.zeit.de\/zeit-der-leser\/2011\/05\/12\/mein-wort-schatz-schockschwerenot\/"]}]},{"@type":"BreadcrumbList","@id":"https:\/\/blog.zeit.de\/zeit-der-leser\/2011\/05\/12\/mein-wort-schatz-schockschwerenot\/#breadcrumb","itemListElement":[{"@type":"ListItem","position":1,"name":"Startseite","item":"https:\/\/blog.zeit.de\/zeit-der-leser\/"},{"@type":"ListItem","position":2,"name":"Schockschwerenot: Mein Wort-Schatz"}]},{"@type":"WebSite","@id":"https:\/\/blog.zeit.de\/zeit-der-leser\/#website","url":"https:\/\/blog.zeit.de\/zeit-der-leser\/","name":"ZEIT der Leser","description":"Ein Blog mit Ihren Notizen, Gedichten und Bildern f\u00fcr die gedruckte ZEIT","potentialAction":[{"@type":"SearchAction","target":{"@type":"EntryPoint","urlTemplate":"https:\/\/blog.zeit.de\/zeit-der-leser\/?s={search_term_string}"},"query-input":"required name=search_term_string"}],"inLanguage":"de"},{"@type":"Person","@id":"https:\/\/blog.zeit.de\/zeit-der-leser\/#\/schema\/person\/583b14e5ad6368c23af846ecbde9f20f","name":"\"Zeit der Leser\"-Redaktion","image":{"@type":"ImageObject","inLanguage":"de","@id":"https:\/\/blog.zeit.de\/zeit-der-leser\/#\/schema\/person\/image\/","url":"https:\/\/secure.gravatar.com\/avatar\/e801a681bd3bbf2345131a815930b48d9f8e0a94de1346b624840dc850f67ad0?s=96&d=mm&r=g","contentUrl":"https:\/\/secure.gravatar.com\/avatar\/e801a681bd3bbf2345131a815930b48d9f8e0a94de1346b624840dc850f67ad0?s=96&d=mm&r=g","caption":"\"Zeit der Leser\"-Redaktion"},"url":"https:\/\/blog.zeit.de\/zeit-der-leser\/author\/zeit-der-leser-redaktion\/"}]}},"jetpack_featured_media_url":"","jetpack_sharing_enabled":true,"_links":{"self":[{"href":"https:\/\/blog.zeit.de\/zeit-der-leser\/wp-json\/wp\/v2\/posts\/5423","targetHints":{"allow":["GET"]}}],"collection":[{"href":"https:\/\/blog.zeit.de\/zeit-der-leser\/wp-json\/wp\/v2\/posts"}],"about":[{"href":"https:\/\/blog.zeit.de\/zeit-der-leser\/wp-json\/wp\/v2\/types\/post"}],"author":[{"embeddable":true,"href":"https:\/\/blog.zeit.de\/zeit-der-leser\/wp-json\/wp\/v2\/users\/265"}],"replies":[{"embeddable":true,"href":"https:\/\/blog.zeit.de\/zeit-der-leser\/wp-json\/wp\/v2\/comments?post=5423"}],"version-history":[{"count":4,"href":"https:\/\/blog.zeit.de\/zeit-der-leser\/wp-json\/wp\/v2\/posts\/5423\/revisions"}],"predecessor-version":[{"id":19887,"href":"https:\/\/blog.zeit.de\/zeit-der-leser\/wp-json\/wp\/v2\/posts\/5423\/revisions\/19887"}],"wp:attachment":[{"href":"https:\/\/blog.zeit.de\/zeit-der-leser\/wp-json\/wp\/v2\/media?parent=5423"}],"wp:term":[{"taxonomy":"category","embeddable":true,"href":"https:\/\/blog.zeit.de\/zeit-der-leser\/wp-json\/wp\/v2\/categories?post=5423"},{"taxonomy":"post_tag","embeddable":true,"href":"https:\/\/blog.zeit.de\/zeit-der-leser\/wp-json\/wp\/v2\/tags?post=5423"}],"curies":[{"name":"wp","href":"https:\/\/api.w.org\/{rel}","templated":true}]}}