{"id":5429,"date":"2011-05-14T10:00:18","date_gmt":"2011-05-14T08:00:18","guid":{"rendered":"http:\/\/blog.zeit.de\/zeit-der-leser\/?p=5429"},"modified":"2011-05-11T15:35:43","modified_gmt":"2011-05-11T13:35:43","slug":"eine-kleine-weltreise-16","status":"publish","type":"post","link":"https:\/\/blog.zeit.de\/zeit-der-leser\/2011\/05\/14\/eine-kleine-weltreise-16\/","title":{"rendered":"Eine kleine Weltreise"},"content":{"rendered":"<p><em>&#8230; aus traurigem Anlass\u00ab unternimmt Sabine Kr\u00f6ner, 55: Nach dem Tod ihres Mannes im vergangenen Jahr wollte sie durch neue Eindr\u00fccke Abstand gewinnen. Von Buenos Aires aus ist sie per Schiff um die S\u00fcdspitze Amerikas und durch die S\u00fcdsee gefahren, dann kam sie \u00fcber Australien, Indonesien, Singapur und Myanmar auf die zu Indien geh\u00f6renden Andamanen-Inseln. \u00dcber Indien, die arabische Halbinsel und durch den Suezkanal wird die Reise weitergehen \u2013 bis nach Venedig.<\/em><\/p>\n<p>Nach einem erlebnisreichen Tag auf den Andamanen habe ich meinen Geburtstag an Bord gefeiert, irgendwo im Golf von Bengalen. Am Vorabend war ich bis Mitternacht wach geblieben und hatte das Pooldeck f\u00fcr mich alleine. Schaute in den sternenklaren Himmel. Das Kreuz des S\u00fcdens suchte ich und ersp\u00e4hte es auch endlich \u00fcber dem Heck. Viele Erinnerungen stiegen in mir hoch. Mein Mann kannte sich in der Astronomie sehr gut aus und hat mir auf unseren Reisen immer den Sternenhimmel erkl\u00e4rt. Mars und Jupiter wollte ich noch finden, doch alleine musste ich resignieren.<\/p>\n<p>Beim Fr\u00fchst\u00fcck erwarteten mich schon die ersten Gratulanten mit Gesang und Orchideen. Noch nie habe ich am Geburtstag so viele H\u00e4nde gesch\u00fcttelt und so viele K\u00fcsschen erhalten. \u00bbZufriedenheit\u00ab, das war es, was mir die meisten w\u00fcnschten. Sekt gab es den ganzen Tag, und beim Dartsturnier spielten wir um mein Alter. (Ich habe gewonnen.)<\/p>\n<p>Zum Abendessen habe ich sieben Menschen, die mir besonders ans Herz gewachsen sind, an meinen speziell dekorierten Tisch geladen. Mit Ansprachen, Gedicht, Massagegutschein und Champagner aus Heidelberg werde ich beschenkt. Die wunderbare Katharina hat mir eine E-Mail geschickt, die ich zum allgemeinen Am\u00fcsement verlese. Wolfgang spielt meine Wunschmelodien, sogar Gianna Nannini. Unsere Stimmung wird immer ausgelassener. Nach einem weiteren Tanz um den Pool \u2013 diesmal ist es ein Cha-Cha-Cha \u2013 sinke ich gl\u00fccklich in meine Federn. Eine Party mit so wenig Arbeit und so viel Personal hatte ich noch nie. Merci!<\/p>\n<p><em>Sabine Kr\u00f6ner, zzt. 6\u00b0 13\u2019 Nord, 82\u00b0 22\u2019 Ost<\/em><\/p>\n","protected":false},"excerpt":{"rendered":"<p>&#8230; aus traurigem Anlass\u00ab unternimmt Sabine Kr\u00f6ner, 55: Nach dem Tod ihres Mannes im vergangenen Jahr wollte sie durch neue Eindr\u00fccke Abstand gewinnen. Von Buenos Aires aus ist sie per Schiff um die S\u00fcdspitze Amerikas und durch die S\u00fcdsee gefahren, dann kam sie \u00fcber Australien, Indonesien, Singapur und Myanmar auf die zu Indien geh\u00f6renden Andamanen-Inseln. [&hellip;]<\/p>\n","protected":false},"author":323,"featured_media":0,"comment_status":"open","ping_status":"open","sticky":false,"template":"","format":"standard","meta":{"_jetpack_memberships_contains_paid_content":false,"footnotes":""},"categories":[5685],"tags":[],"class_list":["post-5429","post","type-post","status-publish","format-standard","hentry","category-eine-kleine-weltreise"],"yoast_head":"<!-- This site is optimized with the Yoast SEO plugin v21.0 - https:\/\/yoast.com\/wordpress\/plugins\/seo\/ -->\n<title>Eine kleine Weltreise - ZEIT der Leser<\/title>\n<meta name=\"robots\" content=\"index, follow, max-snippet:-1, max-image-preview:large, max-video-preview:-1\" \/>\n<link rel=\"canonical\" href=\"https:\/\/blog.zeit.de\/zeit-der-leser\/2011\/05\/14\/eine-kleine-weltreise-16\/\" \/>\n<meta property=\"og:locale\" content=\"de_DE\" \/>\n<meta property=\"og:type\" content=\"article\" \/>\n<meta property=\"og:title\" content=\"Eine kleine Weltreise - ZEIT der Leser\" \/>\n<meta property=\"og:description\" content=\"&#8230; aus traurigem Anlass\u00ab unternimmt Sabine Kr\u00f6ner, 55: Nach dem Tod ihres Mannes im vergangenen Jahr wollte sie durch neue Eindr\u00fccke Abstand gewinnen. Von Buenos Aires aus ist sie per Schiff um die S\u00fcdspitze Amerikas und durch die S\u00fcdsee gefahren, dann kam sie \u00fcber Australien, Indonesien, Singapur und Myanmar auf die zu Indien geh\u00f6renden Andamanen-Inseln. [&hellip;]\" \/>\n<meta property=\"og:url\" content=\"https:\/\/blog.zeit.de\/zeit-der-leser\/2011\/05\/14\/eine-kleine-weltreise-16\/\" \/>\n<meta property=\"og:site_name\" content=\"ZEIT der Leser\" \/>\n<meta property=\"article:published_time\" content=\"2011-05-14T08:00:18+00:00\" \/>\n<meta property=\"article:modified_time\" content=\"2011-05-11T13:35:43+00:00\" \/>\n<meta name=\"author\" content=\"Franziska Kelch\" \/>\n<meta name=\"twitter:card\" content=\"summary_large_image\" \/>\n<meta name=\"twitter:label1\" content=\"Geschrieben von\" \/>\n\t<meta name=\"twitter:data1\" content=\"Franziska Kelch\" \/>\n\t<meta name=\"twitter:label2\" content=\"Gesch\u00e4tzte Lesezeit\" \/>\n\t<meta name=\"twitter:data2\" content=\"2\u00a0Minuten\" \/>\n<script type=\"application\/ld+json\" class=\"yoast-schema-graph\">{\"@context\":\"https:\/\/schema.org\",\"@graph\":[{\"@type\":\"WebPage\",\"@id\":\"https:\/\/blog.zeit.de\/zeit-der-leser\/2011\/05\/14\/eine-kleine-weltreise-16\/\",\"url\":\"https:\/\/blog.zeit.de\/zeit-der-leser\/2011\/05\/14\/eine-kleine-weltreise-16\/\",\"name\":\"Eine kleine Weltreise - ZEIT der Leser\",\"isPartOf\":{\"@id\":\"https:\/\/blog.zeit.de\/zeit-der-leser\/#website\"},\"datePublished\":\"2011-05-14T08:00:18+00:00\",\"dateModified\":\"2011-05-11T13:35:43+00:00\",\"author\":{\"@id\":\"https:\/\/blog.zeit.de\/zeit-der-leser\/#\/schema\/person\/eaa3c3ed8f838c4aafcd25e9710fcc68\"},\"breadcrumb\":{\"@id\":\"https:\/\/blog.zeit.de\/zeit-der-leser\/2011\/05\/14\/eine-kleine-weltreise-16\/#breadcrumb\"},\"inLanguage\":\"de\",\"potentialAction\":[{\"@type\":\"ReadAction\",\"target\":[\"https:\/\/blog.zeit.de\/zeit-der-leser\/2011\/05\/14\/eine-kleine-weltreise-16\/\"]}]},{\"@type\":\"BreadcrumbList\",\"@id\":\"https:\/\/blog.zeit.de\/zeit-der-leser\/2011\/05\/14\/eine-kleine-weltreise-16\/#breadcrumb\",\"itemListElement\":[{\"@type\":\"ListItem\",\"position\":1,\"name\":\"Startseite\",\"item\":\"https:\/\/blog.zeit.de\/zeit-der-leser\/\"},{\"@type\":\"ListItem\",\"position\":2,\"name\":\"Eine kleine Weltreise\"}]},{\"@type\":\"WebSite\",\"@id\":\"https:\/\/blog.zeit.de\/zeit-der-leser\/#website\",\"url\":\"https:\/\/blog.zeit.de\/zeit-der-leser\/\",\"name\":\"ZEIT der Leser\",\"description\":\"Ein Blog mit Ihren Notizen, Gedichten und Bildern f\u00fcr die gedruckte ZEIT\",\"potentialAction\":[{\"@type\":\"SearchAction\",\"target\":{\"@type\":\"EntryPoint\",\"urlTemplate\":\"https:\/\/blog.zeit.de\/zeit-der-leser\/?s={search_term_string}\"},\"query-input\":\"required name=search_term_string\"}],\"inLanguage\":\"de\"},{\"@type\":\"Person\",\"@id\":\"https:\/\/blog.zeit.de\/zeit-der-leser\/#\/schema\/person\/eaa3c3ed8f838c4aafcd25e9710fcc68\",\"name\":\"Franziska Kelch\",\"image\":{\"@type\":\"ImageObject\",\"inLanguage\":\"de\",\"@id\":\"https:\/\/blog.zeit.de\/zeit-der-leser\/#\/schema\/person\/image\/\",\"url\":\"https:\/\/secure.gravatar.com\/avatar\/d7ae2b2bfc4c5c08ed3435dc2ecf53fcb6d4234c0aa486b8b64ce6549a61a378?s=96&d=mm&r=g\",\"contentUrl\":\"https:\/\/secure.gravatar.com\/avatar\/d7ae2b2bfc4c5c08ed3435dc2ecf53fcb6d4234c0aa486b8b64ce6549a61a378?s=96&d=mm&r=g\",\"caption\":\"Franziska Kelch\"},\"url\":\"https:\/\/blog.zeit.de\/zeit-der-leser\/author\/franziska-kelch\/\"}]}<\/script>\n<!-- \/ Yoast SEO plugin. -->","yoast_head_json":{"title":"Eine kleine Weltreise - ZEIT der Leser","robots":{"index":"index","follow":"follow","max-snippet":"max-snippet:-1","max-image-preview":"max-image-preview:large","max-video-preview":"max-video-preview:-1"},"canonical":"https:\/\/blog.zeit.de\/zeit-der-leser\/2011\/05\/14\/eine-kleine-weltreise-16\/","og_locale":"de_DE","og_type":"article","og_title":"Eine kleine Weltreise - ZEIT der Leser","og_description":"&#8230; aus traurigem Anlass\u00ab unternimmt Sabine Kr\u00f6ner, 55: Nach dem Tod ihres Mannes im vergangenen Jahr wollte sie durch neue Eindr\u00fccke Abstand gewinnen. Von Buenos Aires aus ist sie per Schiff um die S\u00fcdspitze Amerikas und durch die S\u00fcdsee gefahren, dann kam sie \u00fcber Australien, Indonesien, Singapur und Myanmar auf die zu Indien geh\u00f6renden Andamanen-Inseln. [&hellip;]","og_url":"https:\/\/blog.zeit.de\/zeit-der-leser\/2011\/05\/14\/eine-kleine-weltreise-16\/","og_site_name":"ZEIT der Leser","article_published_time":"2011-05-14T08:00:18+00:00","article_modified_time":"2011-05-11T13:35:43+00:00","author":"Franziska Kelch","twitter_card":"summary_large_image","twitter_misc":{"Geschrieben von":"Franziska Kelch","Gesch\u00e4tzte Lesezeit":"2\u00a0Minuten"},"schema":{"@context":"https:\/\/schema.org","@graph":[{"@type":"WebPage","@id":"https:\/\/blog.zeit.de\/zeit-der-leser\/2011\/05\/14\/eine-kleine-weltreise-16\/","url":"https:\/\/blog.zeit.de\/zeit-der-leser\/2011\/05\/14\/eine-kleine-weltreise-16\/","name":"Eine kleine Weltreise - ZEIT der Leser","isPartOf":{"@id":"https:\/\/blog.zeit.de\/zeit-der-leser\/#website"},"datePublished":"2011-05-14T08:00:18+00:00","dateModified":"2011-05-11T13:35:43+00:00","author":{"@id":"https:\/\/blog.zeit.de\/zeit-der-leser\/#\/schema\/person\/eaa3c3ed8f838c4aafcd25e9710fcc68"},"breadcrumb":{"@id":"https:\/\/blog.zeit.de\/zeit-der-leser\/2011\/05\/14\/eine-kleine-weltreise-16\/#breadcrumb"},"inLanguage":"de","potentialAction":[{"@type":"ReadAction","target":["https:\/\/blog.zeit.de\/zeit-der-leser\/2011\/05\/14\/eine-kleine-weltreise-16\/"]}]},{"@type":"BreadcrumbList","@id":"https:\/\/blog.zeit.de\/zeit-der-leser\/2011\/05\/14\/eine-kleine-weltreise-16\/#breadcrumb","itemListElement":[{"@type":"ListItem","position":1,"name":"Startseite","item":"https:\/\/blog.zeit.de\/zeit-der-leser\/"},{"@type":"ListItem","position":2,"name":"Eine kleine Weltreise"}]},{"@type":"WebSite","@id":"https:\/\/blog.zeit.de\/zeit-der-leser\/#website","url":"https:\/\/blog.zeit.de\/zeit-der-leser\/","name":"ZEIT der Leser","description":"Ein Blog mit Ihren Notizen, Gedichten und Bildern f\u00fcr die gedruckte ZEIT","potentialAction":[{"@type":"SearchAction","target":{"@type":"EntryPoint","urlTemplate":"https:\/\/blog.zeit.de\/zeit-der-leser\/?s={search_term_string}"},"query-input":"required name=search_term_string"}],"inLanguage":"de"},{"@type":"Person","@id":"https:\/\/blog.zeit.de\/zeit-der-leser\/#\/schema\/person\/eaa3c3ed8f838c4aafcd25e9710fcc68","name":"Franziska Kelch","image":{"@type":"ImageObject","inLanguage":"de","@id":"https:\/\/blog.zeit.de\/zeit-der-leser\/#\/schema\/person\/image\/","url":"https:\/\/secure.gravatar.com\/avatar\/d7ae2b2bfc4c5c08ed3435dc2ecf53fcb6d4234c0aa486b8b64ce6549a61a378?s=96&d=mm&r=g","contentUrl":"https:\/\/secure.gravatar.com\/avatar\/d7ae2b2bfc4c5c08ed3435dc2ecf53fcb6d4234c0aa486b8b64ce6549a61a378?s=96&d=mm&r=g","caption":"Franziska Kelch"},"url":"https:\/\/blog.zeit.de\/zeit-der-leser\/author\/franziska-kelch\/"}]}},"jetpack_featured_media_url":"","jetpack_sharing_enabled":true,"_links":{"self":[{"href":"https:\/\/blog.zeit.de\/zeit-der-leser\/wp-json\/wp\/v2\/posts\/5429","targetHints":{"allow":["GET"]}}],"collection":[{"href":"https:\/\/blog.zeit.de\/zeit-der-leser\/wp-json\/wp\/v2\/posts"}],"about":[{"href":"https:\/\/blog.zeit.de\/zeit-der-leser\/wp-json\/wp\/v2\/types\/post"}],"author":[{"embeddable":true,"href":"https:\/\/blog.zeit.de\/zeit-der-leser\/wp-json\/wp\/v2\/users\/323"}],"replies":[{"embeddable":true,"href":"https:\/\/blog.zeit.de\/zeit-der-leser\/wp-json\/wp\/v2\/comments?post=5429"}],"version-history":[{"count":2,"href":"https:\/\/blog.zeit.de\/zeit-der-leser\/wp-json\/wp\/v2\/posts\/5429\/revisions"}],"predecessor-version":[{"id":5431,"href":"https:\/\/blog.zeit.de\/zeit-der-leser\/wp-json\/wp\/v2\/posts\/5429\/revisions\/5431"}],"wp:attachment":[{"href":"https:\/\/blog.zeit.de\/zeit-der-leser\/wp-json\/wp\/v2\/media?parent=5429"}],"wp:term":[{"taxonomy":"category","embeddable":true,"href":"https:\/\/blog.zeit.de\/zeit-der-leser\/wp-json\/wp\/v2\/categories?post=5429"},{"taxonomy":"post_tag","embeddable":true,"href":"https:\/\/blog.zeit.de\/zeit-der-leser\/wp-json\/wp\/v2\/tags?post=5429"}],"curies":[{"name":"wp","href":"https:\/\/api.w.org\/{rel}","templated":true}]}}