{"id":544,"date":"2010-04-19T13:28:28","date_gmt":"2010-04-19T11:28:28","guid":{"rendered":"http:\/\/blog.zeit.de\/zeit-der-leser\/?p=544"},"modified":"2010-04-19T14:28:45","modified_gmt":"2010-04-19T12:28:45","slug":"das-regt-mich-auf-asphaltrowdys","status":"publish","type":"post","link":"https:\/\/blog.zeit.de\/zeit-der-leser\/2010\/04\/19\/das-regt-mich-auf-asphaltrowdys\/","title":{"rendered":"Das regt mich auf: Asphaltrowdys"},"content":{"rendered":"<p>Nach 1 \u00bd Stunden Theoriegeschwafel in der Fahrschule u\u0308ber vorbildliches Verhalten im Stra\u00dfenverkehr<br \/>\nstiefle ich in die Nacht hinaus. Beim ordnungsgem\u00e4\u00dfen \u00dcberqueren der Stra\u00dfe werde ich dann auf halber Strecke von einem schwarzen Opel erfasst. Ich knalle auf die Motorhaube, mache eine halbe Rolle und segle wieder zuru\u0308ck auf den harten Teer. Nachdem ich mich mu\u0308hsam aufrappele, habe ich metallischen Blutgschmack im Mund. <\/p>\n<p>Pl\u00f6tzlich steht die leichenblasse Fahrerin neben mir und stammelt: &#8222;Es ist ja gar nichts passiert, da brauchen wir keine Polizei.&#8220; Ich schreie sie an: &#8222;Sie haben mich gerade angefahren! Jetzt rufen Sie den Krankenwagen, ich habe mir einen Zahn ausgeschlagen!&#8220; Wenig sp\u00e4ter bringen mich die Sanit\u00e4ter zur Untersuchung in die Unfallklinik. Zum Glu\u0308ck bin ich mit &#8222;nur&#8220; einigen Schu\u0308rfwunden sowie einem abgebrochenen Schneidezahn davon gekommen, an dessen Stumpen noch schwarzer Autolack haftet. Nun besitze ich eine Krone und kann mich mit dem Gedanken auf Schmerzensgeld tr\u00f6sten. <\/p>\n<p><em>Constanze Wilz<\/em><\/p>\n","protected":false},"excerpt":{"rendered":"<p>Nach 1 \u00bd Stunden Theoriegeschwafel in der Fahrschule u\u0308ber vorbildliches Verhalten im Stra\u00dfenverkehr stiefle ich in die Nacht hinaus. Beim ordnungsgem\u00e4\u00dfen \u00dcberqueren der Stra\u00dfe werde ich dann auf halber Strecke von einem schwarzen Opel erfasst. Ich knalle auf die Motorhaube, mache eine halbe Rolle und segle wieder zuru\u0308ck auf den harten Teer. Nachdem ich mich [&hellip;]<\/p>\n","protected":false},"author":264,"featured_media":0,"comment_status":"open","ping_status":"open","sticky":false,"template":"","format":"standard","meta":{"_jetpack_memberships_contains_paid_content":false,"footnotes":""},"categories":[1869],"tags":[],"class_list":["post-544","post","type-post","status-publish","format-standard","hentry","category-das-regt-mich-auf"],"yoast_head":"<!-- This site is optimized with the Yoast SEO plugin v21.0 - https:\/\/yoast.com\/wordpress\/plugins\/seo\/ -->\n<title>Das regt mich auf: Asphaltrowdys - ZEIT der Leser<\/title>\n<meta name=\"robots\" content=\"index, follow, max-snippet:-1, max-image-preview:large, max-video-preview:-1\" \/>\n<link rel=\"canonical\" href=\"https:\/\/blog.zeit.de\/zeit-der-leser\/2010\/04\/19\/das-regt-mich-auf-asphaltrowdys\/\" \/>\n<meta property=\"og:locale\" content=\"de_DE\" \/>\n<meta property=\"og:type\" content=\"article\" \/>\n<meta property=\"og:title\" content=\"Das regt mich auf: Asphaltrowdys - ZEIT der Leser\" \/>\n<meta property=\"og:description\" content=\"Nach 1 \u00bd Stunden Theoriegeschwafel in der Fahrschule u\u0308ber vorbildliches Verhalten im Stra\u00dfenverkehr stiefle ich in die Nacht hinaus. Beim ordnungsgem\u00e4\u00dfen \u00dcberqueren der Stra\u00dfe werde ich dann auf halber Strecke von einem schwarzen Opel erfasst. Ich knalle auf die Motorhaube, mache eine halbe Rolle und segle wieder zuru\u0308ck auf den harten Teer. Nachdem ich mich [&hellip;]\" \/>\n<meta property=\"og:url\" content=\"https:\/\/blog.zeit.de\/zeit-der-leser\/2010\/04\/19\/das-regt-mich-auf-asphaltrowdys\/\" \/>\n<meta property=\"og:site_name\" content=\"ZEIT der Leser\" \/>\n<meta property=\"article:published_time\" content=\"2010-04-19T11:28:28+00:00\" \/>\n<meta property=\"article:modified_time\" content=\"2010-04-19T12:28:45+00:00\" \/>\n<meta name=\"author\" content=\"Zeit der Leser\" \/>\n<meta name=\"twitter:card\" content=\"summary_large_image\" \/>\n<meta name=\"twitter:label1\" content=\"Geschrieben von\" \/>\n\t<meta name=\"twitter:data1\" content=\"Zeit der Leser\" \/>\n\t<meta name=\"twitter:label2\" content=\"Gesch\u00e4tzte Lesezeit\" \/>\n\t<meta name=\"twitter:data2\" content=\"1\u00a0Minute\" \/>\n<script type=\"application\/ld+json\" class=\"yoast-schema-graph\">{\"@context\":\"https:\/\/schema.org\",\"@graph\":[{\"@type\":\"WebPage\",\"@id\":\"https:\/\/blog.zeit.de\/zeit-der-leser\/2010\/04\/19\/das-regt-mich-auf-asphaltrowdys\/\",\"url\":\"https:\/\/blog.zeit.de\/zeit-der-leser\/2010\/04\/19\/das-regt-mich-auf-asphaltrowdys\/\",\"name\":\"Das regt mich auf: Asphaltrowdys - ZEIT der Leser\",\"isPartOf\":{\"@id\":\"https:\/\/blog.zeit.de\/zeit-der-leser\/#website\"},\"datePublished\":\"2010-04-19T11:28:28+00:00\",\"dateModified\":\"2010-04-19T12:28:45+00:00\",\"author\":{\"@id\":\"https:\/\/blog.zeit.de\/zeit-der-leser\/#\/schema\/person\/e248c7ff5a10552f6a3bd5e9385b3667\"},\"breadcrumb\":{\"@id\":\"https:\/\/blog.zeit.de\/zeit-der-leser\/2010\/04\/19\/das-regt-mich-auf-asphaltrowdys\/#breadcrumb\"},\"inLanguage\":\"de\",\"potentialAction\":[{\"@type\":\"ReadAction\",\"target\":[\"https:\/\/blog.zeit.de\/zeit-der-leser\/2010\/04\/19\/das-regt-mich-auf-asphaltrowdys\/\"]}]},{\"@type\":\"BreadcrumbList\",\"@id\":\"https:\/\/blog.zeit.de\/zeit-der-leser\/2010\/04\/19\/das-regt-mich-auf-asphaltrowdys\/#breadcrumb\",\"itemListElement\":[{\"@type\":\"ListItem\",\"position\":1,\"name\":\"Startseite\",\"item\":\"https:\/\/blog.zeit.de\/zeit-der-leser\/\"},{\"@type\":\"ListItem\",\"position\":2,\"name\":\"Das regt mich auf: Asphaltrowdys\"}]},{\"@type\":\"WebSite\",\"@id\":\"https:\/\/blog.zeit.de\/zeit-der-leser\/#website\",\"url\":\"https:\/\/blog.zeit.de\/zeit-der-leser\/\",\"name\":\"ZEIT der Leser\",\"description\":\"Ein Blog mit Ihren Notizen, Gedichten und Bildern f\u00fcr die gedruckte ZEIT\",\"potentialAction\":[{\"@type\":\"SearchAction\",\"target\":{\"@type\":\"EntryPoint\",\"urlTemplate\":\"https:\/\/blog.zeit.de\/zeit-der-leser\/?s={search_term_string}\"},\"query-input\":\"required name=search_term_string\"}],\"inLanguage\":\"de\"},{\"@type\":\"Person\",\"@id\":\"https:\/\/blog.zeit.de\/zeit-der-leser\/#\/schema\/person\/e248c7ff5a10552f6a3bd5e9385b3667\",\"name\":\"Zeit der Leser\",\"image\":{\"@type\":\"ImageObject\",\"inLanguage\":\"de\",\"@id\":\"https:\/\/blog.zeit.de\/zeit-der-leser\/#\/schema\/person\/image\/\",\"url\":\"https:\/\/secure.gravatar.com\/avatar\/529bb2731085995bda6c8ba0e4da7e528ea8be4e6c7abdd217f176e2309035f6?s=96&d=mm&r=g\",\"contentUrl\":\"https:\/\/secure.gravatar.com\/avatar\/529bb2731085995bda6c8ba0e4da7e528ea8be4e6c7abdd217f176e2309035f6?s=96&d=mm&r=g\",\"caption\":\"Zeit der Leser\"},\"url\":\"https:\/\/blog.zeit.de\/zeit-der-leser\/author\/zeit-der-leser\/\"}]}<\/script>\n<!-- \/ Yoast SEO plugin. -->","yoast_head_json":{"title":"Das regt mich auf: Asphaltrowdys - ZEIT der Leser","robots":{"index":"index","follow":"follow","max-snippet":"max-snippet:-1","max-image-preview":"max-image-preview:large","max-video-preview":"max-video-preview:-1"},"canonical":"https:\/\/blog.zeit.de\/zeit-der-leser\/2010\/04\/19\/das-regt-mich-auf-asphaltrowdys\/","og_locale":"de_DE","og_type":"article","og_title":"Das regt mich auf: Asphaltrowdys - ZEIT der Leser","og_description":"Nach 1 \u00bd Stunden Theoriegeschwafel in der Fahrschule u\u0308ber vorbildliches Verhalten im Stra\u00dfenverkehr stiefle ich in die Nacht hinaus. Beim ordnungsgem\u00e4\u00dfen \u00dcberqueren der Stra\u00dfe werde ich dann auf halber Strecke von einem schwarzen Opel erfasst. Ich knalle auf die Motorhaube, mache eine halbe Rolle und segle wieder zuru\u0308ck auf den harten Teer. Nachdem ich mich [&hellip;]","og_url":"https:\/\/blog.zeit.de\/zeit-der-leser\/2010\/04\/19\/das-regt-mich-auf-asphaltrowdys\/","og_site_name":"ZEIT der Leser","article_published_time":"2010-04-19T11:28:28+00:00","article_modified_time":"2010-04-19T12:28:45+00:00","author":"Zeit der Leser","twitter_card":"summary_large_image","twitter_misc":{"Geschrieben von":"Zeit der Leser","Gesch\u00e4tzte Lesezeit":"1\u00a0Minute"},"schema":{"@context":"https:\/\/schema.org","@graph":[{"@type":"WebPage","@id":"https:\/\/blog.zeit.de\/zeit-der-leser\/2010\/04\/19\/das-regt-mich-auf-asphaltrowdys\/","url":"https:\/\/blog.zeit.de\/zeit-der-leser\/2010\/04\/19\/das-regt-mich-auf-asphaltrowdys\/","name":"Das regt mich auf: Asphaltrowdys - ZEIT der Leser","isPartOf":{"@id":"https:\/\/blog.zeit.de\/zeit-der-leser\/#website"},"datePublished":"2010-04-19T11:28:28+00:00","dateModified":"2010-04-19T12:28:45+00:00","author":{"@id":"https:\/\/blog.zeit.de\/zeit-der-leser\/#\/schema\/person\/e248c7ff5a10552f6a3bd5e9385b3667"},"breadcrumb":{"@id":"https:\/\/blog.zeit.de\/zeit-der-leser\/2010\/04\/19\/das-regt-mich-auf-asphaltrowdys\/#breadcrumb"},"inLanguage":"de","potentialAction":[{"@type":"ReadAction","target":["https:\/\/blog.zeit.de\/zeit-der-leser\/2010\/04\/19\/das-regt-mich-auf-asphaltrowdys\/"]}]},{"@type":"BreadcrumbList","@id":"https:\/\/blog.zeit.de\/zeit-der-leser\/2010\/04\/19\/das-regt-mich-auf-asphaltrowdys\/#breadcrumb","itemListElement":[{"@type":"ListItem","position":1,"name":"Startseite","item":"https:\/\/blog.zeit.de\/zeit-der-leser\/"},{"@type":"ListItem","position":2,"name":"Das regt mich auf: Asphaltrowdys"}]},{"@type":"WebSite","@id":"https:\/\/blog.zeit.de\/zeit-der-leser\/#website","url":"https:\/\/blog.zeit.de\/zeit-der-leser\/","name":"ZEIT der Leser","description":"Ein Blog mit Ihren Notizen, Gedichten und Bildern f\u00fcr die gedruckte ZEIT","potentialAction":[{"@type":"SearchAction","target":{"@type":"EntryPoint","urlTemplate":"https:\/\/blog.zeit.de\/zeit-der-leser\/?s={search_term_string}"},"query-input":"required name=search_term_string"}],"inLanguage":"de"},{"@type":"Person","@id":"https:\/\/blog.zeit.de\/zeit-der-leser\/#\/schema\/person\/e248c7ff5a10552f6a3bd5e9385b3667","name":"Zeit der Leser","image":{"@type":"ImageObject","inLanguage":"de","@id":"https:\/\/blog.zeit.de\/zeit-der-leser\/#\/schema\/person\/image\/","url":"https:\/\/secure.gravatar.com\/avatar\/529bb2731085995bda6c8ba0e4da7e528ea8be4e6c7abdd217f176e2309035f6?s=96&d=mm&r=g","contentUrl":"https:\/\/secure.gravatar.com\/avatar\/529bb2731085995bda6c8ba0e4da7e528ea8be4e6c7abdd217f176e2309035f6?s=96&d=mm&r=g","caption":"Zeit der Leser"},"url":"https:\/\/blog.zeit.de\/zeit-der-leser\/author\/zeit-der-leser\/"}]}},"jetpack_featured_media_url":"","jetpack_sharing_enabled":true,"_links":{"self":[{"href":"https:\/\/blog.zeit.de\/zeit-der-leser\/wp-json\/wp\/v2\/posts\/544","targetHints":{"allow":["GET"]}}],"collection":[{"href":"https:\/\/blog.zeit.de\/zeit-der-leser\/wp-json\/wp\/v2\/posts"}],"about":[{"href":"https:\/\/blog.zeit.de\/zeit-der-leser\/wp-json\/wp\/v2\/types\/post"}],"author":[{"embeddable":true,"href":"https:\/\/blog.zeit.de\/zeit-der-leser\/wp-json\/wp\/v2\/users\/264"}],"replies":[{"embeddable":true,"href":"https:\/\/blog.zeit.de\/zeit-der-leser\/wp-json\/wp\/v2\/comments?post=544"}],"version-history":[{"count":0,"href":"https:\/\/blog.zeit.de\/zeit-der-leser\/wp-json\/wp\/v2\/posts\/544\/revisions"}],"wp:attachment":[{"href":"https:\/\/blog.zeit.de\/zeit-der-leser\/wp-json\/wp\/v2\/media?parent=544"}],"wp:term":[{"taxonomy":"category","embeddable":true,"href":"https:\/\/blog.zeit.de\/zeit-der-leser\/wp-json\/wp\/v2\/categories?post=544"},{"taxonomy":"post_tag","embeddable":true,"href":"https:\/\/blog.zeit.de\/zeit-der-leser\/wp-json\/wp\/v2\/tags?post=544"}],"curies":[{"name":"wp","href":"https:\/\/api.w.org\/{rel}","templated":true}]}}