{"id":5504,"date":"2011-05-20T10:00:21","date_gmt":"2011-05-20T08:00:21","guid":{"rendered":"http:\/\/blog.zeit.de\/zeit-der-leser\/?p=5504"},"modified":"2011-05-19T18:41:06","modified_gmt":"2011-05-19T16:41:06","slug":"schone-gruse-8","status":"publish","type":"post","link":"https:\/\/blog.zeit.de\/zeit-der-leser\/2011\/05\/20\/schone-gruse-8\/","title":{"rendered":"Sch\u00f6ne Gr\u00fc\u00dfe"},"content":{"rendered":"<p><a href=\"https:\/\/blog.zeit.de\/zeit-der-leser\/files\/2011\/05\/DinevDimitre.jpg\"><img loading=\"lazy\" decoding=\"async\" class=\"alignleft size-full wp-image-5505\" title=\"DinevDimitre\" src=\"https:\/\/blog.zeit.de\/zeit-der-leser\/files\/2011\/05\/DinevDimitre.jpg\" alt=\"\" width=\"180\" height=\"139\" \/><\/a>Lieber Dimitre\u0301 Dinev,<\/p>\n<p>jetzt ho\u0308re ich endlich auf damit, Ihren Namen zu googeln, ihn in diverse Telefonbuch-Suchseiten einzugeben oder bei Verlagen nach Ihnen zu fragen. Ich versuche es mit einem literarischen Umweg \u2013 ein anderer wu\u0308rde zu Ihnen ja auch nicht passen \u2013 und nehme mir die ZEIT, um Ihnen zu schreiben. Auch wenn Sie vielleicht gerade in Wien sitzen und wahrscheinlich nicht weit von meinem Revier am Karmelitermarkt fru\u0308hstu\u0308cken. Ich habe eine Bitte an Sie: Schreiben Sie doch noch ein Buch! Ich finde beim besten Willen nichts mehr, was mich nach Ihrem Roman Engelszungen mit a\u0308hnlicher Faszination auf Ihr Osteuropa von gestern und heute einstimmen kann, das ich Stu\u0308ck fu\u0308r Stu\u0308ck gerade fu\u0308r mich entdecke.<\/p>\n<p><em>Margaretha V. Jurik, Wien<\/em><\/p>\n","protected":false},"excerpt":{"rendered":"<p>Lieber Dimitre\u0301 Dinev, jetzt ho\u0308re ich endlich auf damit, Ihren Namen zu googeln, ihn in diverse Telefonbuch-Suchseiten einzugeben oder bei Verlagen nach Ihnen zu fragen. Ich versuche es mit einem literarischen Umweg \u2013 ein anderer wu\u0308rde zu Ihnen ja auch nicht passen \u2013 und nehme mir die ZEIT, um Ihnen zu schreiben. Auch wenn Sie [&hellip;]<\/p>\n","protected":false},"author":265,"featured_media":0,"comment_status":"open","ping_status":"open","sticky":false,"template":"","format":"standard","meta":{"_jetpack_memberships_contains_paid_content":false,"footnotes":""},"categories":[1875],"tags":[],"class_list":["post-5504","post","type-post","status-publish","format-standard","hentry","category-schone-gruse"],"yoast_head":"<!-- This site is optimized with the Yoast SEO plugin v21.0 - https:\/\/yoast.com\/wordpress\/plugins\/seo\/ -->\n<title>Sch\u00f6ne Gr\u00fc\u00dfe - ZEIT der Leser<\/title>\n<meta name=\"robots\" content=\"index, follow, max-snippet:-1, max-image-preview:large, max-video-preview:-1\" \/>\n<link rel=\"canonical\" href=\"https:\/\/blog.zeit.de\/zeit-der-leser\/2011\/05\/20\/schone-gruse-8\/\" \/>\n<meta property=\"og:locale\" content=\"de_DE\" \/>\n<meta property=\"og:type\" content=\"article\" \/>\n<meta property=\"og:title\" content=\"Sch\u00f6ne Gr\u00fc\u00dfe - ZEIT der Leser\" \/>\n<meta property=\"og:description\" content=\"Lieber Dimitre\u0301 Dinev, jetzt ho\u0308re ich endlich auf damit, Ihren Namen zu googeln, ihn in diverse Telefonbuch-Suchseiten einzugeben oder bei Verlagen nach Ihnen zu fragen. Ich versuche es mit einem literarischen Umweg \u2013 ein anderer wu\u0308rde zu Ihnen ja auch nicht passen \u2013 und nehme mir die ZEIT, um Ihnen zu schreiben. Auch wenn Sie [&hellip;]\" \/>\n<meta property=\"og:url\" content=\"https:\/\/blog.zeit.de\/zeit-der-leser\/2011\/05\/20\/schone-gruse-8\/\" \/>\n<meta property=\"og:site_name\" content=\"ZEIT der Leser\" \/>\n<meta property=\"article:published_time\" content=\"2011-05-20T08:00:21+00:00\" \/>\n<meta property=\"article:modified_time\" content=\"2011-05-19T16:41:06+00:00\" \/>\n<meta property=\"og:image\" content=\"https:\/\/blog.zeit.de\/zeit-der-leser\/files\/2011\/05\/DinevDimitre.jpg\" \/>\n<meta name=\"author\" content=\"&quot;Zeit der Leser&quot;-Redaktion\" \/>\n<meta name=\"twitter:card\" content=\"summary_large_image\" \/>\n<meta name=\"twitter:label1\" content=\"Geschrieben von\" \/>\n\t<meta name=\"twitter:data1\" content=\"\"Zeit der Leser\"-Redaktion\" \/>\n\t<meta name=\"twitter:label2\" content=\"Gesch\u00e4tzte Lesezeit\" \/>\n\t<meta name=\"twitter:data2\" content=\"1\u00a0Minute\" \/>\n<script type=\"application\/ld+json\" class=\"yoast-schema-graph\">{\"@context\":\"https:\/\/schema.org\",\"@graph\":[{\"@type\":\"WebPage\",\"@id\":\"https:\/\/blog.zeit.de\/zeit-der-leser\/2011\/05\/20\/schone-gruse-8\/\",\"url\":\"https:\/\/blog.zeit.de\/zeit-der-leser\/2011\/05\/20\/schone-gruse-8\/\",\"name\":\"Sch\u00f6ne Gr\u00fc\u00dfe - ZEIT der Leser\",\"isPartOf\":{\"@id\":\"https:\/\/blog.zeit.de\/zeit-der-leser\/#website\"},\"datePublished\":\"2011-05-20T08:00:21+00:00\",\"dateModified\":\"2011-05-19T16:41:06+00:00\",\"author\":{\"@id\":\"https:\/\/blog.zeit.de\/zeit-der-leser\/#\/schema\/person\/583b14e5ad6368c23af846ecbde9f20f\"},\"breadcrumb\":{\"@id\":\"https:\/\/blog.zeit.de\/zeit-der-leser\/2011\/05\/20\/schone-gruse-8\/#breadcrumb\"},\"inLanguage\":\"de\",\"potentialAction\":[{\"@type\":\"ReadAction\",\"target\":[\"https:\/\/blog.zeit.de\/zeit-der-leser\/2011\/05\/20\/schone-gruse-8\/\"]}]},{\"@type\":\"BreadcrumbList\",\"@id\":\"https:\/\/blog.zeit.de\/zeit-der-leser\/2011\/05\/20\/schone-gruse-8\/#breadcrumb\",\"itemListElement\":[{\"@type\":\"ListItem\",\"position\":1,\"name\":\"Startseite\",\"item\":\"https:\/\/blog.zeit.de\/zeit-der-leser\/\"},{\"@type\":\"ListItem\",\"position\":2,\"name\":\"Sch\u00f6ne Gr\u00fc\u00dfe\"}]},{\"@type\":\"WebSite\",\"@id\":\"https:\/\/blog.zeit.de\/zeit-der-leser\/#website\",\"url\":\"https:\/\/blog.zeit.de\/zeit-der-leser\/\",\"name\":\"ZEIT der Leser\",\"description\":\"Ein Blog mit Ihren Notizen, Gedichten und Bildern f\u00fcr die gedruckte ZEIT\",\"potentialAction\":[{\"@type\":\"SearchAction\",\"target\":{\"@type\":\"EntryPoint\",\"urlTemplate\":\"https:\/\/blog.zeit.de\/zeit-der-leser\/?s={search_term_string}\"},\"query-input\":\"required name=search_term_string\"}],\"inLanguage\":\"de\"},{\"@type\":\"Person\",\"@id\":\"https:\/\/blog.zeit.de\/zeit-der-leser\/#\/schema\/person\/583b14e5ad6368c23af846ecbde9f20f\",\"name\":\"\\\"Zeit der Leser\\\"-Redaktion\",\"image\":{\"@type\":\"ImageObject\",\"inLanguage\":\"de\",\"@id\":\"https:\/\/blog.zeit.de\/zeit-der-leser\/#\/schema\/person\/image\/\",\"url\":\"https:\/\/secure.gravatar.com\/avatar\/e801a681bd3bbf2345131a815930b48d9f8e0a94de1346b624840dc850f67ad0?s=96&d=mm&r=g\",\"contentUrl\":\"https:\/\/secure.gravatar.com\/avatar\/e801a681bd3bbf2345131a815930b48d9f8e0a94de1346b624840dc850f67ad0?s=96&d=mm&r=g\",\"caption\":\"\\\"Zeit der Leser\\\"-Redaktion\"},\"url\":\"https:\/\/blog.zeit.de\/zeit-der-leser\/author\/zeit-der-leser-redaktion\/\"}]}<\/script>\n<!-- \/ Yoast SEO plugin. -->","yoast_head_json":{"title":"Sch\u00f6ne Gr\u00fc\u00dfe - ZEIT der Leser","robots":{"index":"index","follow":"follow","max-snippet":"max-snippet:-1","max-image-preview":"max-image-preview:large","max-video-preview":"max-video-preview:-1"},"canonical":"https:\/\/blog.zeit.de\/zeit-der-leser\/2011\/05\/20\/schone-gruse-8\/","og_locale":"de_DE","og_type":"article","og_title":"Sch\u00f6ne Gr\u00fc\u00dfe - ZEIT der Leser","og_description":"Lieber Dimitre\u0301 Dinev, jetzt ho\u0308re ich endlich auf damit, Ihren Namen zu googeln, ihn in diverse Telefonbuch-Suchseiten einzugeben oder bei Verlagen nach Ihnen zu fragen. Ich versuche es mit einem literarischen Umweg \u2013 ein anderer wu\u0308rde zu Ihnen ja auch nicht passen \u2013 und nehme mir die ZEIT, um Ihnen zu schreiben. Auch wenn Sie [&hellip;]","og_url":"https:\/\/blog.zeit.de\/zeit-der-leser\/2011\/05\/20\/schone-gruse-8\/","og_site_name":"ZEIT der Leser","article_published_time":"2011-05-20T08:00:21+00:00","article_modified_time":"2011-05-19T16:41:06+00:00","og_image":[{"url":"https:\/\/blog.zeit.de\/zeit-der-leser\/files\/2011\/05\/DinevDimitre.jpg"}],"author":"\"Zeit der Leser\"-Redaktion","twitter_card":"summary_large_image","twitter_misc":{"Geschrieben von":"\"Zeit der Leser\"-Redaktion","Gesch\u00e4tzte Lesezeit":"1\u00a0Minute"},"schema":{"@context":"https:\/\/schema.org","@graph":[{"@type":"WebPage","@id":"https:\/\/blog.zeit.de\/zeit-der-leser\/2011\/05\/20\/schone-gruse-8\/","url":"https:\/\/blog.zeit.de\/zeit-der-leser\/2011\/05\/20\/schone-gruse-8\/","name":"Sch\u00f6ne Gr\u00fc\u00dfe - ZEIT der Leser","isPartOf":{"@id":"https:\/\/blog.zeit.de\/zeit-der-leser\/#website"},"datePublished":"2011-05-20T08:00:21+00:00","dateModified":"2011-05-19T16:41:06+00:00","author":{"@id":"https:\/\/blog.zeit.de\/zeit-der-leser\/#\/schema\/person\/583b14e5ad6368c23af846ecbde9f20f"},"breadcrumb":{"@id":"https:\/\/blog.zeit.de\/zeit-der-leser\/2011\/05\/20\/schone-gruse-8\/#breadcrumb"},"inLanguage":"de","potentialAction":[{"@type":"ReadAction","target":["https:\/\/blog.zeit.de\/zeit-der-leser\/2011\/05\/20\/schone-gruse-8\/"]}]},{"@type":"BreadcrumbList","@id":"https:\/\/blog.zeit.de\/zeit-der-leser\/2011\/05\/20\/schone-gruse-8\/#breadcrumb","itemListElement":[{"@type":"ListItem","position":1,"name":"Startseite","item":"https:\/\/blog.zeit.de\/zeit-der-leser\/"},{"@type":"ListItem","position":2,"name":"Sch\u00f6ne Gr\u00fc\u00dfe"}]},{"@type":"WebSite","@id":"https:\/\/blog.zeit.de\/zeit-der-leser\/#website","url":"https:\/\/blog.zeit.de\/zeit-der-leser\/","name":"ZEIT der Leser","description":"Ein Blog mit Ihren Notizen, Gedichten und Bildern f\u00fcr die gedruckte ZEIT","potentialAction":[{"@type":"SearchAction","target":{"@type":"EntryPoint","urlTemplate":"https:\/\/blog.zeit.de\/zeit-der-leser\/?s={search_term_string}"},"query-input":"required name=search_term_string"}],"inLanguage":"de"},{"@type":"Person","@id":"https:\/\/blog.zeit.de\/zeit-der-leser\/#\/schema\/person\/583b14e5ad6368c23af846ecbde9f20f","name":"\"Zeit der Leser\"-Redaktion","image":{"@type":"ImageObject","inLanguage":"de","@id":"https:\/\/blog.zeit.de\/zeit-der-leser\/#\/schema\/person\/image\/","url":"https:\/\/secure.gravatar.com\/avatar\/e801a681bd3bbf2345131a815930b48d9f8e0a94de1346b624840dc850f67ad0?s=96&d=mm&r=g","contentUrl":"https:\/\/secure.gravatar.com\/avatar\/e801a681bd3bbf2345131a815930b48d9f8e0a94de1346b624840dc850f67ad0?s=96&d=mm&r=g","caption":"\"Zeit der Leser\"-Redaktion"},"url":"https:\/\/blog.zeit.de\/zeit-der-leser\/author\/zeit-der-leser-redaktion\/"}]}},"jetpack_featured_media_url":"","jetpack_sharing_enabled":true,"_links":{"self":[{"href":"https:\/\/blog.zeit.de\/zeit-der-leser\/wp-json\/wp\/v2\/posts\/5504","targetHints":{"allow":["GET"]}}],"collection":[{"href":"https:\/\/blog.zeit.de\/zeit-der-leser\/wp-json\/wp\/v2\/posts"}],"about":[{"href":"https:\/\/blog.zeit.de\/zeit-der-leser\/wp-json\/wp\/v2\/types\/post"}],"author":[{"embeddable":true,"href":"https:\/\/blog.zeit.de\/zeit-der-leser\/wp-json\/wp\/v2\/users\/265"}],"replies":[{"embeddable":true,"href":"https:\/\/blog.zeit.de\/zeit-der-leser\/wp-json\/wp\/v2\/comments?post=5504"}],"version-history":[{"count":3,"href":"https:\/\/blog.zeit.de\/zeit-der-leser\/wp-json\/wp\/v2\/posts\/5504\/revisions"}],"predecessor-version":[{"id":5508,"href":"https:\/\/blog.zeit.de\/zeit-der-leser\/wp-json\/wp\/v2\/posts\/5504\/revisions\/5508"}],"wp:attachment":[{"href":"https:\/\/blog.zeit.de\/zeit-der-leser\/wp-json\/wp\/v2\/media?parent=5504"}],"wp:term":[{"taxonomy":"category","embeddable":true,"href":"https:\/\/blog.zeit.de\/zeit-der-leser\/wp-json\/wp\/v2\/categories?post=5504"},{"taxonomy":"post_tag","embeddable":true,"href":"https:\/\/blog.zeit.de\/zeit-der-leser\/wp-json\/wp\/v2\/tags?post=5504"}],"curies":[{"name":"wp","href":"https:\/\/api.w.org\/{rel}","templated":true}]}}