{"id":5641,"date":"2011-05-27T10:00:11","date_gmt":"2011-05-27T08:00:11","guid":{"rendered":"http:\/\/blog.zeit.de\/zeit-der-leser\/?p=5641"},"modified":"2015-02-24T18:21:49","modified_gmt":"2015-02-24T17:21:49","slug":"mein-wort-schatz-linde","status":"publish","type":"post","link":"https:\/\/blog.zeit.de\/zeit-der-leser\/2011\/05\/27\/mein-wort-schatz-linde\/","title":{"rendered":"Linde: Mein Wort-Schatz"},"content":{"rendered":"<p>Schon in meiner Schulzeit (wie sch\u00f6n ist solch eine Alliteration!) haben meine Lehrer die Liebe zur deutschen Sprache in mir geweckt. Da ging es um das, was bestimmte Konsonanten in uns ausl\u00f6sten, das k-alte K, das ge-m-\u00fctliche M, das zerrei\u00dfende stimmlose S, ebenso das stimmhafte S, das knarrende R, das str\u00f6mende W (Wind, Welle, Wasser, Woge, Wut). Wir haben Worte gesucht, die mit diesen \u2013 und nat\u00fcrlich auch anderen \u2013 Konsonanten begannen. Das war schon in meiner Volksschulzeit, und diese Lehrer waren in Lehrerbildungsanstalten ausgebildet worden, nicht etwa in Universit\u00e4ten. Das Wort <strong>Linde<\/strong> lebt heute fast nur noch in der Bezeichnung eines Laubbaumes. Wer mahnt schon, wenn ein Streitgespr\u00e4ch sich anbahnt: \u00bbGelinde!\u00ab Martin Luther noch hat in der Bibel \u00fcbersetzt: \u00bbEure Lindigkeit lasset kund sein.\u00ab Fast lebenslang aber liebe ich das Wort \u00bblind\u00ab und lasse mir Alliterationen wie in dem Gedicht von Friedrich R\u00fcckert lustvoll auf der Zunge zergehen:<\/p>\n<p>Ich atmet\u2019 einen linden Duft!<br \/>\nIm Zimmer stand<br \/>\nEin Zweig der Linde,<br \/>\nEin Angebinde<br \/>\nVon lieber Hand.<br \/>\nWie lieblich war der Lindenduft!<br \/>\nWie lieblich ist der Lindenduft!<br \/>\nDas Lindenreis<br \/>\nBrachst du gelinde!<br \/>\nIch atme leis<br \/>\nIm Duft der Linde<br \/>\nDer Liebe linden Duft.<\/p>\n<p><strong>Claus Ocker<\/strong>, Bremen<\/p>\n","protected":false},"excerpt":{"rendered":"<p>Schon in meiner Schulzeit (wie sch\u00f6n ist solch eine Alliteration!) haben meine Lehrer die Liebe zur deutschen Sprache in mir geweckt. Da ging es um das, was bestimmte Konsonanten in uns ausl\u00f6sten, das k-alte K, das ge-m-\u00fctliche M, das zerrei\u00dfende stimmlose S, ebenso das stimmhafte S, das knarrende R, das str\u00f6mende W (Wind, Welle, Wasser, [&hellip;]<\/p>\n","protected":false},"author":265,"featured_media":0,"comment_status":"open","ping_status":"open","sticky":false,"template":"","format":"standard","meta":{"_jetpack_memberships_contains_paid_content":false,"footnotes":""},"categories":[5687],"tags":[],"class_list":["post-5641","post","type-post","status-publish","format-standard","hentry","category-mein-wort-schatz"],"yoast_head":"<!-- This site is optimized with the Yoast SEO plugin v21.0 - https:\/\/yoast.com\/wordpress\/plugins\/seo\/ -->\n<title>Linde: Mein Wort-Schatz - ZEIT der Leser<\/title>\n<meta name=\"robots\" content=\"index, follow, max-snippet:-1, max-image-preview:large, max-video-preview:-1\" \/>\n<link rel=\"canonical\" href=\"https:\/\/blog.zeit.de\/zeit-der-leser\/2011\/05\/27\/mein-wort-schatz-linde\/\" \/>\n<meta property=\"og:locale\" content=\"de_DE\" \/>\n<meta property=\"og:type\" content=\"article\" \/>\n<meta property=\"og:title\" content=\"Linde: Mein Wort-Schatz - ZEIT der Leser\" \/>\n<meta property=\"og:description\" content=\"Schon in meiner Schulzeit (wie sch\u00f6n ist solch eine Alliteration!) haben meine Lehrer die Liebe zur deutschen Sprache in mir geweckt. Da ging es um das, was bestimmte Konsonanten in uns ausl\u00f6sten, das k-alte K, das ge-m-\u00fctliche M, das zerrei\u00dfende stimmlose S, ebenso das stimmhafte S, das knarrende R, das str\u00f6mende W (Wind, Welle, Wasser, [&hellip;]\" \/>\n<meta property=\"og:url\" content=\"https:\/\/blog.zeit.de\/zeit-der-leser\/2011\/05\/27\/mein-wort-schatz-linde\/\" \/>\n<meta property=\"og:site_name\" content=\"ZEIT der Leser\" \/>\n<meta property=\"article:published_time\" content=\"2011-05-27T08:00:11+00:00\" \/>\n<meta property=\"article:modified_time\" content=\"2015-02-24T17:21:49+00:00\" \/>\n<meta name=\"author\" content=\"&quot;Zeit der Leser&quot;-Redaktion\" \/>\n<meta name=\"twitter:card\" content=\"summary_large_image\" \/>\n<meta name=\"twitter:label1\" content=\"Geschrieben von\" \/>\n\t<meta name=\"twitter:data1\" content=\"\"Zeit der Leser\"-Redaktion\" \/>\n\t<meta name=\"twitter:label2\" content=\"Gesch\u00e4tzte Lesezeit\" \/>\n\t<meta name=\"twitter:data2\" content=\"1\u00a0Minute\" \/>\n<script type=\"application\/ld+json\" class=\"yoast-schema-graph\">{\"@context\":\"https:\/\/schema.org\",\"@graph\":[{\"@type\":\"WebPage\",\"@id\":\"https:\/\/blog.zeit.de\/zeit-der-leser\/2011\/05\/27\/mein-wort-schatz-linde\/\",\"url\":\"https:\/\/blog.zeit.de\/zeit-der-leser\/2011\/05\/27\/mein-wort-schatz-linde\/\",\"name\":\"Linde: Mein Wort-Schatz - ZEIT der Leser\",\"isPartOf\":{\"@id\":\"https:\/\/blog.zeit.de\/zeit-der-leser\/#website\"},\"datePublished\":\"2011-05-27T08:00:11+00:00\",\"dateModified\":\"2015-02-24T17:21:49+00:00\",\"author\":{\"@id\":\"https:\/\/blog.zeit.de\/zeit-der-leser\/#\/schema\/person\/583b14e5ad6368c23af846ecbde9f20f\"},\"breadcrumb\":{\"@id\":\"https:\/\/blog.zeit.de\/zeit-der-leser\/2011\/05\/27\/mein-wort-schatz-linde\/#breadcrumb\"},\"inLanguage\":\"de\",\"potentialAction\":[{\"@type\":\"ReadAction\",\"target\":[\"https:\/\/blog.zeit.de\/zeit-der-leser\/2011\/05\/27\/mein-wort-schatz-linde\/\"]}]},{\"@type\":\"BreadcrumbList\",\"@id\":\"https:\/\/blog.zeit.de\/zeit-der-leser\/2011\/05\/27\/mein-wort-schatz-linde\/#breadcrumb\",\"itemListElement\":[{\"@type\":\"ListItem\",\"position\":1,\"name\":\"Startseite\",\"item\":\"https:\/\/blog.zeit.de\/zeit-der-leser\/\"},{\"@type\":\"ListItem\",\"position\":2,\"name\":\"Linde: Mein Wort-Schatz\"}]},{\"@type\":\"WebSite\",\"@id\":\"https:\/\/blog.zeit.de\/zeit-der-leser\/#website\",\"url\":\"https:\/\/blog.zeit.de\/zeit-der-leser\/\",\"name\":\"ZEIT der Leser\",\"description\":\"Ein Blog mit Ihren Notizen, Gedichten und Bildern f\u00fcr die gedruckte ZEIT\",\"potentialAction\":[{\"@type\":\"SearchAction\",\"target\":{\"@type\":\"EntryPoint\",\"urlTemplate\":\"https:\/\/blog.zeit.de\/zeit-der-leser\/?s={search_term_string}\"},\"query-input\":\"required name=search_term_string\"}],\"inLanguage\":\"de\"},{\"@type\":\"Person\",\"@id\":\"https:\/\/blog.zeit.de\/zeit-der-leser\/#\/schema\/person\/583b14e5ad6368c23af846ecbde9f20f\",\"name\":\"\\\"Zeit der Leser\\\"-Redaktion\",\"image\":{\"@type\":\"ImageObject\",\"inLanguage\":\"de\",\"@id\":\"https:\/\/blog.zeit.de\/zeit-der-leser\/#\/schema\/person\/image\/\",\"url\":\"https:\/\/secure.gravatar.com\/avatar\/e801a681bd3bbf2345131a815930b48d9f8e0a94de1346b624840dc850f67ad0?s=96&d=mm&r=g\",\"contentUrl\":\"https:\/\/secure.gravatar.com\/avatar\/e801a681bd3bbf2345131a815930b48d9f8e0a94de1346b624840dc850f67ad0?s=96&d=mm&r=g\",\"caption\":\"\\\"Zeit der Leser\\\"-Redaktion\"},\"url\":\"https:\/\/blog.zeit.de\/zeit-der-leser\/author\/zeit-der-leser-redaktion\/\"}]}<\/script>\n<!-- \/ Yoast SEO plugin. -->","yoast_head_json":{"title":"Linde: Mein Wort-Schatz - ZEIT der Leser","robots":{"index":"index","follow":"follow","max-snippet":"max-snippet:-1","max-image-preview":"max-image-preview:large","max-video-preview":"max-video-preview:-1"},"canonical":"https:\/\/blog.zeit.de\/zeit-der-leser\/2011\/05\/27\/mein-wort-schatz-linde\/","og_locale":"de_DE","og_type":"article","og_title":"Linde: Mein Wort-Schatz - ZEIT der Leser","og_description":"Schon in meiner Schulzeit (wie sch\u00f6n ist solch eine Alliteration!) haben meine Lehrer die Liebe zur deutschen Sprache in mir geweckt. Da ging es um das, was bestimmte Konsonanten in uns ausl\u00f6sten, das k-alte K, das ge-m-\u00fctliche M, das zerrei\u00dfende stimmlose S, ebenso das stimmhafte S, das knarrende R, das str\u00f6mende W (Wind, Welle, Wasser, [&hellip;]","og_url":"https:\/\/blog.zeit.de\/zeit-der-leser\/2011\/05\/27\/mein-wort-schatz-linde\/","og_site_name":"ZEIT der Leser","article_published_time":"2011-05-27T08:00:11+00:00","article_modified_time":"2015-02-24T17:21:49+00:00","author":"\"Zeit der Leser\"-Redaktion","twitter_card":"summary_large_image","twitter_misc":{"Geschrieben von":"\"Zeit der Leser\"-Redaktion","Gesch\u00e4tzte Lesezeit":"1\u00a0Minute"},"schema":{"@context":"https:\/\/schema.org","@graph":[{"@type":"WebPage","@id":"https:\/\/blog.zeit.de\/zeit-der-leser\/2011\/05\/27\/mein-wort-schatz-linde\/","url":"https:\/\/blog.zeit.de\/zeit-der-leser\/2011\/05\/27\/mein-wort-schatz-linde\/","name":"Linde: Mein Wort-Schatz - ZEIT der Leser","isPartOf":{"@id":"https:\/\/blog.zeit.de\/zeit-der-leser\/#website"},"datePublished":"2011-05-27T08:00:11+00:00","dateModified":"2015-02-24T17:21:49+00:00","author":{"@id":"https:\/\/blog.zeit.de\/zeit-der-leser\/#\/schema\/person\/583b14e5ad6368c23af846ecbde9f20f"},"breadcrumb":{"@id":"https:\/\/blog.zeit.de\/zeit-der-leser\/2011\/05\/27\/mein-wort-schatz-linde\/#breadcrumb"},"inLanguage":"de","potentialAction":[{"@type":"ReadAction","target":["https:\/\/blog.zeit.de\/zeit-der-leser\/2011\/05\/27\/mein-wort-schatz-linde\/"]}]},{"@type":"BreadcrumbList","@id":"https:\/\/blog.zeit.de\/zeit-der-leser\/2011\/05\/27\/mein-wort-schatz-linde\/#breadcrumb","itemListElement":[{"@type":"ListItem","position":1,"name":"Startseite","item":"https:\/\/blog.zeit.de\/zeit-der-leser\/"},{"@type":"ListItem","position":2,"name":"Linde: Mein Wort-Schatz"}]},{"@type":"WebSite","@id":"https:\/\/blog.zeit.de\/zeit-der-leser\/#website","url":"https:\/\/blog.zeit.de\/zeit-der-leser\/","name":"ZEIT der Leser","description":"Ein Blog mit Ihren Notizen, Gedichten und Bildern f\u00fcr die gedruckte ZEIT","potentialAction":[{"@type":"SearchAction","target":{"@type":"EntryPoint","urlTemplate":"https:\/\/blog.zeit.de\/zeit-der-leser\/?s={search_term_string}"},"query-input":"required name=search_term_string"}],"inLanguage":"de"},{"@type":"Person","@id":"https:\/\/blog.zeit.de\/zeit-der-leser\/#\/schema\/person\/583b14e5ad6368c23af846ecbde9f20f","name":"\"Zeit der Leser\"-Redaktion","image":{"@type":"ImageObject","inLanguage":"de","@id":"https:\/\/blog.zeit.de\/zeit-der-leser\/#\/schema\/person\/image\/","url":"https:\/\/secure.gravatar.com\/avatar\/e801a681bd3bbf2345131a815930b48d9f8e0a94de1346b624840dc850f67ad0?s=96&d=mm&r=g","contentUrl":"https:\/\/secure.gravatar.com\/avatar\/e801a681bd3bbf2345131a815930b48d9f8e0a94de1346b624840dc850f67ad0?s=96&d=mm&r=g","caption":"\"Zeit der Leser\"-Redaktion"},"url":"https:\/\/blog.zeit.de\/zeit-der-leser\/author\/zeit-der-leser-redaktion\/"}]}},"jetpack_featured_media_url":"","jetpack_sharing_enabled":true,"_links":{"self":[{"href":"https:\/\/blog.zeit.de\/zeit-der-leser\/wp-json\/wp\/v2\/posts\/5641","targetHints":{"allow":["GET"]}}],"collection":[{"href":"https:\/\/blog.zeit.de\/zeit-der-leser\/wp-json\/wp\/v2\/posts"}],"about":[{"href":"https:\/\/blog.zeit.de\/zeit-der-leser\/wp-json\/wp\/v2\/types\/post"}],"author":[{"embeddable":true,"href":"https:\/\/blog.zeit.de\/zeit-der-leser\/wp-json\/wp\/v2\/users\/265"}],"replies":[{"embeddable":true,"href":"https:\/\/blog.zeit.de\/zeit-der-leser\/wp-json\/wp\/v2\/comments?post=5641"}],"version-history":[{"count":5,"href":"https:\/\/blog.zeit.de\/zeit-der-leser\/wp-json\/wp\/v2\/posts\/5641\/revisions"}],"predecessor-version":[{"id":19881,"href":"https:\/\/blog.zeit.de\/zeit-der-leser\/wp-json\/wp\/v2\/posts\/5641\/revisions\/19881"}],"wp:attachment":[{"href":"https:\/\/blog.zeit.de\/zeit-der-leser\/wp-json\/wp\/v2\/media?parent=5641"}],"wp:term":[{"taxonomy":"category","embeddable":true,"href":"https:\/\/blog.zeit.de\/zeit-der-leser\/wp-json\/wp\/v2\/categories?post=5641"},{"taxonomy":"post_tag","embeddable":true,"href":"https:\/\/blog.zeit.de\/zeit-der-leser\/wp-json\/wp\/v2\/tags?post=5641"}],"curies":[{"name":"wp","href":"https:\/\/api.w.org\/{rel}","templated":true}]}}