{"id":5648,"date":"2011-05-29T10:00:16","date_gmt":"2011-05-29T08:00:16","guid":{"rendered":"http:\/\/blog.zeit.de\/zeit-der-leser\/?p=5648"},"modified":"2011-05-25T17:11:45","modified_gmt":"2011-05-25T15:11:45","slug":"eine-kleine-weltreise-18","status":"publish","type":"post","link":"https:\/\/blog.zeit.de\/zeit-der-leser\/2011\/05\/29\/eine-kleine-weltreise-18\/","title":{"rendered":"Eine kleine Weltreise &#8230;"},"content":{"rendered":"<p><em>&#8230; aus traurigem Anlass\u00ab hat Sabine Kr\u00f6ner, 56, unternommen: Nach dem Tod ihres Mannes im vergangenen Jahr wollte sie durch neue Eindr\u00fccke Abstand gewinnen. Von Buenos Aires aus ist sie per Schiff um die S\u00fcdspitze Amerikas und durch die S\u00fcdsee gefahren, dann ging es \u00fcber Australien, Indonesien, Singapur, Myanmar und Indien bis nach Dubai und durch das Rote Meer und den Sueskanal ins Mittelmeer. Hier der letzte von Sabine Kr\u00f6ners w\u00f6chentlichen Berichten:<\/em><\/p>\n<p>Nun geht es z\u00fcgig gen Venezia, und ich nutze die letzten Seetage zu einem Res\u00fcmee \u00fcber mein Weltreiseexperiment: Ich habe wunderbare Menschen an Bord dieses Schiffes kennengelernt. \u00dcber ganz Deutschland und auch die Schweiz verteilt, werden wir in Kontakt bleiben. Wir haben es geschafft, hier auf engem Raum friedlich miteinander zu leben. Anderen ist das schwerer gefallen. Auch mit der Crew hatten wir das beste Verh\u00e4ltnis, und wenn es n\u00f6tig war, sprangen wir auch mal Tischdecken und Sonnenschirmen hinterher, die der Wind \u00fcber Bord zu wehen drohte. Jaqueline hat mit ihrem Strahlen jeden Morgen mein Leben bereichert. Von ihren m\u00e4nnlichen Kollegen, den Stewards, m\u00f6chte ich aber nicht sprechen. Sie sind ja nicht meine Altersklasse. Also untouchable. Und dann die K\u00fcnstler an Bord: Man erlebt sie nicht nur auf der B\u00fchne, sondern auch am gemeinsamen Tisch. Ulla, Hidden Shakespeare, Neill, wir sehen uns wieder! Trotz all dieser sch\u00f6nen Erfahrungen werde ich nie wieder eine solche Reise machen. Im n\u00e4chsten Winter werde ich mich \u00fcberwinden und wieder auf die Kapverden fliegen, die auch mein Mann so geliebt hat. Da kann ich mich frei bewegen, bei den Marktfrauen und Fischern einkaufen, nicht nur auf Busreisen in die Kulturen kurz reinschnuppern. Ich werde viele Nadeln in meine Weltkarte zu Hause stecken k\u00f6nnen, aber ich muss einsehen: Wirklich da war ich nirgends.<br \/>\nIch freue mich auf zu Hause: Sommer in Heidelberg, Neckarwiese, Thermalbad, K\u00f6nigstuhl. Und auch mal wieder selbst kochen \u2013 und viel, viel kr\u00e4ftiger gew\u00fcrzt als auf dem Schiff!<\/p>\n<p><em>Sabine Kr\u00f6ner, zzt. 37\u00b0 24\u2019 Nord, 20\u00b0 44\u2019 Ost<\/em><\/p>\n","protected":false},"excerpt":{"rendered":"<p>&#8230; aus traurigem Anlass\u00ab hat Sabine Kr\u00f6ner, 56, unternommen: Nach dem Tod ihres Mannes im vergangenen Jahr wollte sie durch neue Eindr\u00fccke Abstand gewinnen. Von Buenos Aires aus ist sie per Schiff um die S\u00fcdspitze Amerikas und durch die S\u00fcdsee gefahren, dann ging es \u00fcber Australien, Indonesien, Singapur, Myanmar und Indien bis nach Dubai und [&hellip;]<\/p>\n","protected":false},"author":265,"featured_media":0,"comment_status":"open","ping_status":"open","sticky":false,"template":"","format":"standard","meta":{"_jetpack_memberships_contains_paid_content":false,"footnotes":""},"categories":[5685],"tags":[],"class_list":["post-5648","post","type-post","status-publish","format-standard","hentry","category-eine-kleine-weltreise"],"yoast_head":"<!-- This site is optimized with the Yoast SEO plugin v21.0 - https:\/\/yoast.com\/wordpress\/plugins\/seo\/ -->\n<title>Eine kleine Weltreise ... - ZEIT der Leser<\/title>\n<meta name=\"robots\" content=\"index, follow, max-snippet:-1, max-image-preview:large, max-video-preview:-1\" \/>\n<link rel=\"canonical\" href=\"https:\/\/blog.zeit.de\/zeit-der-leser\/2011\/05\/29\/eine-kleine-weltreise-18\/\" \/>\n<meta property=\"og:locale\" content=\"de_DE\" \/>\n<meta property=\"og:type\" content=\"article\" \/>\n<meta property=\"og:title\" content=\"Eine kleine Weltreise ... - ZEIT der Leser\" \/>\n<meta property=\"og:description\" content=\"&#8230; aus traurigem Anlass\u00ab hat Sabine Kr\u00f6ner, 56, unternommen: Nach dem Tod ihres Mannes im vergangenen Jahr wollte sie durch neue Eindr\u00fccke Abstand gewinnen. Von Buenos Aires aus ist sie per Schiff um die S\u00fcdspitze Amerikas und durch die S\u00fcdsee gefahren, dann ging es \u00fcber Australien, Indonesien, Singapur, Myanmar und Indien bis nach Dubai und [&hellip;]\" \/>\n<meta property=\"og:url\" content=\"https:\/\/blog.zeit.de\/zeit-der-leser\/2011\/05\/29\/eine-kleine-weltreise-18\/\" \/>\n<meta property=\"og:site_name\" content=\"ZEIT der Leser\" \/>\n<meta property=\"article:published_time\" content=\"2011-05-29T08:00:16+00:00\" \/>\n<meta property=\"article:modified_time\" content=\"2011-05-25T15:11:45+00:00\" \/>\n<meta name=\"author\" content=\"&quot;Zeit der Leser&quot;-Redaktion\" \/>\n<meta name=\"twitter:card\" content=\"summary_large_image\" \/>\n<meta name=\"twitter:label1\" content=\"Geschrieben von\" \/>\n\t<meta name=\"twitter:data1\" content=\"\"Zeit der Leser\"-Redaktion\" \/>\n\t<meta name=\"twitter:label2\" content=\"Gesch\u00e4tzte Lesezeit\" \/>\n\t<meta name=\"twitter:data2\" content=\"2\u00a0Minuten\" \/>\n<script type=\"application\/ld+json\" class=\"yoast-schema-graph\">{\"@context\":\"https:\/\/schema.org\",\"@graph\":[{\"@type\":\"WebPage\",\"@id\":\"https:\/\/blog.zeit.de\/zeit-der-leser\/2011\/05\/29\/eine-kleine-weltreise-18\/\",\"url\":\"https:\/\/blog.zeit.de\/zeit-der-leser\/2011\/05\/29\/eine-kleine-weltreise-18\/\",\"name\":\"Eine kleine Weltreise ... - ZEIT der Leser\",\"isPartOf\":{\"@id\":\"https:\/\/blog.zeit.de\/zeit-der-leser\/#website\"},\"datePublished\":\"2011-05-29T08:00:16+00:00\",\"dateModified\":\"2011-05-25T15:11:45+00:00\",\"author\":{\"@id\":\"https:\/\/blog.zeit.de\/zeit-der-leser\/#\/schema\/person\/583b14e5ad6368c23af846ecbde9f20f\"},\"breadcrumb\":{\"@id\":\"https:\/\/blog.zeit.de\/zeit-der-leser\/2011\/05\/29\/eine-kleine-weltreise-18\/#breadcrumb\"},\"inLanguage\":\"de\",\"potentialAction\":[{\"@type\":\"ReadAction\",\"target\":[\"https:\/\/blog.zeit.de\/zeit-der-leser\/2011\/05\/29\/eine-kleine-weltreise-18\/\"]}]},{\"@type\":\"BreadcrumbList\",\"@id\":\"https:\/\/blog.zeit.de\/zeit-der-leser\/2011\/05\/29\/eine-kleine-weltreise-18\/#breadcrumb\",\"itemListElement\":[{\"@type\":\"ListItem\",\"position\":1,\"name\":\"Startseite\",\"item\":\"https:\/\/blog.zeit.de\/zeit-der-leser\/\"},{\"@type\":\"ListItem\",\"position\":2,\"name\":\"Eine kleine Weltreise &#8230;\"}]},{\"@type\":\"WebSite\",\"@id\":\"https:\/\/blog.zeit.de\/zeit-der-leser\/#website\",\"url\":\"https:\/\/blog.zeit.de\/zeit-der-leser\/\",\"name\":\"ZEIT der Leser\",\"description\":\"Ein Blog mit Ihren Notizen, Gedichten und Bildern f\u00fcr die gedruckte ZEIT\",\"potentialAction\":[{\"@type\":\"SearchAction\",\"target\":{\"@type\":\"EntryPoint\",\"urlTemplate\":\"https:\/\/blog.zeit.de\/zeit-der-leser\/?s={search_term_string}\"},\"query-input\":\"required name=search_term_string\"}],\"inLanguage\":\"de\"},{\"@type\":\"Person\",\"@id\":\"https:\/\/blog.zeit.de\/zeit-der-leser\/#\/schema\/person\/583b14e5ad6368c23af846ecbde9f20f\",\"name\":\"\\\"Zeit der Leser\\\"-Redaktion\",\"image\":{\"@type\":\"ImageObject\",\"inLanguage\":\"de\",\"@id\":\"https:\/\/blog.zeit.de\/zeit-der-leser\/#\/schema\/person\/image\/\",\"url\":\"https:\/\/secure.gravatar.com\/avatar\/e801a681bd3bbf2345131a815930b48d9f8e0a94de1346b624840dc850f67ad0?s=96&d=mm&r=g\",\"contentUrl\":\"https:\/\/secure.gravatar.com\/avatar\/e801a681bd3bbf2345131a815930b48d9f8e0a94de1346b624840dc850f67ad0?s=96&d=mm&r=g\",\"caption\":\"\\\"Zeit der Leser\\\"-Redaktion\"},\"url\":\"https:\/\/blog.zeit.de\/zeit-der-leser\/author\/zeit-der-leser-redaktion\/\"}]}<\/script>\n<!-- \/ Yoast SEO plugin. -->","yoast_head_json":{"title":"Eine kleine Weltreise ... - ZEIT der Leser","robots":{"index":"index","follow":"follow","max-snippet":"max-snippet:-1","max-image-preview":"max-image-preview:large","max-video-preview":"max-video-preview:-1"},"canonical":"https:\/\/blog.zeit.de\/zeit-der-leser\/2011\/05\/29\/eine-kleine-weltreise-18\/","og_locale":"de_DE","og_type":"article","og_title":"Eine kleine Weltreise ... - ZEIT der Leser","og_description":"&#8230; aus traurigem Anlass\u00ab hat Sabine Kr\u00f6ner, 56, unternommen: Nach dem Tod ihres Mannes im vergangenen Jahr wollte sie durch neue Eindr\u00fccke Abstand gewinnen. Von Buenos Aires aus ist sie per Schiff um die S\u00fcdspitze Amerikas und durch die S\u00fcdsee gefahren, dann ging es \u00fcber Australien, Indonesien, Singapur, Myanmar und Indien bis nach Dubai und [&hellip;]","og_url":"https:\/\/blog.zeit.de\/zeit-der-leser\/2011\/05\/29\/eine-kleine-weltreise-18\/","og_site_name":"ZEIT der Leser","article_published_time":"2011-05-29T08:00:16+00:00","article_modified_time":"2011-05-25T15:11:45+00:00","author":"\"Zeit der Leser\"-Redaktion","twitter_card":"summary_large_image","twitter_misc":{"Geschrieben von":"\"Zeit der Leser\"-Redaktion","Gesch\u00e4tzte Lesezeit":"2\u00a0Minuten"},"schema":{"@context":"https:\/\/schema.org","@graph":[{"@type":"WebPage","@id":"https:\/\/blog.zeit.de\/zeit-der-leser\/2011\/05\/29\/eine-kleine-weltreise-18\/","url":"https:\/\/blog.zeit.de\/zeit-der-leser\/2011\/05\/29\/eine-kleine-weltreise-18\/","name":"Eine kleine Weltreise ... - ZEIT der Leser","isPartOf":{"@id":"https:\/\/blog.zeit.de\/zeit-der-leser\/#website"},"datePublished":"2011-05-29T08:00:16+00:00","dateModified":"2011-05-25T15:11:45+00:00","author":{"@id":"https:\/\/blog.zeit.de\/zeit-der-leser\/#\/schema\/person\/583b14e5ad6368c23af846ecbde9f20f"},"breadcrumb":{"@id":"https:\/\/blog.zeit.de\/zeit-der-leser\/2011\/05\/29\/eine-kleine-weltreise-18\/#breadcrumb"},"inLanguage":"de","potentialAction":[{"@type":"ReadAction","target":["https:\/\/blog.zeit.de\/zeit-der-leser\/2011\/05\/29\/eine-kleine-weltreise-18\/"]}]},{"@type":"BreadcrumbList","@id":"https:\/\/blog.zeit.de\/zeit-der-leser\/2011\/05\/29\/eine-kleine-weltreise-18\/#breadcrumb","itemListElement":[{"@type":"ListItem","position":1,"name":"Startseite","item":"https:\/\/blog.zeit.de\/zeit-der-leser\/"},{"@type":"ListItem","position":2,"name":"Eine kleine Weltreise &#8230;"}]},{"@type":"WebSite","@id":"https:\/\/blog.zeit.de\/zeit-der-leser\/#website","url":"https:\/\/blog.zeit.de\/zeit-der-leser\/","name":"ZEIT der Leser","description":"Ein Blog mit Ihren Notizen, Gedichten und Bildern f\u00fcr die gedruckte ZEIT","potentialAction":[{"@type":"SearchAction","target":{"@type":"EntryPoint","urlTemplate":"https:\/\/blog.zeit.de\/zeit-der-leser\/?s={search_term_string}"},"query-input":"required name=search_term_string"}],"inLanguage":"de"},{"@type":"Person","@id":"https:\/\/blog.zeit.de\/zeit-der-leser\/#\/schema\/person\/583b14e5ad6368c23af846ecbde9f20f","name":"\"Zeit der Leser\"-Redaktion","image":{"@type":"ImageObject","inLanguage":"de","@id":"https:\/\/blog.zeit.de\/zeit-der-leser\/#\/schema\/person\/image\/","url":"https:\/\/secure.gravatar.com\/avatar\/e801a681bd3bbf2345131a815930b48d9f8e0a94de1346b624840dc850f67ad0?s=96&d=mm&r=g","contentUrl":"https:\/\/secure.gravatar.com\/avatar\/e801a681bd3bbf2345131a815930b48d9f8e0a94de1346b624840dc850f67ad0?s=96&d=mm&r=g","caption":"\"Zeit der Leser\"-Redaktion"},"url":"https:\/\/blog.zeit.de\/zeit-der-leser\/author\/zeit-der-leser-redaktion\/"}]}},"jetpack_featured_media_url":"","jetpack_sharing_enabled":true,"_links":{"self":[{"href":"https:\/\/blog.zeit.de\/zeit-der-leser\/wp-json\/wp\/v2\/posts\/5648","targetHints":{"allow":["GET"]}}],"collection":[{"href":"https:\/\/blog.zeit.de\/zeit-der-leser\/wp-json\/wp\/v2\/posts"}],"about":[{"href":"https:\/\/blog.zeit.de\/zeit-der-leser\/wp-json\/wp\/v2\/types\/post"}],"author":[{"embeddable":true,"href":"https:\/\/blog.zeit.de\/zeit-der-leser\/wp-json\/wp\/v2\/users\/265"}],"replies":[{"embeddable":true,"href":"https:\/\/blog.zeit.de\/zeit-der-leser\/wp-json\/wp\/v2\/comments?post=5648"}],"version-history":[{"count":3,"href":"https:\/\/blog.zeit.de\/zeit-der-leser\/wp-json\/wp\/v2\/posts\/5648\/revisions"}],"predecessor-version":[{"id":5651,"href":"https:\/\/blog.zeit.de\/zeit-der-leser\/wp-json\/wp\/v2\/posts\/5648\/revisions\/5651"}],"wp:attachment":[{"href":"https:\/\/blog.zeit.de\/zeit-der-leser\/wp-json\/wp\/v2\/media?parent=5648"}],"wp:term":[{"taxonomy":"category","embeddable":true,"href":"https:\/\/blog.zeit.de\/zeit-der-leser\/wp-json\/wp\/v2\/categories?post=5648"},{"taxonomy":"post_tag","embeddable":true,"href":"https:\/\/blog.zeit.de\/zeit-der-leser\/wp-json\/wp\/v2\/tags?post=5648"}],"curies":[{"name":"wp","href":"https:\/\/api.w.org\/{rel}","templated":true}]}}