{"id":5691,"date":"2011-06-02T12:35:24","date_gmt":"2011-06-02T10:35:24","guid":{"rendered":"http:\/\/blog.zeit.de\/zeit-der-leser\/?p=5691"},"modified":"2011-06-02T12:35:24","modified_gmt":"2011-06-02T10:35:24","slug":"liebe-frau-von-der-leyen-2","status":"publish","type":"post","link":"https:\/\/blog.zeit.de\/zeit-der-leser\/2011\/06\/02\/liebe-frau-von-der-leyen-2\/","title":{"rendered":"Liebe Frau von der Leyen,"},"content":{"rendered":"<p><figure id=\"attachment_5718\" aria-describedby=\"caption-attachment-5718\" style=\"width: 180px\" class=\"wp-caption alignleft\"><a href=\"https:\/\/blog.zeit.de\/zeit-der-leser\/files\/2011\/06\/s90-leyen.jpg\"><img loading=\"lazy\" decoding=\"async\" src=\"https:\/\/blog.zeit.de\/zeit-der-leser\/files\/2011\/06\/s90-leyen.jpg\" alt=\"\" title=\"s90-leyen\" width=\"180\" height=\"256\" class=\"size-full wp-image-5718\" \/><\/a><figcaption id=\"caption-attachment-5718\" class=\"wp-caption-text\">\u00a9 Sean Gallup\/Getty Images<\/figcaption><\/figure><\/p>\n<p>ich bin Akademikerin, alleinerziehend, Mutter von f\u00fcnf Kindern (davon zwei mit Behinderungen) und &#8222;nat\u00fcrlich&#8220; bed\u00fcrftig. Ich w\u00fcrde mich als antragserfahren bezeichnen. Heute \u00f6ffne ich den Brief der Familienkasse mit den Antr\u00e4gen auf &#8222;Leistungen f\u00fcr Bildung und Teilhabe&#8220;: sechs Antr\u00e4ge pro Kind, also insgesamt drei\u00dfig! B\u00fcrokratischer Wahnsinn! Ich brauche Stunden, um alle Nachweise zu kopieren. Und ich frage mich, warum unser Staat die V\u00e4ter (in diesem Fall einen Selbstst\u00e4ndigen und Gro\u00dfverdiener) nicht mit allen Mitteln zur Verantwortung zieht und sich auf seine eigentlichen Aufgaben besinnt: direkt die Schulen mit Geld zu \u00fcbersch\u00fctten. Nur das kommt bei allen Kindern an. Ich setze Kaffee auf und f\u00fclle Antrag Nummer neun aus.<\/p>\n<p><em>Anne Christine Cuny, Leipzig<\/em><\/p>\n","protected":false},"excerpt":{"rendered":"<p>ich bin Akademikerin, alleinerziehend, Mutter von f\u00fcnf Kindern (davon zwei mit Behinderungen) und &#8222;nat\u00fcrlich&#8220; bed\u00fcrftig. Ich w\u00fcrde mich als antragserfahren bezeichnen. Heute \u00f6ffne ich den Brief der Familienkasse mit den Antr\u00e4gen auf &#8222;Leistungen f\u00fcr Bildung und Teilhabe&#8220;: sechs Antr\u00e4ge pro Kind, also insgesamt drei\u00dfig! B\u00fcrokratischer Wahnsinn! Ich brauche Stunden, um alle Nachweise zu kopieren. Und [&hellip;]<\/p>\n","protected":false},"author":265,"featured_media":0,"comment_status":"open","ping_status":"open","sticky":false,"template":"","format":"standard","meta":{"_jetpack_memberships_contains_paid_content":false,"footnotes":""},"categories":[1875],"tags":[],"class_list":["post-5691","post","type-post","status-publish","format-standard","hentry","category-schone-gruse"],"yoast_head":"<!-- This site is optimized with the Yoast SEO plugin v21.0 - https:\/\/yoast.com\/wordpress\/plugins\/seo\/ -->\n<title>Liebe Frau von der Leyen, - ZEIT der Leser<\/title>\n<meta name=\"robots\" content=\"index, follow, max-snippet:-1, max-image-preview:large, max-video-preview:-1\" \/>\n<link rel=\"canonical\" href=\"https:\/\/blog.zeit.de\/zeit-der-leser\/2011\/06\/02\/liebe-frau-von-der-leyen-2\/\" \/>\n<meta property=\"og:locale\" content=\"de_DE\" \/>\n<meta property=\"og:type\" content=\"article\" \/>\n<meta property=\"og:title\" content=\"Liebe Frau von der Leyen, - ZEIT der Leser\" \/>\n<meta property=\"og:description\" content=\"ich bin Akademikerin, alleinerziehend, Mutter von f\u00fcnf Kindern (davon zwei mit Behinderungen) und &#8222;nat\u00fcrlich&#8220; bed\u00fcrftig. Ich w\u00fcrde mich als antragserfahren bezeichnen. Heute \u00f6ffne ich den Brief der Familienkasse mit den Antr\u00e4gen auf &#8222;Leistungen f\u00fcr Bildung und Teilhabe&#8220;: sechs Antr\u00e4ge pro Kind, also insgesamt drei\u00dfig! B\u00fcrokratischer Wahnsinn! Ich brauche Stunden, um alle Nachweise zu kopieren. Und [&hellip;]\" \/>\n<meta property=\"og:url\" content=\"https:\/\/blog.zeit.de\/zeit-der-leser\/2011\/06\/02\/liebe-frau-von-der-leyen-2\/\" \/>\n<meta property=\"og:site_name\" content=\"ZEIT der Leser\" \/>\n<meta property=\"article:published_time\" content=\"2011-06-02T10:35:24+00:00\" \/>\n<meta property=\"og:image\" content=\"https:\/\/blog.zeit.de\/zeit-der-leser\/files\/2011\/06\/s90-leyen.jpg\" \/>\n<meta name=\"author\" content=\"&quot;Zeit der Leser&quot;-Redaktion\" \/>\n<meta name=\"twitter:card\" content=\"summary_large_image\" \/>\n<meta name=\"twitter:label1\" content=\"Geschrieben von\" \/>\n\t<meta name=\"twitter:data1\" content=\"\"Zeit der Leser\"-Redaktion\" \/>\n\t<meta name=\"twitter:label2\" content=\"Gesch\u00e4tzte Lesezeit\" \/>\n\t<meta name=\"twitter:data2\" content=\"1\u00a0Minute\" \/>\n<script type=\"application\/ld+json\" class=\"yoast-schema-graph\">{\"@context\":\"https:\/\/schema.org\",\"@graph\":[{\"@type\":\"WebPage\",\"@id\":\"https:\/\/blog.zeit.de\/zeit-der-leser\/2011\/06\/02\/liebe-frau-von-der-leyen-2\/\",\"url\":\"https:\/\/blog.zeit.de\/zeit-der-leser\/2011\/06\/02\/liebe-frau-von-der-leyen-2\/\",\"name\":\"Liebe Frau von der Leyen, - ZEIT der Leser\",\"isPartOf\":{\"@id\":\"https:\/\/blog.zeit.de\/zeit-der-leser\/#website\"},\"datePublished\":\"2011-06-02T10:35:24+00:00\",\"dateModified\":\"2011-06-02T10:35:24+00:00\",\"author\":{\"@id\":\"https:\/\/blog.zeit.de\/zeit-der-leser\/#\/schema\/person\/583b14e5ad6368c23af846ecbde9f20f\"},\"breadcrumb\":{\"@id\":\"https:\/\/blog.zeit.de\/zeit-der-leser\/2011\/06\/02\/liebe-frau-von-der-leyen-2\/#breadcrumb\"},\"inLanguage\":\"de\",\"potentialAction\":[{\"@type\":\"ReadAction\",\"target\":[\"https:\/\/blog.zeit.de\/zeit-der-leser\/2011\/06\/02\/liebe-frau-von-der-leyen-2\/\"]}]},{\"@type\":\"BreadcrumbList\",\"@id\":\"https:\/\/blog.zeit.de\/zeit-der-leser\/2011\/06\/02\/liebe-frau-von-der-leyen-2\/#breadcrumb\",\"itemListElement\":[{\"@type\":\"ListItem\",\"position\":1,\"name\":\"Startseite\",\"item\":\"https:\/\/blog.zeit.de\/zeit-der-leser\/\"},{\"@type\":\"ListItem\",\"position\":2,\"name\":\"Liebe Frau von der Leyen,\"}]},{\"@type\":\"WebSite\",\"@id\":\"https:\/\/blog.zeit.de\/zeit-der-leser\/#website\",\"url\":\"https:\/\/blog.zeit.de\/zeit-der-leser\/\",\"name\":\"ZEIT der Leser\",\"description\":\"Ein Blog mit Ihren Notizen, Gedichten und Bildern f\u00fcr die gedruckte ZEIT\",\"potentialAction\":[{\"@type\":\"SearchAction\",\"target\":{\"@type\":\"EntryPoint\",\"urlTemplate\":\"https:\/\/blog.zeit.de\/zeit-der-leser\/?s={search_term_string}\"},\"query-input\":\"required name=search_term_string\"}],\"inLanguage\":\"de\"},{\"@type\":\"Person\",\"@id\":\"https:\/\/blog.zeit.de\/zeit-der-leser\/#\/schema\/person\/583b14e5ad6368c23af846ecbde9f20f\",\"name\":\"\\\"Zeit der Leser\\\"-Redaktion\",\"image\":{\"@type\":\"ImageObject\",\"inLanguage\":\"de\",\"@id\":\"https:\/\/blog.zeit.de\/zeit-der-leser\/#\/schema\/person\/image\/\",\"url\":\"https:\/\/secure.gravatar.com\/avatar\/e801a681bd3bbf2345131a815930b48d9f8e0a94de1346b624840dc850f67ad0?s=96&d=mm&r=g\",\"contentUrl\":\"https:\/\/secure.gravatar.com\/avatar\/e801a681bd3bbf2345131a815930b48d9f8e0a94de1346b624840dc850f67ad0?s=96&d=mm&r=g\",\"caption\":\"\\\"Zeit der Leser\\\"-Redaktion\"},\"url\":\"https:\/\/blog.zeit.de\/zeit-der-leser\/author\/zeit-der-leser-redaktion\/\"}]}<\/script>\n<!-- \/ Yoast SEO plugin. -->","yoast_head_json":{"title":"Liebe Frau von der Leyen, - ZEIT der Leser","robots":{"index":"index","follow":"follow","max-snippet":"max-snippet:-1","max-image-preview":"max-image-preview:large","max-video-preview":"max-video-preview:-1"},"canonical":"https:\/\/blog.zeit.de\/zeit-der-leser\/2011\/06\/02\/liebe-frau-von-der-leyen-2\/","og_locale":"de_DE","og_type":"article","og_title":"Liebe Frau von der Leyen, - ZEIT der Leser","og_description":"ich bin Akademikerin, alleinerziehend, Mutter von f\u00fcnf Kindern (davon zwei mit Behinderungen) und &#8222;nat\u00fcrlich&#8220; bed\u00fcrftig. Ich w\u00fcrde mich als antragserfahren bezeichnen. Heute \u00f6ffne ich den Brief der Familienkasse mit den Antr\u00e4gen auf &#8222;Leistungen f\u00fcr Bildung und Teilhabe&#8220;: sechs Antr\u00e4ge pro Kind, also insgesamt drei\u00dfig! B\u00fcrokratischer Wahnsinn! Ich brauche Stunden, um alle Nachweise zu kopieren. Und [&hellip;]","og_url":"https:\/\/blog.zeit.de\/zeit-der-leser\/2011\/06\/02\/liebe-frau-von-der-leyen-2\/","og_site_name":"ZEIT der Leser","article_published_time":"2011-06-02T10:35:24+00:00","og_image":[{"url":"https:\/\/blog.zeit.de\/zeit-der-leser\/files\/2011\/06\/s90-leyen.jpg"}],"author":"\"Zeit der Leser\"-Redaktion","twitter_card":"summary_large_image","twitter_misc":{"Geschrieben von":"\"Zeit der Leser\"-Redaktion","Gesch\u00e4tzte Lesezeit":"1\u00a0Minute"},"schema":{"@context":"https:\/\/schema.org","@graph":[{"@type":"WebPage","@id":"https:\/\/blog.zeit.de\/zeit-der-leser\/2011\/06\/02\/liebe-frau-von-der-leyen-2\/","url":"https:\/\/blog.zeit.de\/zeit-der-leser\/2011\/06\/02\/liebe-frau-von-der-leyen-2\/","name":"Liebe Frau von der Leyen, - ZEIT der Leser","isPartOf":{"@id":"https:\/\/blog.zeit.de\/zeit-der-leser\/#website"},"datePublished":"2011-06-02T10:35:24+00:00","dateModified":"2011-06-02T10:35:24+00:00","author":{"@id":"https:\/\/blog.zeit.de\/zeit-der-leser\/#\/schema\/person\/583b14e5ad6368c23af846ecbde9f20f"},"breadcrumb":{"@id":"https:\/\/blog.zeit.de\/zeit-der-leser\/2011\/06\/02\/liebe-frau-von-der-leyen-2\/#breadcrumb"},"inLanguage":"de","potentialAction":[{"@type":"ReadAction","target":["https:\/\/blog.zeit.de\/zeit-der-leser\/2011\/06\/02\/liebe-frau-von-der-leyen-2\/"]}]},{"@type":"BreadcrumbList","@id":"https:\/\/blog.zeit.de\/zeit-der-leser\/2011\/06\/02\/liebe-frau-von-der-leyen-2\/#breadcrumb","itemListElement":[{"@type":"ListItem","position":1,"name":"Startseite","item":"https:\/\/blog.zeit.de\/zeit-der-leser\/"},{"@type":"ListItem","position":2,"name":"Liebe Frau von der Leyen,"}]},{"@type":"WebSite","@id":"https:\/\/blog.zeit.de\/zeit-der-leser\/#website","url":"https:\/\/blog.zeit.de\/zeit-der-leser\/","name":"ZEIT der Leser","description":"Ein Blog mit Ihren Notizen, Gedichten und Bildern f\u00fcr die gedruckte ZEIT","potentialAction":[{"@type":"SearchAction","target":{"@type":"EntryPoint","urlTemplate":"https:\/\/blog.zeit.de\/zeit-der-leser\/?s={search_term_string}"},"query-input":"required name=search_term_string"}],"inLanguage":"de"},{"@type":"Person","@id":"https:\/\/blog.zeit.de\/zeit-der-leser\/#\/schema\/person\/583b14e5ad6368c23af846ecbde9f20f","name":"\"Zeit der Leser\"-Redaktion","image":{"@type":"ImageObject","inLanguage":"de","@id":"https:\/\/blog.zeit.de\/zeit-der-leser\/#\/schema\/person\/image\/","url":"https:\/\/secure.gravatar.com\/avatar\/e801a681bd3bbf2345131a815930b48d9f8e0a94de1346b624840dc850f67ad0?s=96&d=mm&r=g","contentUrl":"https:\/\/secure.gravatar.com\/avatar\/e801a681bd3bbf2345131a815930b48d9f8e0a94de1346b624840dc850f67ad0?s=96&d=mm&r=g","caption":"\"Zeit der Leser\"-Redaktion"},"url":"https:\/\/blog.zeit.de\/zeit-der-leser\/author\/zeit-der-leser-redaktion\/"}]}},"jetpack_featured_media_url":"","jetpack_sharing_enabled":true,"_links":{"self":[{"href":"https:\/\/blog.zeit.de\/zeit-der-leser\/wp-json\/wp\/v2\/posts\/5691","targetHints":{"allow":["GET"]}}],"collection":[{"href":"https:\/\/blog.zeit.de\/zeit-der-leser\/wp-json\/wp\/v2\/posts"}],"about":[{"href":"https:\/\/blog.zeit.de\/zeit-der-leser\/wp-json\/wp\/v2\/types\/post"}],"author":[{"embeddable":true,"href":"https:\/\/blog.zeit.de\/zeit-der-leser\/wp-json\/wp\/v2\/users\/265"}],"replies":[{"embeddable":true,"href":"https:\/\/blog.zeit.de\/zeit-der-leser\/wp-json\/wp\/v2\/comments?post=5691"}],"version-history":[{"count":8,"href":"https:\/\/blog.zeit.de\/zeit-der-leser\/wp-json\/wp\/v2\/posts\/5691\/revisions"}],"predecessor-version":[{"id":5724,"href":"https:\/\/blog.zeit.de\/zeit-der-leser\/wp-json\/wp\/v2\/posts\/5691\/revisions\/5724"}],"wp:attachment":[{"href":"https:\/\/blog.zeit.de\/zeit-der-leser\/wp-json\/wp\/v2\/media?parent=5691"}],"wp:term":[{"taxonomy":"category","embeddable":true,"href":"https:\/\/blog.zeit.de\/zeit-der-leser\/wp-json\/wp\/v2\/categories?post=5691"},{"taxonomy":"post_tag","embeddable":true,"href":"https:\/\/blog.zeit.de\/zeit-der-leser\/wp-json\/wp\/v2\/tags?post=5691"}],"curies":[{"name":"wp","href":"https:\/\/api.w.org\/{rel}","templated":true}]}}