{"id":5694,"date":"2011-06-03T12:00:48","date_gmt":"2011-06-03T10:00:48","guid":{"rendered":"http:\/\/blog.zeit.de\/zeit-der-leser\/?p=5694"},"modified":"2011-06-02T12:37:02","modified_gmt":"2011-06-02T10:37:02","slug":"verbunden","status":"publish","type":"post","link":"https:\/\/blog.zeit.de\/zeit-der-leser\/2011\/06\/03\/verbunden\/","title":{"rendered":"Verbunden"},"content":{"rendered":"<p><em>(nach Johann Wolfgang von Goethe, \u00bbGefunden\u00ab)<\/em><\/p>\n<p>Ich ging im Walde<br \/>\nSo f\u00fcr mich hin,<br \/>\nUnd nichts zu suchen,<br \/>\nDas war mein Sinn.<\/p>\n<p>Zwischen \u00c4sten t\u00f6nte<br \/>\nEin Sprechen hervor \u2013<br \/>\nAuf der Bank sa\u00df ein Wand\u2019rer,<br \/>\nSein Handy am Ohr.<\/p>\n<p>Die Tannen rauschten,<br \/>\nEr h\u00f6rte es kaum \u2013<br \/>\nWeshalb eigentlich sa\u00df er<br \/>\nAm Waldessaum?<\/p>\n<p>Er h\u00f6rt nicht die V\u00f6glein,<br \/>\nEr sieht nicht Natur \u2013<br \/>\nF\u00fcr ihn z\u00e4hlen Stimmen<br \/>\nAus der Menschenwelt nur.<\/p>\n<p>Er k\u00f6nnte ins Weite<br \/>\nSeinen Blick lassen zieh\u2019n \u2013<br \/>\nDoch die Dinge des Alltags<br \/>\nHaben mehr Reiz f\u00fcr ihn.<\/p>\n<p><em>Wolfgang Tribukait, Villingen<\/em><\/p>\n","protected":false},"excerpt":{"rendered":"<p>(nach Johann Wolfgang von Goethe, \u00bbGefunden\u00ab) Ich ging im Walde So f\u00fcr mich hin, Und nichts zu suchen, Das war mein Sinn. Zwischen \u00c4sten t\u00f6nte Ein Sprechen hervor \u2013 Auf der Bank sa\u00df ein Wand\u2019rer, Sein Handy am Ohr. Die Tannen rauschten, Er h\u00f6rte es kaum \u2013 Weshalb eigentlich sa\u00df er Am Waldessaum? Er h\u00f6rt [&hellip;]<\/p>\n","protected":false},"author":265,"featured_media":0,"comment_status":"open","ping_status":"open","sticky":false,"template":"","format":"standard","meta":{"_jetpack_memberships_contains_paid_content":false,"footnotes":""},"categories":[5684],"tags":[],"class_list":["post-5694","post","type-post","status-publish","format-standard","hentry","category-ein-gedicht"],"yoast_head":"<!-- This site is optimized with the Yoast SEO plugin v21.0 - https:\/\/yoast.com\/wordpress\/plugins\/seo\/ -->\n<title>Verbunden - ZEIT der Leser<\/title>\n<meta name=\"robots\" content=\"index, follow, max-snippet:-1, max-image-preview:large, max-video-preview:-1\" \/>\n<link rel=\"canonical\" href=\"https:\/\/blog.zeit.de\/zeit-der-leser\/2011\/06\/03\/verbunden\/\" \/>\n<meta property=\"og:locale\" content=\"de_DE\" \/>\n<meta property=\"og:type\" content=\"article\" \/>\n<meta property=\"og:title\" content=\"Verbunden - ZEIT der Leser\" \/>\n<meta property=\"og:description\" content=\"(nach Johann Wolfgang von Goethe, \u00bbGefunden\u00ab) Ich ging im Walde So f\u00fcr mich hin, Und nichts zu suchen, Das war mein Sinn. Zwischen \u00c4sten t\u00f6nte Ein Sprechen hervor \u2013 Auf der Bank sa\u00df ein Wand\u2019rer, Sein Handy am Ohr. Die Tannen rauschten, Er h\u00f6rte es kaum \u2013 Weshalb eigentlich sa\u00df er Am Waldessaum? Er h\u00f6rt [&hellip;]\" \/>\n<meta property=\"og:url\" content=\"https:\/\/blog.zeit.de\/zeit-der-leser\/2011\/06\/03\/verbunden\/\" \/>\n<meta property=\"og:site_name\" content=\"ZEIT der Leser\" \/>\n<meta property=\"article:published_time\" content=\"2011-06-03T10:00:48+00:00\" \/>\n<meta property=\"article:modified_time\" content=\"2011-06-02T10:37:02+00:00\" \/>\n<meta name=\"author\" content=\"&quot;Zeit der Leser&quot;-Redaktion\" \/>\n<meta name=\"twitter:card\" content=\"summary_large_image\" \/>\n<meta name=\"twitter:label1\" content=\"Geschrieben von\" \/>\n\t<meta name=\"twitter:data1\" content=\"\"Zeit der Leser\"-Redaktion\" \/>\n\t<meta name=\"twitter:label2\" content=\"Gesch\u00e4tzte Lesezeit\" \/>\n\t<meta name=\"twitter:data2\" content=\"1\u00a0Minute\" \/>\n<script type=\"application\/ld+json\" class=\"yoast-schema-graph\">{\"@context\":\"https:\/\/schema.org\",\"@graph\":[{\"@type\":\"WebPage\",\"@id\":\"https:\/\/blog.zeit.de\/zeit-der-leser\/2011\/06\/03\/verbunden\/\",\"url\":\"https:\/\/blog.zeit.de\/zeit-der-leser\/2011\/06\/03\/verbunden\/\",\"name\":\"Verbunden - ZEIT der Leser\",\"isPartOf\":{\"@id\":\"https:\/\/blog.zeit.de\/zeit-der-leser\/#website\"},\"datePublished\":\"2011-06-03T10:00:48+00:00\",\"dateModified\":\"2011-06-02T10:37:02+00:00\",\"author\":{\"@id\":\"https:\/\/blog.zeit.de\/zeit-der-leser\/#\/schema\/person\/583b14e5ad6368c23af846ecbde9f20f\"},\"breadcrumb\":{\"@id\":\"https:\/\/blog.zeit.de\/zeit-der-leser\/2011\/06\/03\/verbunden\/#breadcrumb\"},\"inLanguage\":\"de\",\"potentialAction\":[{\"@type\":\"ReadAction\",\"target\":[\"https:\/\/blog.zeit.de\/zeit-der-leser\/2011\/06\/03\/verbunden\/\"]}]},{\"@type\":\"BreadcrumbList\",\"@id\":\"https:\/\/blog.zeit.de\/zeit-der-leser\/2011\/06\/03\/verbunden\/#breadcrumb\",\"itemListElement\":[{\"@type\":\"ListItem\",\"position\":1,\"name\":\"Startseite\",\"item\":\"https:\/\/blog.zeit.de\/zeit-der-leser\/\"},{\"@type\":\"ListItem\",\"position\":2,\"name\":\"Verbunden\"}]},{\"@type\":\"WebSite\",\"@id\":\"https:\/\/blog.zeit.de\/zeit-der-leser\/#website\",\"url\":\"https:\/\/blog.zeit.de\/zeit-der-leser\/\",\"name\":\"ZEIT der Leser\",\"description\":\"Ein Blog mit Ihren Notizen, Gedichten und Bildern f\u00fcr die gedruckte ZEIT\",\"potentialAction\":[{\"@type\":\"SearchAction\",\"target\":{\"@type\":\"EntryPoint\",\"urlTemplate\":\"https:\/\/blog.zeit.de\/zeit-der-leser\/?s={search_term_string}\"},\"query-input\":\"required name=search_term_string\"}],\"inLanguage\":\"de\"},{\"@type\":\"Person\",\"@id\":\"https:\/\/blog.zeit.de\/zeit-der-leser\/#\/schema\/person\/583b14e5ad6368c23af846ecbde9f20f\",\"name\":\"\\\"Zeit der Leser\\\"-Redaktion\",\"image\":{\"@type\":\"ImageObject\",\"inLanguage\":\"de\",\"@id\":\"https:\/\/blog.zeit.de\/zeit-der-leser\/#\/schema\/person\/image\/\",\"url\":\"https:\/\/secure.gravatar.com\/avatar\/e801a681bd3bbf2345131a815930b48d9f8e0a94de1346b624840dc850f67ad0?s=96&d=mm&r=g\",\"contentUrl\":\"https:\/\/secure.gravatar.com\/avatar\/e801a681bd3bbf2345131a815930b48d9f8e0a94de1346b624840dc850f67ad0?s=96&d=mm&r=g\",\"caption\":\"\\\"Zeit der Leser\\\"-Redaktion\"},\"url\":\"https:\/\/blog.zeit.de\/zeit-der-leser\/author\/zeit-der-leser-redaktion\/\"}]}<\/script>\n<!-- \/ Yoast SEO plugin. -->","yoast_head_json":{"title":"Verbunden - ZEIT der Leser","robots":{"index":"index","follow":"follow","max-snippet":"max-snippet:-1","max-image-preview":"max-image-preview:large","max-video-preview":"max-video-preview:-1"},"canonical":"https:\/\/blog.zeit.de\/zeit-der-leser\/2011\/06\/03\/verbunden\/","og_locale":"de_DE","og_type":"article","og_title":"Verbunden - ZEIT der Leser","og_description":"(nach Johann Wolfgang von Goethe, \u00bbGefunden\u00ab) Ich ging im Walde So f\u00fcr mich hin, Und nichts zu suchen, Das war mein Sinn. Zwischen \u00c4sten t\u00f6nte Ein Sprechen hervor \u2013 Auf der Bank sa\u00df ein Wand\u2019rer, Sein Handy am Ohr. Die Tannen rauschten, Er h\u00f6rte es kaum \u2013 Weshalb eigentlich sa\u00df er Am Waldessaum? Er h\u00f6rt [&hellip;]","og_url":"https:\/\/blog.zeit.de\/zeit-der-leser\/2011\/06\/03\/verbunden\/","og_site_name":"ZEIT der Leser","article_published_time":"2011-06-03T10:00:48+00:00","article_modified_time":"2011-06-02T10:37:02+00:00","author":"\"Zeit der Leser\"-Redaktion","twitter_card":"summary_large_image","twitter_misc":{"Geschrieben von":"\"Zeit der Leser\"-Redaktion","Gesch\u00e4tzte Lesezeit":"1\u00a0Minute"},"schema":{"@context":"https:\/\/schema.org","@graph":[{"@type":"WebPage","@id":"https:\/\/blog.zeit.de\/zeit-der-leser\/2011\/06\/03\/verbunden\/","url":"https:\/\/blog.zeit.de\/zeit-der-leser\/2011\/06\/03\/verbunden\/","name":"Verbunden - ZEIT der Leser","isPartOf":{"@id":"https:\/\/blog.zeit.de\/zeit-der-leser\/#website"},"datePublished":"2011-06-03T10:00:48+00:00","dateModified":"2011-06-02T10:37:02+00:00","author":{"@id":"https:\/\/blog.zeit.de\/zeit-der-leser\/#\/schema\/person\/583b14e5ad6368c23af846ecbde9f20f"},"breadcrumb":{"@id":"https:\/\/blog.zeit.de\/zeit-der-leser\/2011\/06\/03\/verbunden\/#breadcrumb"},"inLanguage":"de","potentialAction":[{"@type":"ReadAction","target":["https:\/\/blog.zeit.de\/zeit-der-leser\/2011\/06\/03\/verbunden\/"]}]},{"@type":"BreadcrumbList","@id":"https:\/\/blog.zeit.de\/zeit-der-leser\/2011\/06\/03\/verbunden\/#breadcrumb","itemListElement":[{"@type":"ListItem","position":1,"name":"Startseite","item":"https:\/\/blog.zeit.de\/zeit-der-leser\/"},{"@type":"ListItem","position":2,"name":"Verbunden"}]},{"@type":"WebSite","@id":"https:\/\/blog.zeit.de\/zeit-der-leser\/#website","url":"https:\/\/blog.zeit.de\/zeit-der-leser\/","name":"ZEIT der Leser","description":"Ein Blog mit Ihren Notizen, Gedichten und Bildern f\u00fcr die gedruckte ZEIT","potentialAction":[{"@type":"SearchAction","target":{"@type":"EntryPoint","urlTemplate":"https:\/\/blog.zeit.de\/zeit-der-leser\/?s={search_term_string}"},"query-input":"required name=search_term_string"}],"inLanguage":"de"},{"@type":"Person","@id":"https:\/\/blog.zeit.de\/zeit-der-leser\/#\/schema\/person\/583b14e5ad6368c23af846ecbde9f20f","name":"\"Zeit der Leser\"-Redaktion","image":{"@type":"ImageObject","inLanguage":"de","@id":"https:\/\/blog.zeit.de\/zeit-der-leser\/#\/schema\/person\/image\/","url":"https:\/\/secure.gravatar.com\/avatar\/e801a681bd3bbf2345131a815930b48d9f8e0a94de1346b624840dc850f67ad0?s=96&d=mm&r=g","contentUrl":"https:\/\/secure.gravatar.com\/avatar\/e801a681bd3bbf2345131a815930b48d9f8e0a94de1346b624840dc850f67ad0?s=96&d=mm&r=g","caption":"\"Zeit der Leser\"-Redaktion"},"url":"https:\/\/blog.zeit.de\/zeit-der-leser\/author\/zeit-der-leser-redaktion\/"}]}},"jetpack_featured_media_url":"","jetpack_sharing_enabled":true,"_links":{"self":[{"href":"https:\/\/blog.zeit.de\/zeit-der-leser\/wp-json\/wp\/v2\/posts\/5694","targetHints":{"allow":["GET"]}}],"collection":[{"href":"https:\/\/blog.zeit.de\/zeit-der-leser\/wp-json\/wp\/v2\/posts"}],"about":[{"href":"https:\/\/blog.zeit.de\/zeit-der-leser\/wp-json\/wp\/v2\/types\/post"}],"author":[{"embeddable":true,"href":"https:\/\/blog.zeit.de\/zeit-der-leser\/wp-json\/wp\/v2\/users\/265"}],"replies":[{"embeddable":true,"href":"https:\/\/blog.zeit.de\/zeit-der-leser\/wp-json\/wp\/v2\/comments?post=5694"}],"version-history":[{"count":5,"href":"https:\/\/blog.zeit.de\/zeit-der-leser\/wp-json\/wp\/v2\/posts\/5694\/revisions"}],"predecessor-version":[{"id":5725,"href":"https:\/\/blog.zeit.de\/zeit-der-leser\/wp-json\/wp\/v2\/posts\/5694\/revisions\/5725"}],"wp:attachment":[{"href":"https:\/\/blog.zeit.de\/zeit-der-leser\/wp-json\/wp\/v2\/media?parent=5694"}],"wp:term":[{"taxonomy":"category","embeddable":true,"href":"https:\/\/blog.zeit.de\/zeit-der-leser\/wp-json\/wp\/v2\/categories?post=5694"},{"taxonomy":"post_tag","embeddable":true,"href":"https:\/\/blog.zeit.de\/zeit-der-leser\/wp-json\/wp\/v2\/tags?post=5694"}],"curies":[{"name":"wp","href":"https:\/\/api.w.org\/{rel}","templated":true}]}}