{"id":5833,"date":"2011-06-11T10:00:03","date_gmt":"2011-06-11T08:00:03","guid":{"rendered":"http:\/\/blog.zeit.de\/zeit-der-leser\/?p=5833"},"modified":"2011-06-08T17:18:12","modified_gmt":"2011-06-08T15:18:12","slug":"kindheitstraume","status":"publish","type":"post","link":"https:\/\/blog.zeit.de\/zeit-der-leser\/2011\/06\/11\/kindheitstraume\/","title":{"rendered":"Kindheitstr\u00e4ume"},"content":{"rendered":"<p>Vor einiger Zeit fand ich auf dieser Seite einen kurzen Beitrag zum Thema \u00bbKindheitstr\u00e4ume\u00ab. Kindheitstr\u00e4ume sind auch mein Thema, und deshalb w\u00e4re es sch\u00f6n, wenn es die M\u00f6glichkeit g\u00e4be, meine Bitte auf der \u00bbZEIT der Leser\u00ab zu platzieren.<br \/>\nIch suche n\u00e4mlich Menschen, die als Kind bestimmte Visionen von ihrem Leben hatten, Tr\u00e4ume oder Sehns\u00fcchte. Vielleicht wollten sie einen bestimmten Beruf erlernen, sich bestimmte F\u00e4higkeiten aneignen. Vielleicht haben sie von Orten getr\u00e4umt, an die sie einmal reisen wollten, vielleicht von Besitzt\u00fcmern. Mich interessieren diese Kindheitstr\u00e4ume, ganz gleich, ob sie sich erf\u00fcllt haben oder nicht.<br \/>\nEinige dieser Tr\u00e4ume habe ich schon gesammelt und in einem Blog ver\u00f6ffentlicht, wo sie f\u00fcr jedermann zug\u00e4nglich sind: www.kindheitstraum.wordpress.com. Doch ich sammle weiter und ich freue mich \u00fcber jeden Kindheitstraum. Ob der volle Name dort erscheint oder nur der Vorname mit Anfangsbuchstaben des Nachnamens, das entscheiden alle Einsender selbst.<br \/>\nZu dem Projekt bin ich \u00fcber die Sch\u00fcler gekommen, die ich als Lernbegleiterin betreue. Ich stelle immer wieder fest, dass Kinder und Jugendliche sich selbst unglaublich motivieren k\u00f6nnen, wenn sie eine Vision von dem haben, was sie erreichen m\u00f6chten. Doch je nachdem, wie die Umgebung darauf reagiert, kann das auch schiefgehen. Und daher suche ich viele Beispiele daf\u00fcr, wo es geklappt hat und warum. Oder warum ein Kindheitstraum nicht verwirklicht wurde. Noch wei\u00df ich nicht, wo mich das Projekt hinf\u00fchren wird, ob ich einen Buchverlag ermuntern kann, meine Erkenntnisse zu ver\u00f6ffentlichen, oder nicht. Vorerst will ich das Internet und alle anderen Kommunikationsm\u00f6glichkeiten nutzen, um meine Idee und die Kindheitstr\u00e4ume, die ich kennenlerne, zu verbreiten.<br \/>\nMein eigener Kindheitstraum \u00fcbrigens war, Autorin zu werden. Noch bin ich dabei, ihn mir zu erf\u00fcllen.<\/p>\n<p><em>Birgit Ebbert, Hagen<\/em><\/p>\n","protected":false},"excerpt":{"rendered":"<p>Vor einiger Zeit fand ich auf dieser Seite einen kurzen Beitrag zum Thema \u00bbKindheitstr\u00e4ume\u00ab. Kindheitstr\u00e4ume sind auch mein Thema, und deshalb w\u00e4re es sch\u00f6n, wenn es die M\u00f6glichkeit g\u00e4be, meine Bitte auf der \u00bbZEIT der Leser\u00ab zu platzieren. Ich suche n\u00e4mlich Menschen, die als Kind bestimmte Visionen von ihrem Leben hatten, Tr\u00e4ume oder Sehns\u00fcchte. Vielleicht [&hellip;]<\/p>\n","protected":false},"author":265,"featured_media":0,"comment_status":"open","ping_status":"open","sticky":false,"template":"","format":"standard","meta":{"_jetpack_memberships_contains_paid_content":false,"footnotes":""},"categories":[1],"tags":[],"class_list":["post-5833","post","type-post","status-publish","format-standard","hentry","category-allgemein"],"yoast_head":"<!-- This site is optimized with the Yoast SEO plugin v21.0 - https:\/\/yoast.com\/wordpress\/plugins\/seo\/ -->\n<title>Kindheitstr\u00e4ume - ZEIT der Leser<\/title>\n<meta name=\"robots\" content=\"index, follow, max-snippet:-1, max-image-preview:large, max-video-preview:-1\" \/>\n<link rel=\"canonical\" href=\"https:\/\/blog.zeit.de\/zeit-der-leser\/2011\/06\/11\/kindheitstraume\/\" \/>\n<meta property=\"og:locale\" content=\"de_DE\" \/>\n<meta property=\"og:type\" content=\"article\" \/>\n<meta property=\"og:title\" content=\"Kindheitstr\u00e4ume - ZEIT der Leser\" \/>\n<meta property=\"og:description\" content=\"Vor einiger Zeit fand ich auf dieser Seite einen kurzen Beitrag zum Thema \u00bbKindheitstr\u00e4ume\u00ab. Kindheitstr\u00e4ume sind auch mein Thema, und deshalb w\u00e4re es sch\u00f6n, wenn es die M\u00f6glichkeit g\u00e4be, meine Bitte auf der \u00bbZEIT der Leser\u00ab zu platzieren. Ich suche n\u00e4mlich Menschen, die als Kind bestimmte Visionen von ihrem Leben hatten, Tr\u00e4ume oder Sehns\u00fcchte. Vielleicht [&hellip;]\" \/>\n<meta property=\"og:url\" content=\"https:\/\/blog.zeit.de\/zeit-der-leser\/2011\/06\/11\/kindheitstraume\/\" \/>\n<meta property=\"og:site_name\" content=\"ZEIT der Leser\" \/>\n<meta property=\"article:published_time\" content=\"2011-06-11T08:00:03+00:00\" \/>\n<meta property=\"article:modified_time\" content=\"2011-06-08T15:18:12+00:00\" \/>\n<meta name=\"author\" content=\"&quot;Zeit der Leser&quot;-Redaktion\" \/>\n<meta name=\"twitter:card\" content=\"summary_large_image\" \/>\n<meta name=\"twitter:label1\" content=\"Geschrieben von\" \/>\n\t<meta name=\"twitter:data1\" content=\"\"Zeit der Leser\"-Redaktion\" \/>\n\t<meta name=\"twitter:label2\" content=\"Gesch\u00e4tzte Lesezeit\" \/>\n\t<meta name=\"twitter:data2\" content=\"2\u00a0Minuten\" \/>\n<script type=\"application\/ld+json\" class=\"yoast-schema-graph\">{\"@context\":\"https:\/\/schema.org\",\"@graph\":[{\"@type\":\"WebPage\",\"@id\":\"https:\/\/blog.zeit.de\/zeit-der-leser\/2011\/06\/11\/kindheitstraume\/\",\"url\":\"https:\/\/blog.zeit.de\/zeit-der-leser\/2011\/06\/11\/kindheitstraume\/\",\"name\":\"Kindheitstr\u00e4ume - ZEIT der Leser\",\"isPartOf\":{\"@id\":\"https:\/\/blog.zeit.de\/zeit-der-leser\/#website\"},\"datePublished\":\"2011-06-11T08:00:03+00:00\",\"dateModified\":\"2011-06-08T15:18:12+00:00\",\"author\":{\"@id\":\"https:\/\/blog.zeit.de\/zeit-der-leser\/#\/schema\/person\/583b14e5ad6368c23af846ecbde9f20f\"},\"breadcrumb\":{\"@id\":\"https:\/\/blog.zeit.de\/zeit-der-leser\/2011\/06\/11\/kindheitstraume\/#breadcrumb\"},\"inLanguage\":\"de\",\"potentialAction\":[{\"@type\":\"ReadAction\",\"target\":[\"https:\/\/blog.zeit.de\/zeit-der-leser\/2011\/06\/11\/kindheitstraume\/\"]}]},{\"@type\":\"BreadcrumbList\",\"@id\":\"https:\/\/blog.zeit.de\/zeit-der-leser\/2011\/06\/11\/kindheitstraume\/#breadcrumb\",\"itemListElement\":[{\"@type\":\"ListItem\",\"position\":1,\"name\":\"Startseite\",\"item\":\"https:\/\/blog.zeit.de\/zeit-der-leser\/\"},{\"@type\":\"ListItem\",\"position\":2,\"name\":\"Kindheitstr\u00e4ume\"}]},{\"@type\":\"WebSite\",\"@id\":\"https:\/\/blog.zeit.de\/zeit-der-leser\/#website\",\"url\":\"https:\/\/blog.zeit.de\/zeit-der-leser\/\",\"name\":\"ZEIT der Leser\",\"description\":\"Ein Blog mit Ihren Notizen, Gedichten und Bildern f\u00fcr die gedruckte ZEIT\",\"potentialAction\":[{\"@type\":\"SearchAction\",\"target\":{\"@type\":\"EntryPoint\",\"urlTemplate\":\"https:\/\/blog.zeit.de\/zeit-der-leser\/?s={search_term_string}\"},\"query-input\":\"required name=search_term_string\"}],\"inLanguage\":\"de\"},{\"@type\":\"Person\",\"@id\":\"https:\/\/blog.zeit.de\/zeit-der-leser\/#\/schema\/person\/583b14e5ad6368c23af846ecbde9f20f\",\"name\":\"\\\"Zeit der Leser\\\"-Redaktion\",\"image\":{\"@type\":\"ImageObject\",\"inLanguage\":\"de\",\"@id\":\"https:\/\/blog.zeit.de\/zeit-der-leser\/#\/schema\/person\/image\/\",\"url\":\"https:\/\/secure.gravatar.com\/avatar\/e801a681bd3bbf2345131a815930b48d9f8e0a94de1346b624840dc850f67ad0?s=96&d=mm&r=g\",\"contentUrl\":\"https:\/\/secure.gravatar.com\/avatar\/e801a681bd3bbf2345131a815930b48d9f8e0a94de1346b624840dc850f67ad0?s=96&d=mm&r=g\",\"caption\":\"\\\"Zeit der Leser\\\"-Redaktion\"},\"url\":\"https:\/\/blog.zeit.de\/zeit-der-leser\/author\/zeit-der-leser-redaktion\/\"}]}<\/script>\n<!-- \/ Yoast SEO plugin. -->","yoast_head_json":{"title":"Kindheitstr\u00e4ume - ZEIT der Leser","robots":{"index":"index","follow":"follow","max-snippet":"max-snippet:-1","max-image-preview":"max-image-preview:large","max-video-preview":"max-video-preview:-1"},"canonical":"https:\/\/blog.zeit.de\/zeit-der-leser\/2011\/06\/11\/kindheitstraume\/","og_locale":"de_DE","og_type":"article","og_title":"Kindheitstr\u00e4ume - ZEIT der Leser","og_description":"Vor einiger Zeit fand ich auf dieser Seite einen kurzen Beitrag zum Thema \u00bbKindheitstr\u00e4ume\u00ab. Kindheitstr\u00e4ume sind auch mein Thema, und deshalb w\u00e4re es sch\u00f6n, wenn es die M\u00f6glichkeit g\u00e4be, meine Bitte auf der \u00bbZEIT der Leser\u00ab zu platzieren. Ich suche n\u00e4mlich Menschen, die als Kind bestimmte Visionen von ihrem Leben hatten, Tr\u00e4ume oder Sehns\u00fcchte. Vielleicht [&hellip;]","og_url":"https:\/\/blog.zeit.de\/zeit-der-leser\/2011\/06\/11\/kindheitstraume\/","og_site_name":"ZEIT der Leser","article_published_time":"2011-06-11T08:00:03+00:00","article_modified_time":"2011-06-08T15:18:12+00:00","author":"\"Zeit der Leser\"-Redaktion","twitter_card":"summary_large_image","twitter_misc":{"Geschrieben von":"\"Zeit der Leser\"-Redaktion","Gesch\u00e4tzte Lesezeit":"2\u00a0Minuten"},"schema":{"@context":"https:\/\/schema.org","@graph":[{"@type":"WebPage","@id":"https:\/\/blog.zeit.de\/zeit-der-leser\/2011\/06\/11\/kindheitstraume\/","url":"https:\/\/blog.zeit.de\/zeit-der-leser\/2011\/06\/11\/kindheitstraume\/","name":"Kindheitstr\u00e4ume - ZEIT der Leser","isPartOf":{"@id":"https:\/\/blog.zeit.de\/zeit-der-leser\/#website"},"datePublished":"2011-06-11T08:00:03+00:00","dateModified":"2011-06-08T15:18:12+00:00","author":{"@id":"https:\/\/blog.zeit.de\/zeit-der-leser\/#\/schema\/person\/583b14e5ad6368c23af846ecbde9f20f"},"breadcrumb":{"@id":"https:\/\/blog.zeit.de\/zeit-der-leser\/2011\/06\/11\/kindheitstraume\/#breadcrumb"},"inLanguage":"de","potentialAction":[{"@type":"ReadAction","target":["https:\/\/blog.zeit.de\/zeit-der-leser\/2011\/06\/11\/kindheitstraume\/"]}]},{"@type":"BreadcrumbList","@id":"https:\/\/blog.zeit.de\/zeit-der-leser\/2011\/06\/11\/kindheitstraume\/#breadcrumb","itemListElement":[{"@type":"ListItem","position":1,"name":"Startseite","item":"https:\/\/blog.zeit.de\/zeit-der-leser\/"},{"@type":"ListItem","position":2,"name":"Kindheitstr\u00e4ume"}]},{"@type":"WebSite","@id":"https:\/\/blog.zeit.de\/zeit-der-leser\/#website","url":"https:\/\/blog.zeit.de\/zeit-der-leser\/","name":"ZEIT der Leser","description":"Ein Blog mit Ihren Notizen, Gedichten und Bildern f\u00fcr die gedruckte ZEIT","potentialAction":[{"@type":"SearchAction","target":{"@type":"EntryPoint","urlTemplate":"https:\/\/blog.zeit.de\/zeit-der-leser\/?s={search_term_string}"},"query-input":"required name=search_term_string"}],"inLanguage":"de"},{"@type":"Person","@id":"https:\/\/blog.zeit.de\/zeit-der-leser\/#\/schema\/person\/583b14e5ad6368c23af846ecbde9f20f","name":"\"Zeit der Leser\"-Redaktion","image":{"@type":"ImageObject","inLanguage":"de","@id":"https:\/\/blog.zeit.de\/zeit-der-leser\/#\/schema\/person\/image\/","url":"https:\/\/secure.gravatar.com\/avatar\/e801a681bd3bbf2345131a815930b48d9f8e0a94de1346b624840dc850f67ad0?s=96&d=mm&r=g","contentUrl":"https:\/\/secure.gravatar.com\/avatar\/e801a681bd3bbf2345131a815930b48d9f8e0a94de1346b624840dc850f67ad0?s=96&d=mm&r=g","caption":"\"Zeit der Leser\"-Redaktion"},"url":"https:\/\/blog.zeit.de\/zeit-der-leser\/author\/zeit-der-leser-redaktion\/"}]}},"jetpack_featured_media_url":"","jetpack_sharing_enabled":true,"_links":{"self":[{"href":"https:\/\/blog.zeit.de\/zeit-der-leser\/wp-json\/wp\/v2\/posts\/5833","targetHints":{"allow":["GET"]}}],"collection":[{"href":"https:\/\/blog.zeit.de\/zeit-der-leser\/wp-json\/wp\/v2\/posts"}],"about":[{"href":"https:\/\/blog.zeit.de\/zeit-der-leser\/wp-json\/wp\/v2\/types\/post"}],"author":[{"embeddable":true,"href":"https:\/\/blog.zeit.de\/zeit-der-leser\/wp-json\/wp\/v2\/users\/265"}],"replies":[{"embeddable":true,"href":"https:\/\/blog.zeit.de\/zeit-der-leser\/wp-json\/wp\/v2\/comments?post=5833"}],"version-history":[{"count":3,"href":"https:\/\/blog.zeit.de\/zeit-der-leser\/wp-json\/wp\/v2\/posts\/5833\/revisions"}],"predecessor-version":[{"id":5836,"href":"https:\/\/blog.zeit.de\/zeit-der-leser\/wp-json\/wp\/v2\/posts\/5833\/revisions\/5836"}],"wp:attachment":[{"href":"https:\/\/blog.zeit.de\/zeit-der-leser\/wp-json\/wp\/v2\/media?parent=5833"}],"wp:term":[{"taxonomy":"category","embeddable":true,"href":"https:\/\/blog.zeit.de\/zeit-der-leser\/wp-json\/wp\/v2\/categories?post=5833"},{"taxonomy":"post_tag","embeddable":true,"href":"https:\/\/blog.zeit.de\/zeit-der-leser\/wp-json\/wp\/v2\/tags?post=5833"}],"curies":[{"name":"wp","href":"https:\/\/api.w.org\/{rel}","templated":true}]}}