{"id":6022,"date":"2011-06-27T10:00:43","date_gmt":"2011-06-27T08:00:43","guid":{"rendered":"http:\/\/blog.zeit.de\/zeit-der-leser\/?p=6022"},"modified":"2011-06-23T16:44:48","modified_gmt":"2011-06-23T14:44:48","slug":"mach%e2%80%99s-gut-matt","status":"publish","type":"post","link":"https:\/\/blog.zeit.de\/zeit-der-leser\/2011\/06\/27\/mach%e2%80%99s-gut-matt\/","title":{"rendered":"Mach\u2019s gut, Matt!"},"content":{"rendered":"<p>Der Junge, von dem ich erz\u00e4hlen m\u00f6chte, hei\u00dft Matt. Seinen Nachnamen habe ich vergessen. Er war schon drei Monate in der Klinik, als ich kam. Davor war er in einer anderen. Matt war h\u00f6flich und nett zu jedem. Er entschuldigte sich fu\u0308r jede Kleinigkeit und war immer sehr ernst. Ich mochte ihn und habe ihm ein Armband geschenkt. Ein Lederband mit Holzperlen, das ich selbst gemacht hatte. Nach einer Weile wurde sein st\u00e4ndiges Entschuldigen etwas l\u00e4stig. Au\u00dferdem sagte er oft, dass er dumm sei, was aber keineswegs stimmte. Ich verstand das nicht. Ein M\u00e4dchen hatte mir erz\u00e4hlt, dass er sehr gut sang und Gitarre spielte. Und ich sah auch viele positive Seiten an ihm. Einmal erz\u00e4hlte er uns von dem Tag, an dem er in die Klinik gekommen war. Er hatte eine \u00dcberdosis Medikamente genommen, und als er nach einer halben Stunde noch lebte, hatte er sich die Pulsader aufgeschnitten. Aber er starb nicht. Als er das erz\u00e4hlte, grinste ich und sagte: \u00bbDu bist unsterblich, Matt!\u00ab Jetzt denke ich, dass das ziemlich taktlos war. Er schaute auf seine Schuhe und sagte, dass er froh sei, dass man das Blut aus ihnen herauswaschen konnte, seine Oma mochte die Schuhe so gern. Als ich ihn fragte, ob er mir etwas auf der Gitarre vorspielen wu\u0308rde, sagte er, er k\u00f6nne nicht spielen und m\u00f6ge es nicht, wenn man ihm zuh\u00f6rt. Damals war ich beleidigt. Eines Tages wurde beschlossen, dass Matt entlassen werden sollte. Ich war erstaunt, denn er entschuldigte sich immer noch fu\u0308r alles und sagte immer noch, wie dumm er sei. Ich hatte Angst, er wu\u0308rde sich \u00bbdrau\u00dfen\u00ab wieder etwas antun. Kurz bevor er ging, setzte er sich in den Aufenthaltsraum, seine Gitarre hatte er in der Hand. Ich ging mit \u2013 und er begann zu spielen. W\u00e4hrend das Liedes kamen viele und setzten sich zu uns. Er spielte Nowhere man, und als am Ende alle applaudierten, l\u00e4chelte er und bedankte sich. Dann ging er. Als ich in mein Zimmer kam, lag etwas auf meinem Bett. Ein Lederarmband mit Holzperlen. Jetzt wei\u00df ich, dass es Glu\u0308ck bringt.<\/p>\n<p><em>Johanna Kunze, 15 Jahre (auf Wunsch ohne Ort)<\/em><\/p>\n","protected":false},"excerpt":{"rendered":"<p>Der Junge, von dem ich erz\u00e4hlen m\u00f6chte, hei\u00dft Matt. Seinen Nachnamen habe ich vergessen. Er war schon drei Monate in der Klinik, als ich kam. Davor war er in einer anderen. Matt war h\u00f6flich und nett zu jedem. Er entschuldigte sich fu\u0308r jede Kleinigkeit und war immer sehr ernst. Ich mochte ihn und habe ihm [&hellip;]<\/p>\n","protected":false},"author":323,"featured_media":0,"comment_status":"open","ping_status":"open","sticky":false,"template":"","format":"standard","meta":{"_jetpack_memberships_contains_paid_content":false,"footnotes":""},"categories":[1],"tags":[],"class_list":["post-6022","post","type-post","status-publish","format-standard","hentry","category-allgemein"],"yoast_head":"<!-- This site is optimized with the Yoast SEO plugin v21.0 - https:\/\/yoast.com\/wordpress\/plugins\/seo\/ -->\n<title>Mach\u2019s gut, Matt! - ZEIT der Leser<\/title>\n<meta name=\"robots\" content=\"index, follow, max-snippet:-1, max-image-preview:large, max-video-preview:-1\" \/>\n<link rel=\"canonical\" href=\"https:\/\/blog.zeit.de\/zeit-der-leser\/2011\/06\/27\/mach\u2019s-gut-matt\/\" \/>\n<meta property=\"og:locale\" content=\"de_DE\" \/>\n<meta property=\"og:type\" content=\"article\" \/>\n<meta property=\"og:title\" content=\"Mach\u2019s gut, Matt! - ZEIT der Leser\" \/>\n<meta property=\"og:description\" content=\"Der Junge, von dem ich erz\u00e4hlen m\u00f6chte, hei\u00dft Matt. Seinen Nachnamen habe ich vergessen. Er war schon drei Monate in der Klinik, als ich kam. Davor war er in einer anderen. Matt war h\u00f6flich und nett zu jedem. Er entschuldigte sich fu\u0308r jede Kleinigkeit und war immer sehr ernst. Ich mochte ihn und habe ihm [&hellip;]\" \/>\n<meta property=\"og:url\" content=\"https:\/\/blog.zeit.de\/zeit-der-leser\/2011\/06\/27\/mach\u2019s-gut-matt\/\" \/>\n<meta property=\"og:site_name\" content=\"ZEIT der Leser\" \/>\n<meta property=\"article:published_time\" content=\"2011-06-27T08:00:43+00:00\" \/>\n<meta property=\"article:modified_time\" content=\"2011-06-23T14:44:48+00:00\" \/>\n<meta name=\"author\" content=\"Franziska Kelch\" \/>\n<meta name=\"twitter:card\" content=\"summary_large_image\" \/>\n<meta name=\"twitter:label1\" content=\"Geschrieben von\" \/>\n\t<meta name=\"twitter:data1\" content=\"Franziska Kelch\" \/>\n\t<meta name=\"twitter:label2\" content=\"Gesch\u00e4tzte Lesezeit\" \/>\n\t<meta name=\"twitter:data2\" content=\"2\u00a0Minuten\" \/>\n<script type=\"application\/ld+json\" class=\"yoast-schema-graph\">{\"@context\":\"https:\/\/schema.org\",\"@graph\":[{\"@type\":\"WebPage\",\"@id\":\"https:\/\/blog.zeit.de\/zeit-der-leser\/2011\/06\/27\/mach%e2%80%99s-gut-matt\/\",\"url\":\"https:\/\/blog.zeit.de\/zeit-der-leser\/2011\/06\/27\/mach%e2%80%99s-gut-matt\/\",\"name\":\"Mach\u2019s gut, Matt! - ZEIT der Leser\",\"isPartOf\":{\"@id\":\"https:\/\/blog.zeit.de\/zeit-der-leser\/#website\"},\"datePublished\":\"2011-06-27T08:00:43+00:00\",\"dateModified\":\"2011-06-23T14:44:48+00:00\",\"author\":{\"@id\":\"https:\/\/blog.zeit.de\/zeit-der-leser\/#\/schema\/person\/eaa3c3ed8f838c4aafcd25e9710fcc68\"},\"breadcrumb\":{\"@id\":\"https:\/\/blog.zeit.de\/zeit-der-leser\/2011\/06\/27\/mach%e2%80%99s-gut-matt\/#breadcrumb\"},\"inLanguage\":\"de\",\"potentialAction\":[{\"@type\":\"ReadAction\",\"target\":[\"https:\/\/blog.zeit.de\/zeit-der-leser\/2011\/06\/27\/mach%e2%80%99s-gut-matt\/\"]}]},{\"@type\":\"BreadcrumbList\",\"@id\":\"https:\/\/blog.zeit.de\/zeit-der-leser\/2011\/06\/27\/mach%e2%80%99s-gut-matt\/#breadcrumb\",\"itemListElement\":[{\"@type\":\"ListItem\",\"position\":1,\"name\":\"Startseite\",\"item\":\"https:\/\/blog.zeit.de\/zeit-der-leser\/\"},{\"@type\":\"ListItem\",\"position\":2,\"name\":\"Mach\u2019s gut, Matt!\"}]},{\"@type\":\"WebSite\",\"@id\":\"https:\/\/blog.zeit.de\/zeit-der-leser\/#website\",\"url\":\"https:\/\/blog.zeit.de\/zeit-der-leser\/\",\"name\":\"ZEIT der Leser\",\"description\":\"Ein Blog mit Ihren Notizen, Gedichten und Bildern f\u00fcr die gedruckte ZEIT\",\"potentialAction\":[{\"@type\":\"SearchAction\",\"target\":{\"@type\":\"EntryPoint\",\"urlTemplate\":\"https:\/\/blog.zeit.de\/zeit-der-leser\/?s={search_term_string}\"},\"query-input\":\"required name=search_term_string\"}],\"inLanguage\":\"de\"},{\"@type\":\"Person\",\"@id\":\"https:\/\/blog.zeit.de\/zeit-der-leser\/#\/schema\/person\/eaa3c3ed8f838c4aafcd25e9710fcc68\",\"name\":\"Franziska Kelch\",\"image\":{\"@type\":\"ImageObject\",\"inLanguage\":\"de\",\"@id\":\"https:\/\/blog.zeit.de\/zeit-der-leser\/#\/schema\/person\/image\/\",\"url\":\"https:\/\/secure.gravatar.com\/avatar\/d7ae2b2bfc4c5c08ed3435dc2ecf53fcb6d4234c0aa486b8b64ce6549a61a378?s=96&d=mm&r=g\",\"contentUrl\":\"https:\/\/secure.gravatar.com\/avatar\/d7ae2b2bfc4c5c08ed3435dc2ecf53fcb6d4234c0aa486b8b64ce6549a61a378?s=96&d=mm&r=g\",\"caption\":\"Franziska Kelch\"},\"url\":\"https:\/\/blog.zeit.de\/zeit-der-leser\/author\/franziska-kelch\/\"}]}<\/script>\n<!-- \/ Yoast SEO plugin. -->","yoast_head_json":{"title":"Mach\u2019s gut, Matt! - ZEIT der Leser","robots":{"index":"index","follow":"follow","max-snippet":"max-snippet:-1","max-image-preview":"max-image-preview:large","max-video-preview":"max-video-preview:-1"},"canonical":"https:\/\/blog.zeit.de\/zeit-der-leser\/2011\/06\/27\/mach\u2019s-gut-matt\/","og_locale":"de_DE","og_type":"article","og_title":"Mach\u2019s gut, Matt! - ZEIT der Leser","og_description":"Der Junge, von dem ich erz\u00e4hlen m\u00f6chte, hei\u00dft Matt. Seinen Nachnamen habe ich vergessen. Er war schon drei Monate in der Klinik, als ich kam. Davor war er in einer anderen. Matt war h\u00f6flich und nett zu jedem. Er entschuldigte sich fu\u0308r jede Kleinigkeit und war immer sehr ernst. Ich mochte ihn und habe ihm [&hellip;]","og_url":"https:\/\/blog.zeit.de\/zeit-der-leser\/2011\/06\/27\/mach\u2019s-gut-matt\/","og_site_name":"ZEIT der Leser","article_published_time":"2011-06-27T08:00:43+00:00","article_modified_time":"2011-06-23T14:44:48+00:00","author":"Franziska Kelch","twitter_card":"summary_large_image","twitter_misc":{"Geschrieben von":"Franziska Kelch","Gesch\u00e4tzte Lesezeit":"2\u00a0Minuten"},"schema":{"@context":"https:\/\/schema.org","@graph":[{"@type":"WebPage","@id":"https:\/\/blog.zeit.de\/zeit-der-leser\/2011\/06\/27\/mach%e2%80%99s-gut-matt\/","url":"https:\/\/blog.zeit.de\/zeit-der-leser\/2011\/06\/27\/mach%e2%80%99s-gut-matt\/","name":"Mach\u2019s gut, Matt! - ZEIT der Leser","isPartOf":{"@id":"https:\/\/blog.zeit.de\/zeit-der-leser\/#website"},"datePublished":"2011-06-27T08:00:43+00:00","dateModified":"2011-06-23T14:44:48+00:00","author":{"@id":"https:\/\/blog.zeit.de\/zeit-der-leser\/#\/schema\/person\/eaa3c3ed8f838c4aafcd25e9710fcc68"},"breadcrumb":{"@id":"https:\/\/blog.zeit.de\/zeit-der-leser\/2011\/06\/27\/mach%e2%80%99s-gut-matt\/#breadcrumb"},"inLanguage":"de","potentialAction":[{"@type":"ReadAction","target":["https:\/\/blog.zeit.de\/zeit-der-leser\/2011\/06\/27\/mach%e2%80%99s-gut-matt\/"]}]},{"@type":"BreadcrumbList","@id":"https:\/\/blog.zeit.de\/zeit-der-leser\/2011\/06\/27\/mach%e2%80%99s-gut-matt\/#breadcrumb","itemListElement":[{"@type":"ListItem","position":1,"name":"Startseite","item":"https:\/\/blog.zeit.de\/zeit-der-leser\/"},{"@type":"ListItem","position":2,"name":"Mach\u2019s gut, Matt!"}]},{"@type":"WebSite","@id":"https:\/\/blog.zeit.de\/zeit-der-leser\/#website","url":"https:\/\/blog.zeit.de\/zeit-der-leser\/","name":"ZEIT der Leser","description":"Ein Blog mit Ihren Notizen, Gedichten und Bildern f\u00fcr die gedruckte ZEIT","potentialAction":[{"@type":"SearchAction","target":{"@type":"EntryPoint","urlTemplate":"https:\/\/blog.zeit.de\/zeit-der-leser\/?s={search_term_string}"},"query-input":"required name=search_term_string"}],"inLanguage":"de"},{"@type":"Person","@id":"https:\/\/blog.zeit.de\/zeit-der-leser\/#\/schema\/person\/eaa3c3ed8f838c4aafcd25e9710fcc68","name":"Franziska Kelch","image":{"@type":"ImageObject","inLanguage":"de","@id":"https:\/\/blog.zeit.de\/zeit-der-leser\/#\/schema\/person\/image\/","url":"https:\/\/secure.gravatar.com\/avatar\/d7ae2b2bfc4c5c08ed3435dc2ecf53fcb6d4234c0aa486b8b64ce6549a61a378?s=96&d=mm&r=g","contentUrl":"https:\/\/secure.gravatar.com\/avatar\/d7ae2b2bfc4c5c08ed3435dc2ecf53fcb6d4234c0aa486b8b64ce6549a61a378?s=96&d=mm&r=g","caption":"Franziska Kelch"},"url":"https:\/\/blog.zeit.de\/zeit-der-leser\/author\/franziska-kelch\/"}]}},"jetpack_featured_media_url":"","jetpack_sharing_enabled":true,"_links":{"self":[{"href":"https:\/\/blog.zeit.de\/zeit-der-leser\/wp-json\/wp\/v2\/posts\/6022","targetHints":{"allow":["GET"]}}],"collection":[{"href":"https:\/\/blog.zeit.de\/zeit-der-leser\/wp-json\/wp\/v2\/posts"}],"about":[{"href":"https:\/\/blog.zeit.de\/zeit-der-leser\/wp-json\/wp\/v2\/types\/post"}],"author":[{"embeddable":true,"href":"https:\/\/blog.zeit.de\/zeit-der-leser\/wp-json\/wp\/v2\/users\/323"}],"replies":[{"embeddable":true,"href":"https:\/\/blog.zeit.de\/zeit-der-leser\/wp-json\/wp\/v2\/comments?post=6022"}],"version-history":[{"count":3,"href":"https:\/\/blog.zeit.de\/zeit-der-leser\/wp-json\/wp\/v2\/posts\/6022\/revisions"}],"predecessor-version":[{"id":6025,"href":"https:\/\/blog.zeit.de\/zeit-der-leser\/wp-json\/wp\/v2\/posts\/6022\/revisions\/6025"}],"wp:attachment":[{"href":"https:\/\/blog.zeit.de\/zeit-der-leser\/wp-json\/wp\/v2\/media?parent=6022"}],"wp:term":[{"taxonomy":"category","embeddable":true,"href":"https:\/\/blog.zeit.de\/zeit-der-leser\/wp-json\/wp\/v2\/categories?post=6022"},{"taxonomy":"post_tag","embeddable":true,"href":"https:\/\/blog.zeit.de\/zeit-der-leser\/wp-json\/wp\/v2\/tags?post=6022"}],"curies":[{"name":"wp","href":"https:\/\/api.w.org\/{rel}","templated":true}]}}