{"id":6026,"date":"2011-06-24T10:00:25","date_gmt":"2011-06-24T08:00:25","guid":{"rendered":"http:\/\/blog.zeit.de\/zeit-der-leser\/?p=6026"},"modified":"2015-02-24T18:18:10","modified_gmt":"2015-02-24T17:18:10","slug":"mein-wort-schatz-saumseligkeit","status":"publish","type":"post","link":"https:\/\/blog.zeit.de\/zeit-der-leser\/2011\/06\/24\/mein-wort-schatz-saumseligkeit\/","title":{"rendered":"Saumseligkeit: Mein Wort-Schatz"},"content":{"rendered":"<p>Eine Gelegenheit verpasst, nicht in der allseits geforderten H\u00f6chstgeschwindigkeit gehandelt zu haben \u2013 das ist ein Vers\u00e4umnis. Dieses unglu\u0308ckliche, wie ein abgefahrener Zug nicht mehr einholbare Wort hat mich schon immer abgesto\u00dfen. Wie weich und vertr\u00e4umt wirkt dagegen jene <strong>Saumseligkeit<\/strong>, mit der einstmals derselbe Vorgang umschrieben wurde. Es hei\u00dft, langsamer zu sein als erwartet und mit der Erledigung von Pflichten im Ru\u0308ckstand sein \u2013 dabei aber selig. Eben: saumselig. Die immer ungeduldiger klingende Aufforderung meiner Mutter, vom Spielen endlich ins Haus zu kommen, um zu Abend zu essen; das genu\u0308ssliche Gefu\u0308hl, es immer noch einen Augenblick hinauszuz\u00f6gern \u2013 das war eine der Saumseligkeiten meiner Kindheit. Heute komme ich bisweilen in diesen vorparadiesischen Zustand, wenn ich immer noch eine Weile dabei vergehen lasse, den Pflanzen auf meinem Balkon beim Wachsen zuzusehen und meinen Gedanken nachzugehen. Eigentlich mu\u0308sste ich die Ku\u0308che aufr\u00e4umen, die Wohnung putzen, gro\u00df einkaufen, kochen und waschen, die eine oder andere Rechnung begleichen, Anrufe erledigen und die tausendste EMail schreiben&#8230; Ich kann die dr\u00e4ngenden Rufe f\u00f6rmlich h\u00f6ren, aber ich stelle mich taub. Welch eine Seligkeit!<\/p>\n<p><strong>Antonia Landois<\/strong>, Wu\u0308rzburg<\/p>\n","protected":false},"excerpt":{"rendered":"<p>Eine Gelegenheit verpasst, nicht in der allseits geforderten H\u00f6chstgeschwindigkeit gehandelt zu haben \u2013 das ist ein Vers\u00e4umnis. Dieses unglu\u0308ckliche, wie ein abgefahrener Zug nicht mehr einholbare Wort hat mich schon immer abgesto\u00dfen. Wie weich und vertr\u00e4umt wirkt dagegen jene Saumseligkeit, mit der einstmals derselbe Vorgang umschrieben wurde. Es hei\u00dft, langsamer zu sein als erwartet und [&hellip;]<\/p>\n","protected":false},"author":265,"featured_media":0,"comment_status":"open","ping_status":"open","sticky":false,"template":"","format":"standard","meta":{"_jetpack_memberships_contains_paid_content":false,"footnotes":""},"categories":[5687],"tags":[],"class_list":["post-6026","post","type-post","status-publish","format-standard","hentry","category-mein-wort-schatz"],"yoast_head":"<!-- This site is optimized with the Yoast SEO plugin v21.0 - https:\/\/yoast.com\/wordpress\/plugins\/seo\/ -->\n<title>Saumseligkeit: Mein Wort-Schatz - ZEIT der Leser<\/title>\n<meta name=\"robots\" content=\"index, follow, max-snippet:-1, max-image-preview:large, max-video-preview:-1\" \/>\n<link rel=\"canonical\" href=\"https:\/\/blog.zeit.de\/zeit-der-leser\/2011\/06\/24\/mein-wort-schatz-saumseligkeit\/\" \/>\n<meta property=\"og:locale\" content=\"de_DE\" \/>\n<meta property=\"og:type\" content=\"article\" \/>\n<meta property=\"og:title\" content=\"Saumseligkeit: Mein Wort-Schatz - ZEIT der Leser\" \/>\n<meta property=\"og:description\" content=\"Eine Gelegenheit verpasst, nicht in der allseits geforderten H\u00f6chstgeschwindigkeit gehandelt zu haben \u2013 das ist ein Vers\u00e4umnis. Dieses unglu\u0308ckliche, wie ein abgefahrener Zug nicht mehr einholbare Wort hat mich schon immer abgesto\u00dfen. Wie weich und vertr\u00e4umt wirkt dagegen jene Saumseligkeit, mit der einstmals derselbe Vorgang umschrieben wurde. Es hei\u00dft, langsamer zu sein als erwartet und [&hellip;]\" \/>\n<meta property=\"og:url\" content=\"https:\/\/blog.zeit.de\/zeit-der-leser\/2011\/06\/24\/mein-wort-schatz-saumseligkeit\/\" \/>\n<meta property=\"og:site_name\" content=\"ZEIT der Leser\" \/>\n<meta property=\"article:published_time\" content=\"2011-06-24T08:00:25+00:00\" \/>\n<meta property=\"article:modified_time\" content=\"2015-02-24T17:18:10+00:00\" \/>\n<meta name=\"author\" content=\"&quot;Zeit der Leser&quot;-Redaktion\" \/>\n<meta name=\"twitter:card\" content=\"summary_large_image\" \/>\n<meta name=\"twitter:label1\" content=\"Geschrieben von\" \/>\n\t<meta name=\"twitter:data1\" content=\"\"Zeit der Leser\"-Redaktion\" \/>\n\t<meta name=\"twitter:label2\" content=\"Gesch\u00e4tzte Lesezeit\" \/>\n\t<meta name=\"twitter:data2\" content=\"1\u00a0Minute\" \/>\n<script type=\"application\/ld+json\" class=\"yoast-schema-graph\">{\"@context\":\"https:\/\/schema.org\",\"@graph\":[{\"@type\":\"WebPage\",\"@id\":\"https:\/\/blog.zeit.de\/zeit-der-leser\/2011\/06\/24\/mein-wort-schatz-saumseligkeit\/\",\"url\":\"https:\/\/blog.zeit.de\/zeit-der-leser\/2011\/06\/24\/mein-wort-schatz-saumseligkeit\/\",\"name\":\"Saumseligkeit: Mein Wort-Schatz - ZEIT der Leser\",\"isPartOf\":{\"@id\":\"https:\/\/blog.zeit.de\/zeit-der-leser\/#website\"},\"datePublished\":\"2011-06-24T08:00:25+00:00\",\"dateModified\":\"2015-02-24T17:18:10+00:00\",\"author\":{\"@id\":\"https:\/\/blog.zeit.de\/zeit-der-leser\/#\/schema\/person\/583b14e5ad6368c23af846ecbde9f20f\"},\"breadcrumb\":{\"@id\":\"https:\/\/blog.zeit.de\/zeit-der-leser\/2011\/06\/24\/mein-wort-schatz-saumseligkeit\/#breadcrumb\"},\"inLanguage\":\"de\",\"potentialAction\":[{\"@type\":\"ReadAction\",\"target\":[\"https:\/\/blog.zeit.de\/zeit-der-leser\/2011\/06\/24\/mein-wort-schatz-saumseligkeit\/\"]}]},{\"@type\":\"BreadcrumbList\",\"@id\":\"https:\/\/blog.zeit.de\/zeit-der-leser\/2011\/06\/24\/mein-wort-schatz-saumseligkeit\/#breadcrumb\",\"itemListElement\":[{\"@type\":\"ListItem\",\"position\":1,\"name\":\"Startseite\",\"item\":\"https:\/\/blog.zeit.de\/zeit-der-leser\/\"},{\"@type\":\"ListItem\",\"position\":2,\"name\":\"Saumseligkeit: Mein Wort-Schatz\"}]},{\"@type\":\"WebSite\",\"@id\":\"https:\/\/blog.zeit.de\/zeit-der-leser\/#website\",\"url\":\"https:\/\/blog.zeit.de\/zeit-der-leser\/\",\"name\":\"ZEIT der Leser\",\"description\":\"Ein Blog mit Ihren Notizen, Gedichten und Bildern f\u00fcr die gedruckte ZEIT\",\"potentialAction\":[{\"@type\":\"SearchAction\",\"target\":{\"@type\":\"EntryPoint\",\"urlTemplate\":\"https:\/\/blog.zeit.de\/zeit-der-leser\/?s={search_term_string}\"},\"query-input\":\"required name=search_term_string\"}],\"inLanguage\":\"de\"},{\"@type\":\"Person\",\"@id\":\"https:\/\/blog.zeit.de\/zeit-der-leser\/#\/schema\/person\/583b14e5ad6368c23af846ecbde9f20f\",\"name\":\"\\\"Zeit der Leser\\\"-Redaktion\",\"image\":{\"@type\":\"ImageObject\",\"inLanguage\":\"de\",\"@id\":\"https:\/\/blog.zeit.de\/zeit-der-leser\/#\/schema\/person\/image\/\",\"url\":\"https:\/\/secure.gravatar.com\/avatar\/e801a681bd3bbf2345131a815930b48d9f8e0a94de1346b624840dc850f67ad0?s=96&d=mm&r=g\",\"contentUrl\":\"https:\/\/secure.gravatar.com\/avatar\/e801a681bd3bbf2345131a815930b48d9f8e0a94de1346b624840dc850f67ad0?s=96&d=mm&r=g\",\"caption\":\"\\\"Zeit der Leser\\\"-Redaktion\"},\"url\":\"https:\/\/blog.zeit.de\/zeit-der-leser\/author\/zeit-der-leser-redaktion\/\"}]}<\/script>\n<!-- \/ Yoast SEO plugin. -->","yoast_head_json":{"title":"Saumseligkeit: Mein Wort-Schatz - ZEIT der Leser","robots":{"index":"index","follow":"follow","max-snippet":"max-snippet:-1","max-image-preview":"max-image-preview:large","max-video-preview":"max-video-preview:-1"},"canonical":"https:\/\/blog.zeit.de\/zeit-der-leser\/2011\/06\/24\/mein-wort-schatz-saumseligkeit\/","og_locale":"de_DE","og_type":"article","og_title":"Saumseligkeit: Mein Wort-Schatz - ZEIT der Leser","og_description":"Eine Gelegenheit verpasst, nicht in der allseits geforderten H\u00f6chstgeschwindigkeit gehandelt zu haben \u2013 das ist ein Vers\u00e4umnis. Dieses unglu\u0308ckliche, wie ein abgefahrener Zug nicht mehr einholbare Wort hat mich schon immer abgesto\u00dfen. Wie weich und vertr\u00e4umt wirkt dagegen jene Saumseligkeit, mit der einstmals derselbe Vorgang umschrieben wurde. Es hei\u00dft, langsamer zu sein als erwartet und [&hellip;]","og_url":"https:\/\/blog.zeit.de\/zeit-der-leser\/2011\/06\/24\/mein-wort-schatz-saumseligkeit\/","og_site_name":"ZEIT der Leser","article_published_time":"2011-06-24T08:00:25+00:00","article_modified_time":"2015-02-24T17:18:10+00:00","author":"\"Zeit der Leser\"-Redaktion","twitter_card":"summary_large_image","twitter_misc":{"Geschrieben von":"\"Zeit der Leser\"-Redaktion","Gesch\u00e4tzte Lesezeit":"1\u00a0Minute"},"schema":{"@context":"https:\/\/schema.org","@graph":[{"@type":"WebPage","@id":"https:\/\/blog.zeit.de\/zeit-der-leser\/2011\/06\/24\/mein-wort-schatz-saumseligkeit\/","url":"https:\/\/blog.zeit.de\/zeit-der-leser\/2011\/06\/24\/mein-wort-schatz-saumseligkeit\/","name":"Saumseligkeit: Mein Wort-Schatz - ZEIT der Leser","isPartOf":{"@id":"https:\/\/blog.zeit.de\/zeit-der-leser\/#website"},"datePublished":"2011-06-24T08:00:25+00:00","dateModified":"2015-02-24T17:18:10+00:00","author":{"@id":"https:\/\/blog.zeit.de\/zeit-der-leser\/#\/schema\/person\/583b14e5ad6368c23af846ecbde9f20f"},"breadcrumb":{"@id":"https:\/\/blog.zeit.de\/zeit-der-leser\/2011\/06\/24\/mein-wort-schatz-saumseligkeit\/#breadcrumb"},"inLanguage":"de","potentialAction":[{"@type":"ReadAction","target":["https:\/\/blog.zeit.de\/zeit-der-leser\/2011\/06\/24\/mein-wort-schatz-saumseligkeit\/"]}]},{"@type":"BreadcrumbList","@id":"https:\/\/blog.zeit.de\/zeit-der-leser\/2011\/06\/24\/mein-wort-schatz-saumseligkeit\/#breadcrumb","itemListElement":[{"@type":"ListItem","position":1,"name":"Startseite","item":"https:\/\/blog.zeit.de\/zeit-der-leser\/"},{"@type":"ListItem","position":2,"name":"Saumseligkeit: Mein Wort-Schatz"}]},{"@type":"WebSite","@id":"https:\/\/blog.zeit.de\/zeit-der-leser\/#website","url":"https:\/\/blog.zeit.de\/zeit-der-leser\/","name":"ZEIT der Leser","description":"Ein Blog mit Ihren Notizen, Gedichten und Bildern f\u00fcr die gedruckte ZEIT","potentialAction":[{"@type":"SearchAction","target":{"@type":"EntryPoint","urlTemplate":"https:\/\/blog.zeit.de\/zeit-der-leser\/?s={search_term_string}"},"query-input":"required name=search_term_string"}],"inLanguage":"de"},{"@type":"Person","@id":"https:\/\/blog.zeit.de\/zeit-der-leser\/#\/schema\/person\/583b14e5ad6368c23af846ecbde9f20f","name":"\"Zeit der Leser\"-Redaktion","image":{"@type":"ImageObject","inLanguage":"de","@id":"https:\/\/blog.zeit.de\/zeit-der-leser\/#\/schema\/person\/image\/","url":"https:\/\/secure.gravatar.com\/avatar\/e801a681bd3bbf2345131a815930b48d9f8e0a94de1346b624840dc850f67ad0?s=96&d=mm&r=g","contentUrl":"https:\/\/secure.gravatar.com\/avatar\/e801a681bd3bbf2345131a815930b48d9f8e0a94de1346b624840dc850f67ad0?s=96&d=mm&r=g","caption":"\"Zeit der Leser\"-Redaktion"},"url":"https:\/\/blog.zeit.de\/zeit-der-leser\/author\/zeit-der-leser-redaktion\/"}]}},"jetpack_featured_media_url":"","jetpack_sharing_enabled":true,"_links":{"self":[{"href":"https:\/\/blog.zeit.de\/zeit-der-leser\/wp-json\/wp\/v2\/posts\/6026","targetHints":{"allow":["GET"]}}],"collection":[{"href":"https:\/\/blog.zeit.de\/zeit-der-leser\/wp-json\/wp\/v2\/posts"}],"about":[{"href":"https:\/\/blog.zeit.de\/zeit-der-leser\/wp-json\/wp\/v2\/types\/post"}],"author":[{"embeddable":true,"href":"https:\/\/blog.zeit.de\/zeit-der-leser\/wp-json\/wp\/v2\/users\/265"}],"replies":[{"embeddable":true,"href":"https:\/\/blog.zeit.de\/zeit-der-leser\/wp-json\/wp\/v2\/comments?post=6026"}],"version-history":[{"count":5,"href":"https:\/\/blog.zeit.de\/zeit-der-leser\/wp-json\/wp\/v2\/posts\/6026\/revisions"}],"predecessor-version":[{"id":19875,"href":"https:\/\/blog.zeit.de\/zeit-der-leser\/wp-json\/wp\/v2\/posts\/6026\/revisions\/19875"}],"wp:attachment":[{"href":"https:\/\/blog.zeit.de\/zeit-der-leser\/wp-json\/wp\/v2\/media?parent=6026"}],"wp:term":[{"taxonomy":"category","embeddable":true,"href":"https:\/\/blog.zeit.de\/zeit-der-leser\/wp-json\/wp\/v2\/categories?post=6026"},{"taxonomy":"post_tag","embeddable":true,"href":"https:\/\/blog.zeit.de\/zeit-der-leser\/wp-json\/wp\/v2\/tags?post=6026"}],"curies":[{"name":"wp","href":"https:\/\/api.w.org\/{rel}","templated":true}]}}