{"id":6135,"date":"2011-07-06T18:00:57","date_gmt":"2011-07-06T16:00:57","guid":{"rendered":"http:\/\/blog.zeit.de\/zeit-der-leser\/?p=6135"},"modified":"2015-02-24T18:17:28","modified_gmt":"2015-02-24T17:17:28","slug":"mein-wort-schatz-pampelmuse","status":"publish","type":"post","link":"https:\/\/blog.zeit.de\/zeit-der-leser\/2011\/07\/06\/mein-wort-schatz-pampelmuse\/","title":{"rendered":"Pampelmuse: Mein Wort-Schatz"},"content":{"rendered":"<p>Als ich Kind war, gab es Kolonialwarenl\u00e4den, die fu\u0308hrten Zitronen, Apfelsinen, Mandarinen und Pampelmusen. Dann kamen Krieg und Nachkriegszeit, das Angebot verschwand. Erst nach Einfu\u0308hrung der D-Mark \u00e4nderte sich die Lage. Kolonialwarenl\u00e4den wurden zu Superm\u00e4rkten, Apfelsinen nannte man jetzt Orangen. Meinetwegen. Aber als das herrliche Wort <strong>Pampelmuse<\/strong> durch Grapefruit ersetzt wurde, empfand ich das als Verlust. Pam-pel-mu-se! Das singt und klingt, birgt Vorfreude auf den Verzehr, bringt Glu\u0308ck beim Essen und hinterl\u00e4sst Wohlsein danach. Doch heute wissen viele damit nichts mehr anzufangen. Pampelmuse? Was soll das sein? Ich aber hu\u0308te das Wort als Schatz \u2013 und freue mich, wenn ich es bei einem Besuch bei unseren westlichen Nachbarn h\u00f6re: <strong>\u00bble pamplemousse\u00ab<\/strong>. In Frankreich existiert es, neben der Grapefruit, glu\u0308cklicherweise weiter fort.<\/p>\n<p><strong>Reinhart Riehm<\/strong>, Dreieich<\/p>\n","protected":false},"excerpt":{"rendered":"<p>Als ich Kind war, gab es Kolonialwarenl\u00e4den, die fu\u0308hrten Zitronen, Apfelsinen, Mandarinen und Pampelmusen. Dann kamen Krieg und Nachkriegszeit, das Angebot verschwand. Erst nach Einfu\u0308hrung der D-Mark \u00e4nderte sich die Lage. Kolonialwarenl\u00e4den wurden zu Superm\u00e4rkten, Apfelsinen nannte man jetzt Orangen. Meinetwegen. Aber als das herrliche Wort Pampelmuse durch Grapefruit ersetzt wurde, empfand ich das als [&hellip;]<\/p>\n","protected":false},"author":265,"featured_media":0,"comment_status":"open","ping_status":"open","sticky":false,"template":"","format":"standard","meta":{"_jetpack_memberships_contains_paid_content":false,"footnotes":""},"categories":[5687],"tags":[],"class_list":["post-6135","post","type-post","status-publish","format-standard","hentry","category-mein-wort-schatz"],"yoast_head":"<!-- This site is optimized with the Yoast SEO plugin v21.0 - https:\/\/yoast.com\/wordpress\/plugins\/seo\/ -->\n<title>Pampelmuse: Mein Wort-Schatz - ZEIT der Leser<\/title>\n<meta name=\"robots\" content=\"index, follow, max-snippet:-1, max-image-preview:large, max-video-preview:-1\" \/>\n<link rel=\"canonical\" href=\"https:\/\/blog.zeit.de\/zeit-der-leser\/2011\/07\/06\/mein-wort-schatz-pampelmuse\/\" \/>\n<meta property=\"og:locale\" content=\"de_DE\" \/>\n<meta property=\"og:type\" content=\"article\" \/>\n<meta property=\"og:title\" content=\"Pampelmuse: Mein Wort-Schatz - ZEIT der Leser\" \/>\n<meta property=\"og:description\" content=\"Als ich Kind war, gab es Kolonialwarenl\u00e4den, die fu\u0308hrten Zitronen, Apfelsinen, Mandarinen und Pampelmusen. Dann kamen Krieg und Nachkriegszeit, das Angebot verschwand. Erst nach Einfu\u0308hrung der D-Mark \u00e4nderte sich die Lage. Kolonialwarenl\u00e4den wurden zu Superm\u00e4rkten, Apfelsinen nannte man jetzt Orangen. Meinetwegen. Aber als das herrliche Wort Pampelmuse durch Grapefruit ersetzt wurde, empfand ich das als [&hellip;]\" \/>\n<meta property=\"og:url\" content=\"https:\/\/blog.zeit.de\/zeit-der-leser\/2011\/07\/06\/mein-wort-schatz-pampelmuse\/\" \/>\n<meta property=\"og:site_name\" content=\"ZEIT der Leser\" \/>\n<meta property=\"article:published_time\" content=\"2011-07-06T16:00:57+00:00\" \/>\n<meta property=\"article:modified_time\" content=\"2015-02-24T17:17:28+00:00\" \/>\n<meta name=\"author\" content=\"&quot;Zeit der Leser&quot;-Redaktion\" \/>\n<meta name=\"twitter:card\" content=\"summary_large_image\" \/>\n<meta name=\"twitter:label1\" content=\"Geschrieben von\" \/>\n\t<meta name=\"twitter:data1\" content=\"\"Zeit der Leser\"-Redaktion\" \/>\n\t<meta name=\"twitter:label2\" content=\"Gesch\u00e4tzte Lesezeit\" \/>\n\t<meta name=\"twitter:data2\" content=\"1\u00a0Minute\" \/>\n<script type=\"application\/ld+json\" class=\"yoast-schema-graph\">{\"@context\":\"https:\/\/schema.org\",\"@graph\":[{\"@type\":\"WebPage\",\"@id\":\"https:\/\/blog.zeit.de\/zeit-der-leser\/2011\/07\/06\/mein-wort-schatz-pampelmuse\/\",\"url\":\"https:\/\/blog.zeit.de\/zeit-der-leser\/2011\/07\/06\/mein-wort-schatz-pampelmuse\/\",\"name\":\"Pampelmuse: Mein Wort-Schatz - ZEIT der Leser\",\"isPartOf\":{\"@id\":\"https:\/\/blog.zeit.de\/zeit-der-leser\/#website\"},\"datePublished\":\"2011-07-06T16:00:57+00:00\",\"dateModified\":\"2015-02-24T17:17:28+00:00\",\"author\":{\"@id\":\"https:\/\/blog.zeit.de\/zeit-der-leser\/#\/schema\/person\/583b14e5ad6368c23af846ecbde9f20f\"},\"breadcrumb\":{\"@id\":\"https:\/\/blog.zeit.de\/zeit-der-leser\/2011\/07\/06\/mein-wort-schatz-pampelmuse\/#breadcrumb\"},\"inLanguage\":\"de\",\"potentialAction\":[{\"@type\":\"ReadAction\",\"target\":[\"https:\/\/blog.zeit.de\/zeit-der-leser\/2011\/07\/06\/mein-wort-schatz-pampelmuse\/\"]}]},{\"@type\":\"BreadcrumbList\",\"@id\":\"https:\/\/blog.zeit.de\/zeit-der-leser\/2011\/07\/06\/mein-wort-schatz-pampelmuse\/#breadcrumb\",\"itemListElement\":[{\"@type\":\"ListItem\",\"position\":1,\"name\":\"Startseite\",\"item\":\"https:\/\/blog.zeit.de\/zeit-der-leser\/\"},{\"@type\":\"ListItem\",\"position\":2,\"name\":\"Pampelmuse: Mein Wort-Schatz\"}]},{\"@type\":\"WebSite\",\"@id\":\"https:\/\/blog.zeit.de\/zeit-der-leser\/#website\",\"url\":\"https:\/\/blog.zeit.de\/zeit-der-leser\/\",\"name\":\"ZEIT der Leser\",\"description\":\"Ein Blog mit Ihren Notizen, Gedichten und Bildern f\u00fcr die gedruckte ZEIT\",\"potentialAction\":[{\"@type\":\"SearchAction\",\"target\":{\"@type\":\"EntryPoint\",\"urlTemplate\":\"https:\/\/blog.zeit.de\/zeit-der-leser\/?s={search_term_string}\"},\"query-input\":\"required name=search_term_string\"}],\"inLanguage\":\"de\"},{\"@type\":\"Person\",\"@id\":\"https:\/\/blog.zeit.de\/zeit-der-leser\/#\/schema\/person\/583b14e5ad6368c23af846ecbde9f20f\",\"name\":\"\\\"Zeit der Leser\\\"-Redaktion\",\"image\":{\"@type\":\"ImageObject\",\"inLanguage\":\"de\",\"@id\":\"https:\/\/blog.zeit.de\/zeit-der-leser\/#\/schema\/person\/image\/\",\"url\":\"https:\/\/secure.gravatar.com\/avatar\/e801a681bd3bbf2345131a815930b48d9f8e0a94de1346b624840dc850f67ad0?s=96&d=mm&r=g\",\"contentUrl\":\"https:\/\/secure.gravatar.com\/avatar\/e801a681bd3bbf2345131a815930b48d9f8e0a94de1346b624840dc850f67ad0?s=96&d=mm&r=g\",\"caption\":\"\\\"Zeit der Leser\\\"-Redaktion\"},\"url\":\"https:\/\/blog.zeit.de\/zeit-der-leser\/author\/zeit-der-leser-redaktion\/\"}]}<\/script>\n<!-- \/ Yoast SEO plugin. -->","yoast_head_json":{"title":"Pampelmuse: Mein Wort-Schatz - ZEIT der Leser","robots":{"index":"index","follow":"follow","max-snippet":"max-snippet:-1","max-image-preview":"max-image-preview:large","max-video-preview":"max-video-preview:-1"},"canonical":"https:\/\/blog.zeit.de\/zeit-der-leser\/2011\/07\/06\/mein-wort-schatz-pampelmuse\/","og_locale":"de_DE","og_type":"article","og_title":"Pampelmuse: Mein Wort-Schatz - ZEIT der Leser","og_description":"Als ich Kind war, gab es Kolonialwarenl\u00e4den, die fu\u0308hrten Zitronen, Apfelsinen, Mandarinen und Pampelmusen. Dann kamen Krieg und Nachkriegszeit, das Angebot verschwand. Erst nach Einfu\u0308hrung der D-Mark \u00e4nderte sich die Lage. Kolonialwarenl\u00e4den wurden zu Superm\u00e4rkten, Apfelsinen nannte man jetzt Orangen. Meinetwegen. Aber als das herrliche Wort Pampelmuse durch Grapefruit ersetzt wurde, empfand ich das als [&hellip;]","og_url":"https:\/\/blog.zeit.de\/zeit-der-leser\/2011\/07\/06\/mein-wort-schatz-pampelmuse\/","og_site_name":"ZEIT der Leser","article_published_time":"2011-07-06T16:00:57+00:00","article_modified_time":"2015-02-24T17:17:28+00:00","author":"\"Zeit der Leser\"-Redaktion","twitter_card":"summary_large_image","twitter_misc":{"Geschrieben von":"\"Zeit der Leser\"-Redaktion","Gesch\u00e4tzte Lesezeit":"1\u00a0Minute"},"schema":{"@context":"https:\/\/schema.org","@graph":[{"@type":"WebPage","@id":"https:\/\/blog.zeit.de\/zeit-der-leser\/2011\/07\/06\/mein-wort-schatz-pampelmuse\/","url":"https:\/\/blog.zeit.de\/zeit-der-leser\/2011\/07\/06\/mein-wort-schatz-pampelmuse\/","name":"Pampelmuse: Mein Wort-Schatz - ZEIT der Leser","isPartOf":{"@id":"https:\/\/blog.zeit.de\/zeit-der-leser\/#website"},"datePublished":"2011-07-06T16:00:57+00:00","dateModified":"2015-02-24T17:17:28+00:00","author":{"@id":"https:\/\/blog.zeit.de\/zeit-der-leser\/#\/schema\/person\/583b14e5ad6368c23af846ecbde9f20f"},"breadcrumb":{"@id":"https:\/\/blog.zeit.de\/zeit-der-leser\/2011\/07\/06\/mein-wort-schatz-pampelmuse\/#breadcrumb"},"inLanguage":"de","potentialAction":[{"@type":"ReadAction","target":["https:\/\/blog.zeit.de\/zeit-der-leser\/2011\/07\/06\/mein-wort-schatz-pampelmuse\/"]}]},{"@type":"BreadcrumbList","@id":"https:\/\/blog.zeit.de\/zeit-der-leser\/2011\/07\/06\/mein-wort-schatz-pampelmuse\/#breadcrumb","itemListElement":[{"@type":"ListItem","position":1,"name":"Startseite","item":"https:\/\/blog.zeit.de\/zeit-der-leser\/"},{"@type":"ListItem","position":2,"name":"Pampelmuse: Mein Wort-Schatz"}]},{"@type":"WebSite","@id":"https:\/\/blog.zeit.de\/zeit-der-leser\/#website","url":"https:\/\/blog.zeit.de\/zeit-der-leser\/","name":"ZEIT der Leser","description":"Ein Blog mit Ihren Notizen, Gedichten und Bildern f\u00fcr die gedruckte ZEIT","potentialAction":[{"@type":"SearchAction","target":{"@type":"EntryPoint","urlTemplate":"https:\/\/blog.zeit.de\/zeit-der-leser\/?s={search_term_string}"},"query-input":"required name=search_term_string"}],"inLanguage":"de"},{"@type":"Person","@id":"https:\/\/blog.zeit.de\/zeit-der-leser\/#\/schema\/person\/583b14e5ad6368c23af846ecbde9f20f","name":"\"Zeit der Leser\"-Redaktion","image":{"@type":"ImageObject","inLanguage":"de","@id":"https:\/\/blog.zeit.de\/zeit-der-leser\/#\/schema\/person\/image\/","url":"https:\/\/secure.gravatar.com\/avatar\/e801a681bd3bbf2345131a815930b48d9f8e0a94de1346b624840dc850f67ad0?s=96&d=mm&r=g","contentUrl":"https:\/\/secure.gravatar.com\/avatar\/e801a681bd3bbf2345131a815930b48d9f8e0a94de1346b624840dc850f67ad0?s=96&d=mm&r=g","caption":"\"Zeit der Leser\"-Redaktion"},"url":"https:\/\/blog.zeit.de\/zeit-der-leser\/author\/zeit-der-leser-redaktion\/"}]}},"jetpack_featured_media_url":"","jetpack_sharing_enabled":true,"_links":{"self":[{"href":"https:\/\/blog.zeit.de\/zeit-der-leser\/wp-json\/wp\/v2\/posts\/6135","targetHints":{"allow":["GET"]}}],"collection":[{"href":"https:\/\/blog.zeit.de\/zeit-der-leser\/wp-json\/wp\/v2\/posts"}],"about":[{"href":"https:\/\/blog.zeit.de\/zeit-der-leser\/wp-json\/wp\/v2\/types\/post"}],"author":[{"embeddable":true,"href":"https:\/\/blog.zeit.de\/zeit-der-leser\/wp-json\/wp\/v2\/users\/265"}],"replies":[{"embeddable":true,"href":"https:\/\/blog.zeit.de\/zeit-der-leser\/wp-json\/wp\/v2\/comments?post=6135"}],"version-history":[{"count":5,"href":"https:\/\/blog.zeit.de\/zeit-der-leser\/wp-json\/wp\/v2\/posts\/6135\/revisions"}],"predecessor-version":[{"id":19873,"href":"https:\/\/blog.zeit.de\/zeit-der-leser\/wp-json\/wp\/v2\/posts\/6135\/revisions\/19873"}],"wp:attachment":[{"href":"https:\/\/blog.zeit.de\/zeit-der-leser\/wp-json\/wp\/v2\/media?parent=6135"}],"wp:term":[{"taxonomy":"category","embeddable":true,"href":"https:\/\/blog.zeit.de\/zeit-der-leser\/wp-json\/wp\/v2\/categories?post=6135"},{"taxonomy":"post_tag","embeddable":true,"href":"https:\/\/blog.zeit.de\/zeit-der-leser\/wp-json\/wp\/v2\/tags?post=6135"}],"curies":[{"name":"wp","href":"https:\/\/api.w.org\/{rel}","templated":true}]}}